{"id":68915,"date":"2015-10-14T05:34:47","date_gmt":"2015-10-14T03:34:47","guid":{"rendered":"http:\/\/gazdasagportal.hu\/?p=68915"},"modified":"2015-10-13T21:21:11","modified_gmt":"2015-10-13T19:21:11","slug":"buncselekmennye-nyilvanitja-a-brit-kormany-a-bevandorlok-illegalis-munkavallalasat","status":"publish","type":"post","link":"https:\/\/gazdasagportal.hu\/index.php\/buncselekmennye-nyilvanitja-a-brit-kormany-a-bevandorlok-illegalis-munkavallalasat\/","title":{"rendered":"B\u0171ncselekm\u00e9nny\u00e9 nyilv\u00e1n\u00edtja a brit korm\u00e1ny a bev\u00e1ndorl\u00f3k illeg\u00e1lis munkav\u00e1llal\u00e1s\u00e1t"},"content":{"rendered":"<p><strong>B\u0171ncselekm\u00e9nny\u00e9 nyilv\u00e1n\u00edtja a brit korm\u00e1ny az olyan bev\u00e1ndorl\u00f3k munkav\u00e1llal\u00e1s\u00e1t \u00e9s foglalkoztat\u00e1s\u00e1t, akiknek nincs tart\u00f3zkod\u00e1si jogc\u00edm\u00fck Nagy-Britanni\u00e1ban, \u00e9s a nekik sz\u00e1ll\u00e1st b\u00e9rbead\u00f3 lak\u00e1stulajdonosok is s\u00falyos b\u00fcntet\u00e9sekre sz\u00e1m\u00edthatnak. Az err\u0151l sz\u00f3l\u00f3 szigor\u00edt\u00f3 t\u00f6rv\u00e9nyjavaslat r\u00e9szletes vit\u00e1ja kedd este kezd\u0151d\u00f6tt a londoni als\u00f3h\u00e1zban.<\/strong><!--more--><\/p>\n<div class=\"ads-in-post1\"><div id=\"gazdasagportal.hu_fullbanner_wideboard\"><\/div>\r\n<\/div>\n<p>    A tervezetb\u0151l id\u00e9zve Theresa May brit bel\u00fcgyminiszter a k\u00e9pvisel\u0151knek elmondta: az illeg\u00e1lis munkav\u00e1llal\u00e1s\u00e9rt a m\u00f3dos\u00edt\u00e1s elfogad\u00e1sa eset\u00e9n hat h\u00f3napig terjed\u0151 szabads\u00e1gveszt\u00e9s lesz kir\u00f3hat\u00f3. Mivel pedig a t\u00f6rv\u00e9nym\u00f3dos\u00edt\u00e1s alapj\u00e1n b\u0171ncselekm\u00e9nynek sz\u00e1m\u00edtana a jogc\u00edm n\u00e9lk\u00fcli bev\u00e1ndorl\u00f3k illeg\u00e1lis nagy-britanniai munkav\u00e9gz\u00e9se, a nekik foly\u00f3s\u00edtott b\u00e9r is b\u0171ncselekm\u00e9nyb\u0151l sz\u00e1rmaz\u00f3 j\u00f6vedelemnek min\u0151s\u00fcl majd, \u00e9s a brit hat\u00f3s\u00e1gok ennek alapj\u00e1n lefoglalhatj\u00e1k e j\u00f6vedelmeket.<br \/>\n    A konzervat\u00edv p\u00e1rti korm\u00e1ny igyekszik ellehetetleni az illeg\u00e1lis bev\u00e1ndorl\u00f3k lakhat\u00e1s\u00e1t is. A tervezet szerint ugyanis az ingatlanaikat kiad\u00f3 lak\u00e1stulajdonosok t\u00f6rv\u00e9nyi k\u00f6teless\u00e9ge lesz a k\u00fclf\u00f6ldi b\u00e9rl\u0151k kil\u00e9t\u00e9nek pontos ellen\u0151rz\u00e9se. Ehhez meg kell vizsg\u00e1lniuk \u00fatlevel\u00fcket, v\u00edzumk\u00f6teles b\u00e9rl\u0151k eset\u00e9ben pedig azt is, hogy van-e \u00e9rv\u00e9nyes nagy-britanniai tart\u00f3zkod\u00e1si enged\u00e9ly\u00fck, \u00e9s gyan\u00fa eset\u00e9n a hat\u00f3s\u00e1gokhoz kell fordulniuk.<br \/>\n    Ennek elmulaszt\u00e1sa szint\u00e9n szabads\u00e1gveszt\u00e9st vagy p\u00e9nzb\u00edrs\u00e1got vonhat maga ut\u00e1n.<br \/>\n    A brit korm\u00e1ny emellett b\u0171ncselekm\u00e9nny\u00e9 k\u00edv\u00e1nja nyilv\u00e1n\u00edtani azt is, ha a brit munkak\u00f6zvet\u00edt\u0151 \u00fcgyn\u00f6ks\u00e9gek csak k\u00fclf\u00f6ld\u00f6n toboroznak munkaer\u0151t nagy-britanniai \u00e1ll\u00e1sokra, an\u00e9lk\u00fcl, hogy ezeket a munkahelyeket Nagy-Britanni\u00e1ban, angol nyelven is meghirdetn\u00e9k.<br \/>\n    A tervezett el\u0151\u00edr\u00e1sok k\u00f6z\u00f6tt szerepel, hogy a brit k\u00f6zigazgat\u00e1sban elhelyezked\u0151 k\u00fclf\u00f6ldi munkav\u00e1llal\u00f3knak &#8211; f\u0151leg olyan munkak\u00f6r\u00f6kben, amelyekben k\u00f6zvetlen kapcsolatba ker\u00fclnek a lakoss\u00e1ggal &#8211; foly\u00e9konyan kell besz\u00e9lni\u00fck angolul.<br \/>\n    Theresa May szerint e szigor\u00edt\u00e1soknak az a c\u00e9ljuk, hogy a brit \u00e1llampolg\u00e1rok \u00e9s a Nagy-Britanni\u00e1ban t\u00f6rv\u00e9nyesen letelep\u00fcl\u0151 k\u00fclf\u00f6ldiek sz\u00e1m\u00e1ra &#8222;igazs\u00e1gosabb&#8221; jogi k\u00f6rnyezetet teremtsenek. A bel\u00fcgyminiszter kijelentette: az illeg\u00e1lis nagy-britanniai munkav\u00e1llal\u00e1s lehet\u0151s\u00e9ge volt eddig az illeg\u00e1lis bev\u00e1ndorl\u00e1s f\u0151 hajt\u00f3ereje.<br \/>\n    Theresa May m\u00e1r a korm\u00e1nyz\u00f3 Konzervat\u00edv P\u00e1rt m\u00falt heti \u00e9ves kongresszus\u00e1n elmondott besz\u00e9d\u00e9ben is r\u00e9szletesen foglalkozott az illeg\u00e1lis bev\u00e1ndorl\u00e1ssal. Kijelentette: nem szabad azonos elb\u00edr\u00e1l\u00e1s al\u00e1 venni a t\u00e9nyleges menek\u00fclteket a gazdas\u00e1gi migr\u00e1nsokkal.<br \/>\n    &#8222;Teljesen \u00e9rthet\u0151 a jobb \u00e9let ut\u00e1ni v\u00e1gy&#8221;, de minden orsz\u00e1g csak korl\u00e1tozott sz\u00e1mban tud befogadni bev\u00e1ndorl\u00f3kat. Nagy-Britanni\u00e1ban is milli\u00f3k szeretn\u00e9nek \u00e9lni, de a t\u00f6meges bev\u00e1ndorl\u00e1s ellehetetlen\u00edti a t\u00e1rsadalmi koh\u00e9zi\u00f3t &#8211; mondta a manchesteri kongresszuson a brit bel\u00fcgyminiszter.(MTI)<\/p>\n","protected":false},"excerpt":{"rendered":"<p>B\u0171ncselekm\u00e9nny\u00e9 nyilv\u00e1n\u00edtja a brit korm\u00e1ny az olyan bev\u00e1ndorl\u00f3k munkav\u00e1llal\u00e1s\u00e1t \u00e9s foglalkoztat\u00e1s\u00e1t, akiknek nincs tart\u00f3zkod\u00e1si jogc\u00edm\u00fck Nagy-Britanni\u00e1ban, \u00e9s a nekik sz\u00e1ll\u00e1st b\u00e9rbead\u00f3 lak\u00e1stulajdonosok is s\u00falyos b\u00fcntet\u00e9sekre sz\u00e1m\u00edthatnak. Az err\u0151l sz\u00f3l\u00f3 szigor\u00edt\u00f3 t\u00f6rv\u00e9nyjavaslat r\u00e9szletes vit\u00e1ja kedd este kezd\u0151d\u00f6tt a londoni als\u00f3h\u00e1zban.<\/p>\n","protected":false},"author":1,"featured_media":0,"comment_status":"open","ping_status":"closed","sticky":false,"template":"","format":"standard","meta":[],"categories":[12],"tags":[],"_links":{"self":[{"href":"https:\/\/gazdasagportal.hu\/index.php\/wp-json\/wp\/v2\/posts\/68915"}],"collection":[{"href":"https:\/\/gazdasagportal.hu\/index.php\/wp-json\/wp\/v2\/posts"}],"about":[{"href":"https:\/\/gazdasagportal.hu\/index.php\/wp-json\/wp\/v2\/types\/post"}],"author":[{"embeddable":true,"href":"https:\/\/gazdasagportal.hu\/index.php\/wp-json\/wp\/v2\/users\/1"}],"replies":[{"embeddable":true,"href":"https:\/\/gazdasagportal.hu\/index.php\/wp-json\/wp\/v2\/comments?post=68915"}],"version-history":[{"count":1,"href":"https:\/\/gazdasagportal.hu\/index.php\/wp-json\/wp\/v2\/posts\/68915\/revisions"}],"predecessor-version":[{"id":68916,"href":"https:\/\/gazdasagportal.hu\/index.php\/wp-json\/wp\/v2\/posts\/68915\/revisions\/68916"}],"wp:attachment":[{"href":"https:\/\/gazdasagportal.hu\/index.php\/wp-json\/wp\/v2\/media?parent=68915"}],"wp:term":[{"taxonomy":"category","embeddable":true,"href":"https:\/\/gazdasagportal.hu\/index.php\/wp-json\/wp\/v2\/categories?post=68915"},{"taxonomy":"post_tag","embeddable":true,"href":"https:\/\/gazdasagportal.hu\/index.php\/wp-json\/wp\/v2\/tags?post=68915"}],"curies":[{"name":"wp","href":"https:\/\/api.w.org\/{rel}","templated":true}]}}