{"id":68909,"date":"2015-10-14T03:36:12","date_gmt":"2015-10-14T01:36:12","guid":{"rendered":"http:\/\/gazdasagportal.hu\/?p=68909"},"modified":"2015-10-13T21:09:29","modified_gmt":"2015-10-13T19:09:29","slug":"gazdasagelenkito-es-tarsadalomfejleszto-hatasa-van-a-szelessavu-internetnek","status":"publish","type":"post","link":"https:\/\/gazdasagportal.hu\/index.php\/gazdasagelenkito-es-tarsadalomfejleszto-hatasa-van-a-szelessavu-internetnek\/","title":{"rendered":"Gazdas\u00e1g\u00e9l\u00e9nk\u00edt\u0151 \u00e9s t\u00e1rsadalomfejleszt\u0151 hat\u00e1sa van a sz\u00e9less\u00e1v\u00fa internetnek"},"content":{"rendered":"<p><strong>A gazdas\u00e1gi n\u00f6veked\u00e9s gyors\u00edt\u00e1sa, a versenyk\u00e9pess\u00e9g fokoz\u00e1sa \u00e9s az \u00e9letsz\u00ednvonal emel\u00e9se kulcsfontoss\u00e1g\u00fa felt\u00e9telek\u00e9nt a t\u00e1rsadalmi digitaliz\u00e1ci\u00f3 folyamat\u00e1nak felgyors\u00edt\u00e1s\u00e1t szorgalmazt\u00e1k elismert t\u00e1vk\u00f6zl\u00e9si szakemberek a Nemzetk\u00f6zi T\u00e1vk\u00f6zl\u00e9si Egyes\u00fclet (ITU) budapesti konferenci\u00e1j\u00e1n kedden tartott &#8222;sz\u00e9lesebb s\u00e1von a j\u00f6v\u0151be&#8221; f\u00f3rumon.<\/strong><!--more--><\/p>\n<div class=\"ads-in-post1\"><div id=\"gazdasagportal.hu_fullbanner_wideboard\"><\/div>\r\n<\/div>\n<p>    Egy minden elem\u00e9ben \u00f6sszekapcsolt, \u00e9lhet\u0151bb vil\u00e1g megteremt\u00e9se \u00e9rdek\u00e9ben a digit\u00e1lis \u00e1talakul\u00e1s folyamat\u00e1t t\u00e1mogat\u00f3 ipari \u00e9s ir\u00e1ny\u00edt\u00e1si \u00f6kosziszt\u00e9m\u00e1t kell kialak\u00edtani &#8211; hangs\u00falyozta Cou Cse-lej, a k\u00ednai Huawei informatikai \u00e9s t\u00e1vk\u00f6zl\u00e9si konszern h\u00e1l\u00f3zati szolg\u00e1ltat\u00f3 \u00fczlet\u00e1g\u00e1nak (Carrier Network Business Group) eln\u00f6ke.<br \/>\n    Cou Cse-lej r\u00e1mutatott, hogy az ICT (infokommunik\u00e1ci\u00f3s technol\u00f3giai) infrastrukt\u00fara \u00e9s a t\u00e1vk\u00f6zl\u00e9si h\u00e1l\u00f3zatok ugyan\u00fagy alapfelt\u00e9teleiv\u00e9 v\u00e1ltak az \u00e9letsz\u00ednvonal n\u00f6vel\u00e9s\u00e9nek s meg\u0151rz\u00e9s\u00e9nek, mint az energiaell\u00e1t\u00f3 \u00e9s a k\u00f6zleked\u00e9si h\u00e1l\u00f3zatok. Ugyanakkor az ICT-infrastrukt\u00fara a t\u00e1rsadalmi fejl\u0151d\u00e9snek is kulcsfontoss\u00e1g\u00fa elem\u00e9v\u00e9 v\u00e1lik, seg\u00edt \u00e1thidalni a digit\u00e1lis szakad\u00e9kot, \u00f6szt\u00f6nzi az innov\u00e1ci\u00f3t \u00e9s \u00e1ltal\u00e1ban is er\u0151s\u00edti az egyes nemzetek versenyk\u00e9pess\u00e9g\u00e9t.<br \/>\n    Elmondta, hogy az ICT-infrastrukt\u00fara az ut\u00f3bbi \u00e9vekben egyenesen a vil\u00e1ggazdas\u00e1gi n\u00f6veked\u00e9s motorj\u00e1v\u00e1, a fenntarthat\u00f3 fejl\u0151d\u00e9s alapfelt\u00e9tel\u00e9v\u00e9 v\u00e1lt. \u00d6rvendetesnek nevezte el\u0151ad\u00e1s\u00e1ban, hogy egyes orsz\u00e1gok az ICT-beruh\u00e1z\u00e1sokat m\u00e1r nemzeti strat\u00e9giai fejleszt\u00e9si terveikbe is be\u00e9p\u00edtik a versenyk\u00e9pess\u00e9g meg\u0151rz\u00e9se, a n\u00f6veked\u00e9s gyors\u00edt\u00e1sa \u00e9rdek\u00e9ben.<br \/>\n    A javul\u00f3 infrastruktur\u00e1lis felt\u00e9telek k\u00f6zepette a k\u00fcl\u00f6nb\u00f6z\u0151 gazdas\u00e1gi \u00e1gazatok is digit\u00e1lis \u00e1talakul\u00e1son mennek \u00e1t &#8211; mondta. A v\u00e1llalatok az \u00faj felt\u00e9telekhez adapt\u00e1lj\u00e1k \u00fczleti modelljeiket \u00e9s hozz\u00e1adott\u00e9rt\u00e9k-teremt\u0151 folyamataikat. Mindez \u00f6sszess\u00e9g\u00e9ben k\u00f6lts\u00e9gcs\u00f6kkent\u00e9st, magasabb hat\u00e9konys\u00e1got \u00e9s megn\u00f6vekedett innov\u00e1ci\u00f3s potenci\u00e1lt jelent.<br \/>\n     A mobil sz\u00e9less\u00e1v, a felh\u0151-technol\u00f3gia, a big data \u00e9s a dolgok internete lett a fejl\u0151d\u00e9s n\u00e9gy alapk\u00f6ve &#8211; foglalta \u00f6ssze Cou Cse-lej, a Huawei igazgat\u00f3ja.<br \/>\n    Csao Hou-lin, az ITU f\u0151titk\u00e1ra kifejtette, hogy az ICT-\u00e1gazat fejl\u0151d\u00e9se a digit\u00e1lis t\u00e1rsadalom fel\u00e9p\u00edt\u00e9s\u00e9ben egyre fontosabb szerepet j\u00e1tszik. Az ICT fejl\u0151d\u00e9s\u00e9nek kulcseleme pedig a sz\u00e9less\u00e1v\u00fa internet elterjeszt\u00e9se. Elmondta, hogy jelenleg 7 milli\u00e1rd mobil- \u00e9s 3,2 milli\u00e1rd internet-csatlakoz\u00e1s l\u00e9tezik a vil\u00e1gon meglehet\u0151sen egyenl\u0151tlen megoszl\u00e1sban.<br \/>\n    A vil\u00e1g legkev\u00e9sb\u00e9 fejlett orsz\u00e1gaiban \u00e9l\u0151 940 milli\u00f3 emberb\u0151l mind\u00f6ssze 89 milli\u00f3 \u00e9ri el az internetet, ami 9,5 sz\u00e1zal\u00e9kos ar\u00e1nynak felel meg.<br \/>\n    Az ITU &#8222;Connect 2020 Agenda&#8221; cselekv\u00e9si terve az \u00e9vtized v\u00e9g\u00e9re a legkev\u00e9sb\u00e9 fejlett orsz\u00e1gok k\u00f6r\u00e9ben 20 sz\u00e1zal\u00e9kra k\u00edv\u00e1nja emelni az ar\u00e1nyt, a fejl\u0151d\u0151 orsz\u00e1gokban 50 sz\u00e1zal\u00e9kra, vil\u00e1g\u00e1tlagban 55 sz\u00e1zal\u00e9kra.<br \/>\n    A d\u00f6nt\u00e9shoz\u00f3k m\u00e1r t\u00f6bb orsz\u00e1gban felismert\u00e9k a szoros korrel\u00e1ci\u00f3t a sz\u00e9less\u00e1v\u00fa infrastrukt\u00fara rendelkez\u00e9sre \u00e1ll\u00e1sa \u00e9s a gazdas\u00e1gi aktivit\u00e1s k\u00f6z\u00f6tt &#8211; mutatott r\u00e1 Matt Yardley, a brit Analysys Mason strat\u00e9giai elemz\u0151je.<br \/>\n    A nagyobb adat\u00e1tviteli kapacit\u00e1s nagyobb GDP-t \u00e9s nagyobb innov\u00e1ci\u00f3s aktivit\u00e1st jelent. &#8222;Ha kapacit\u00e1st hozunk l\u00e9tre, azt ki is fogj\u00e1k haszn\u00e1lni. Ez egy \u00f6ngerjeszt\u0151 folyamat&#8221; &#8211; mondta.<br \/>\n    A h\u00e1l\u00f3zati infrastrukt\u00fara-beruh\u00e1z\u00e1sok gazdas\u00e1g\u00e9l\u00e9nk\u00edt\u0151 hat\u00e1s\u00e1nak t\u00fckr\u00e9ben k\u00fcl\u00f6n\u00f6s jelent\u0151s\u00e9ggel b\u00edr Huang J\u00fchung, a China Mobile kommunik\u00e1ci\u00f3s kutat\u00f3int\u00e9zet\u00e9nek aleln\u00f6k\u00e9nek bejelent\u00e9se is, miszerint K\u00edna tavaly 50 milli\u00f3 kilom\u00e9ter optikai k\u00e1belt v\u00e1s\u00e1rolt fel a vil\u00e1gpiacon, az id\u00e9n pedig 100 milli\u00f3 kilom\u00e9tert, a glob\u00e1lis k\u00e9szlet egyharmad\u00e1t.<br \/>\n    Cou Cse-lej pedig ezzel kapcsolatban K\u00edna &#8222;Minden Falvat a H\u00e1l\u00f3ra&#8221; projektj\u00e9t hozta fel p\u00e9ldak\u00e9nt; elmondta, hogy nemr\u00e9giben az orsz\u00e1g egy t\u00e1voles\u0151 vid\u00e9k\u00e9n j\u00e1rva azt tapasztalta, hogy az ott tanul\u00f3 gyermekeknek ugyan\u00fagy rendelkez\u00e9s\u00e9re \u00e1ll minden oktat\u00e1si forr\u00e1s, mint v\u00e1rosi t\u00e1rsaiknak, a falusi lakosok pedig ugyan\u00fagy adj\u00e1k-veszik a k\u00fcl\u00f6nf\u00e9le cikkeket a vil\u00e1g minden t\u00e1j\u00e1n, mintha csak nem is K\u00edna egy eldugott szeglet\u00e9ben \u00e9ln\u00e9nek.(MTI)<\/p>\n","protected":false},"excerpt":{"rendered":"<p>A gazdas\u00e1gi n\u00f6veked\u00e9s gyors\u00edt\u00e1sa, a versenyk\u00e9pess\u00e9g fokoz\u00e1sa \u00e9s az \u00e9letsz\u00ednvonal emel\u00e9se kulcsfontoss\u00e1g\u00fa felt\u00e9telek\u00e9nt a t\u00e1rsadalmi digitaliz\u00e1ci\u00f3 folyamat\u00e1nak felgyors\u00edt\u00e1s\u00e1t szorgalmazt\u00e1k elismert t\u00e1vk\u00f6zl\u00e9si szakemberek a Nemzetk\u00f6zi T\u00e1vk\u00f6zl\u00e9si Egyes\u00fclet (ITU) budapesti konferenci\u00e1j\u00e1n kedden tartott &#8222;sz\u00e9lesebb s\u00e1von a j\u00f6v\u0151be&#8221; f\u00f3rumon.<\/p>\n","protected":false},"author":1,"featured_media":0,"comment_status":"open","ping_status":"closed","sticky":false,"template":"","format":"standard","meta":[],"categories":[19,49],"tags":[],"_links":{"self":[{"href":"https:\/\/gazdasagportal.hu\/index.php\/wp-json\/wp\/v2\/posts\/68909"}],"collection":[{"href":"https:\/\/gazdasagportal.hu\/index.php\/wp-json\/wp\/v2\/posts"}],"about":[{"href":"https:\/\/gazdasagportal.hu\/index.php\/wp-json\/wp\/v2\/types\/post"}],"author":[{"embeddable":true,"href":"https:\/\/gazdasagportal.hu\/index.php\/wp-json\/wp\/v2\/users\/1"}],"replies":[{"embeddable":true,"href":"https:\/\/gazdasagportal.hu\/index.php\/wp-json\/wp\/v2\/comments?post=68909"}],"version-history":[{"count":1,"href":"https:\/\/gazdasagportal.hu\/index.php\/wp-json\/wp\/v2\/posts\/68909\/revisions"}],"predecessor-version":[{"id":68910,"href":"https:\/\/gazdasagportal.hu\/index.php\/wp-json\/wp\/v2\/posts\/68909\/revisions\/68910"}],"wp:attachment":[{"href":"https:\/\/gazdasagportal.hu\/index.php\/wp-json\/wp\/v2\/media?parent=68909"}],"wp:term":[{"taxonomy":"category","embeddable":true,"href":"https:\/\/gazdasagportal.hu\/index.php\/wp-json\/wp\/v2\/categories?post=68909"},{"taxonomy":"post_tag","embeddable":true,"href":"https:\/\/gazdasagportal.hu\/index.php\/wp-json\/wp\/v2\/tags?post=68909"}],"curies":[{"name":"wp","href":"https:\/\/api.w.org\/{rel}","templated":true}]}}