{"id":68907,"date":"2015-10-14T04:04:57","date_gmt":"2015-10-14T02:04:57","guid":{"rendered":"http:\/\/gazdasagportal.hu\/?p=68907"},"modified":"2015-10-13T21:09:18","modified_gmt":"2015-10-13T19:09:18","slug":"atlanti-konferencia-az-egyesult-allamoknak-es-europanak-kolcsonosen-szuksege-van-egymasra","status":"publish","type":"post","link":"https:\/\/gazdasagportal.hu\/index.php\/atlanti-konferencia-az-egyesult-allamoknak-es-europanak-kolcsonosen-szuksege-van-egymasra\/","title":{"rendered":"Atlanti konferencia: az Egyes\u00fclt \u00c1llamoknak \u00e9s Eur\u00f3p\u00e1nak k\u00f6lcs\u00f6n\u00f6sen sz\u00fcks\u00e9ge van egym\u00e1sra"},"content":{"rendered":"<p><strong>Eur\u00f3pa biztons\u00e1g\u00e1nak fenntart\u00e1s\u00e1\u00e9rt tov\u00e1bbra is nagy sz\u00fcks\u00e9g van az Egyes\u00fclt \u00c1llamokra, de a tengerent\u00fali nagyhatalomnak is sz\u00fcks\u00e9ge van Eur\u00f3p\u00e1ra &#8211; mondta Simicsk\u00f3 Istv\u00e1n honv\u00e9delmi miniszter kedden a f\u0151v\u00e1rosban, a Magyar Atlanti Tan\u00e1cs konferenci\u00e1j\u00e1n. Colleen Bell budapesti amerikai nagyk\u00f6vet szint\u00e9n azt hangs\u00falyozta, hogy az Egyes\u00fclt \u00c1llamoknak er\u0151s Eur\u00f3p\u00e1ra van sz\u00fcks\u00e9ge, \u00e9s ez ford\u00edtva is igaz.<\/strong><!--more--><\/p>\n<div class=\"ads-in-post1\"><div id=\"gazdasagportal.hu_fullbanner_wideboard\"><\/div>\r\n<\/div>\n<p>    A Nemzeti K\u00f6zszolg\u00e1lati Egyetemen megrendezett tan\u00e1cskoz\u00e1son Simicsk\u00f3 Istv\u00e1n arra h\u00edvta a figyelmet: a mostani biztons\u00e1gi kock\u00e1zatok nagyon er\u0151sen \u00e9rintik Eur\u00f3p\u00e1t. A kontinens biztons\u00e1g\u00e1nak fenntart\u00e1s\u00e1\u00e9rt tov\u00e1bbra is nagy sz\u00fcks\u00e9g van az Egyes\u00fclt \u00c1llamokra, de mint megjegyezte, az Egyes\u00fclt \u00c1llamoknak is sz\u00fcks\u00e9ge van Eur\u00f3p\u00e1ra.<br \/>\n    A jelen kor kih\u00edv\u00e1sait csak egy\u00fctt lehet megoldani &#8211; emelte ki a miniszter.<br \/>\n    Kifejtette: Magyarorsz\u00e1g sz\u00e1m\u00e1ra a transzatlanti kapcsolat &#8222;nemcsak racion\u00e1lis \u00e9rdek&#8221;, hanem &#8222;egy \u00e9rt\u00e9kk\u00f6z\u00f6ss\u00e9get alkotunk a NATO valamennyi tagorsz\u00e1g\u00e1val&#8221;, \u00e9s kiemelt jelent\u0151s\u00e9g\u0171 a kapcsolat az Egyes\u00fclt \u00c1llamokkal.<br \/>\n    A miniszter, aki a k\u00f6zelm\u00faltban vette \u00e1t a t\u00e1rca vezet\u00e9s\u00e9t, azt mondta: a honv\u00e9delmi \u00fcgyekben kisebb korrekci\u00f3k lesznek, de az euroatlanti kapcsolatok szempontj\u00e1b\u00f3l ez csak a tov\u00e1bbi er\u0151s\u00edt\u00e9st jelentheti.<br \/>\n    Simicsk\u00f3 Istv\u00e1n kit\u00e9rt arra is, hogy a geostrat\u00e9giai helyzet v\u00e1ltoz\u00e1sa miatt \u00fajra kell \u00e9rt\u00e9kelni a kih\u00edv\u00e1sokat. Az Ukrajn\u00e1ban foly\u00f3 h\u00e1bor\u00fa, az Iszl\u00e1m \u00c1llam tev\u00e9kenys\u00e9ge a magyar emberek biztons\u00e1g\u00e9rzet\u00e9t is rontja. Felh\u00edvta a figyelmet arra is, hogy a jelenlegi t\u00f6meges migr\u00e1ci\u00f3 &#8222;j\u00f3 lehet\u0151s\u00e9get&#8221; ad arra, hogy bizonyos terrorszervezetek embereiket Eur\u00f3p\u00e1ba juttass\u00e1k. Simicsk\u00f3 Istv\u00e1n szerint jelenleg &#8222;neh\u00e9z id\u0151szakot \u00e9l\u00fcnk&#8221;, ez\u00e9rt is kiemelten fontos az euroatlanti gondolat er\u0151s\u00edt\u00e9se. Magyarorsz\u00e1g ez\u00e9rt is elk\u00f6telezett mind a transzatlanti, mind az Egyes\u00fclt \u00c1llamokkal kialak\u00edtott kiv\u00e1l\u00f3 egy\u00fcttm\u0171k\u00f6d\u00e9s folytat\u00e1sa mellett.<br \/>\n    Colleen Bell nagyk\u00f6vet el\u0151ad\u00e1s\u00e1ban azt hangs\u00falyozta: az Egyes\u00fclt \u00c1llamoknak er\u0151s Eur\u00f3p\u00e1ra van sz\u00fcks\u00e9ge, \u00e9s ez ford\u00edtva is igaz. Mint mondta: az Egyes\u00fclt \u00c1llamok \u00e9rdekelt abban, hogy Eur\u00f3pa sikeres legyen.<br \/>\n    A diplomata a NATO aktu\u00e1lis kih\u00edv\u00e1sai k\u00f6z\u00f6tt kit\u00e9rt &#8222;az orosz katonai agresszi\u00f3ra&#8221;, \u00e9s az annak k\u00f6vetkezt\u00e9ben kialakult ukrajnai v\u00e1ls\u00e1gra. Ezzel kapcsolatban az \u00e9szak-atlanti szervezet kiemelt jelent\u0151s\u00e9g\u0171 feladatak\u00e9nt besz\u00e9lt az \u00fagynevezett k\u00e9szenl\u00e9ti akci\u00f3tervr\u0151l (Readiness Action Plan), amelynek keret\u00e9ben a sz\u00f6vets\u00e9g \u00faj biztons\u00e1gi int\u00e9zked\u00e9sekkel er\u0151s\u00edti meg keleti tag\u00e1llamait. Colleen Bell k\u00f6sz\u00f6netet mondott az ebben szerepet v\u00e1llal\u00f3 valamennyi tag\u00e1llamnak, k\u00f6zt\u00fck Magyarorsz\u00e1gnak is.<br \/>\n    Az amerikai nagyk\u00f6vet el\u0151ad\u00e1s\u00e1ban Magyarorsz\u00e1g NATO tags\u00e1g\u00e1t kulcsfontoss\u00e1g\u00fanak nevezte. Kiemelte, hogy a tavaly NATO tags\u00e1g\u00e1nak 15. \u00e9vfordul\u00f3j\u00e1t \u00fcnnepl\u0151 Magyarorsz\u00e1g az elm\u00falt \u00e9vekben  t\u00f6bbnemzeti gyakorlatokban, feladatokban v\u00e1llalt fontos szerepeket. P\u00e9ldak\u00e9nt eml\u00edtette a &#8211; m\u00e1sok mellett t\u00f6bb mint 500 amerikai katona r\u00e9szv\u00e9tel\u00e9vel &#8211; jelenleg is tart\u00f3 Brave Warrior elnevez\u00e9s\u0171 hadgyakorlatot, valamint azt, hogy az \u00e9v v\u00e9g\u00e9ig Magyar Honv\u00e9ds\u00e9g is r\u00e9szt vesz a balti l\u00e9gt\u00e9r v\u00e9delm\u00e9ben.<br \/>\n    Colleen Bell az aktu\u00e1lis biztons\u00e1gpolitikai kih\u00edv\u00e1sok k\u00f6z\u00f6tt felh\u00edvta a figyelmet a k\u00f6zel-keleti \u00e9s az \u00e9szak-afrikai helyzetre, a terrorizmusra.<br \/>\n    A NATO-nak Afganiszt\u00e1n \u00e9s Sz\u00edria helyzet\u00e9vel is foglalkoznia kell &#8211; mondta.<br \/>\n    Vizi E. Szilveszter, a Magyar Atlanti Tan\u00e1cs (MAT) eln\u00f6ke el\u0151ad\u00e1s\u00e1ban felid\u00e9zte, hogy a Magyarorsz\u00e1g NATO-csatlakoz\u00e1s\u00e1r\u00f3l tartott n\u00e9pszavaz\u00e1son &#8222;a magyar emberek mintegy 85 sz\u00e1zal\u00e9ka&#8221; a NATO mellett tette le a voks\u00e1t.     &#8222;Az atlanti gondolat, az atlanticizmus az\u00f3ta is v\u00e1ltozatlanul n\u00e9pszer\u0171 a magyar n\u00e9p k\u00f6r\u00e9ben&#8221; &#8211; tette hozz\u00e1 a MAT eln\u00f6ke, kiemelve: az atlanti gondolatot az eddigi magyar korm\u00e1nyok is mindenkor t\u00e1mogatt\u00e1k.<br \/>\n    A MAT eln\u00f6ke felid\u00e9zte, hogy a napokban Jens Stoltenberg, a sz\u00f6vets\u00e9g f\u0151titk\u00e1ra az aktu\u00e1lis kih\u00edv\u00e1sok k\u00f6z\u00f6tt \u00c9szak-Afrika biztons\u00e1g\u00e1t, a t\u00f6meges v\u00e1ndorl\u00e1st \u00e9s a kiberbiztons\u00e1got nevezte meg. Vizi E. Szilveszter szerint ezek a kih\u00edv\u00e1sok k\u00f6z\u00f6s megold\u00e1st ig\u00e9nyelnek. (MTI)<\/p>\n","protected":false},"excerpt":{"rendered":"<p>Eur\u00f3pa biztons\u00e1g\u00e1nak fenntart\u00e1s\u00e1\u00e9rt tov\u00e1bbra is nagy sz\u00fcks\u00e9g van az Egyes\u00fclt \u00c1llamokra, de a tengerent\u00fali nagyhatalomnak is sz\u00fcks\u00e9ge van Eur\u00f3p\u00e1ra &#8211; mondta Simicsk\u00f3 Istv\u00e1n honv\u00e9delmi miniszter kedden a f\u0151v\u00e1rosban, a Magyar Atlanti Tan\u00e1cs konferenci\u00e1j\u00e1n. Colleen Bell budapesti amerikai nagyk\u00f6vet szint\u00e9n azt hangs\u00falyozta, hogy az Egyes\u00fclt \u00c1llamoknak er\u0151s Eur\u00f3p\u00e1ra van sz\u00fcks\u00e9ge, \u00e9s ez ford\u00edtva is igaz.<\/p>\n","protected":false},"author":1,"featured_media":0,"comment_status":"open","ping_status":"closed","sticky":false,"template":"","format":"standard","meta":[],"categories":[246],"tags":[],"_links":{"self":[{"href":"https:\/\/gazdasagportal.hu\/index.php\/wp-json\/wp\/v2\/posts\/68907"}],"collection":[{"href":"https:\/\/gazdasagportal.hu\/index.php\/wp-json\/wp\/v2\/posts"}],"about":[{"href":"https:\/\/gazdasagportal.hu\/index.php\/wp-json\/wp\/v2\/types\/post"}],"author":[{"embeddable":true,"href":"https:\/\/gazdasagportal.hu\/index.php\/wp-json\/wp\/v2\/users\/1"}],"replies":[{"embeddable":true,"href":"https:\/\/gazdasagportal.hu\/index.php\/wp-json\/wp\/v2\/comments?post=68907"}],"version-history":[{"count":1,"href":"https:\/\/gazdasagportal.hu\/index.php\/wp-json\/wp\/v2\/posts\/68907\/revisions"}],"predecessor-version":[{"id":68908,"href":"https:\/\/gazdasagportal.hu\/index.php\/wp-json\/wp\/v2\/posts\/68907\/revisions\/68908"}],"wp:attachment":[{"href":"https:\/\/gazdasagportal.hu\/index.php\/wp-json\/wp\/v2\/media?parent=68907"}],"wp:term":[{"taxonomy":"category","embeddable":true,"href":"https:\/\/gazdasagportal.hu\/index.php\/wp-json\/wp\/v2\/categories?post=68907"},{"taxonomy":"post_tag","embeddable":true,"href":"https:\/\/gazdasagportal.hu\/index.php\/wp-json\/wp\/v2\/tags?post=68907"}],"curies":[{"name":"wp","href":"https:\/\/api.w.org\/{rel}","templated":true}]}}