{"id":68903,"date":"2015-10-14T02:02:16","date_gmt":"2015-10-14T00:02:16","guid":{"rendered":"http:\/\/gazdasagportal.hu\/?p=68903"},"modified":"2015-10-13T21:03:20","modified_gmt":"2015-10-13T19:03:20","slug":"praga-kinai-penzugyi-kozpont-lehet","status":"publish","type":"post","link":"https:\/\/gazdasagportal.hu\/index.php\/praga-kinai-penzugyi-kozpont-lehet\/","title":{"rendered":"Pr\u00e1ga k\u00ednai p\u00e9nz\u00fcgyi k\u00f6zpont lehet"},"content":{"rendered":"<p><strong>Pr\u00e1g\u00e1nak j\u00f3 es\u00e9lye van arra, hogy a k\u00ednai p\u00e9nzint\u00e9zetek eur\u00f3pai k\u00f6zpontja legyen &#8211; jelentette ki Bohuslav Sobotka cseh minisztereln\u00f6k kedd este Pr\u00e1g\u00e1ban, miut\u00e1n t\u00e1rgyal\u00e1sokat folytatott Vang Ji k\u00ednai k\u00fcl\u00fcgyminiszterrel, aki hivatalos l\u00e1togat\u00e1sra \u00e9rkezett Csehorsz\u00e1gba.<\/strong><!--more--><\/p>\n<div class=\"ads-in-post1\"><div id=\"gazdasagportal.hu_fullbanner_wideboard\"><\/div>\r\n<\/div>\n<p>    Vang Ji szem\u00e9ly\u00e9ben 14 \u00e9v ut\u00e1n els\u0151 \u00edzben l\u00e1togatott el a k\u00ednai diplom\u00e1cia vezet\u0151je Pr\u00e1g\u00e1ba. A k\u00ednai korm\u00e1nyf\u0151 2005-ben \u00e9s 2009-ben j\u00e1rt Pr\u00e1g\u00e1ban.<br \/>\n    &#8222;Pr\u00e1g\u00e1nak nagy es\u00e9lye van arra, hogy a k\u00ednai p\u00e9nzint\u00e9zetek eur\u00f3pai k\u00f6zpontj\u00e1v\u00e1 v\u00e1ljon. Es\u00e9ly van arra, hogy a k\u00ednai p\u00e9nzint\u00e9zetek Pr\u00e1g\u00e1b\u00f3l tarts\u00e1k a kapcsolatot K\u00f6z\u00e9p- \u00e9s Kelet Eur\u00f3pa orsz\u00e1gaival, illetve az Eur\u00f3pai Uni\u00f3val is&#8221; &#8211; mondta Sobotka \u00fajs\u00e1g\u00edr\u00f3knak.<br \/>\n    A m\u00e1r kor\u00e1bban al\u00e1\u00edrt meg\u00e1llapod\u00e1s szerint az \u00e9v v\u00e9gig irod\u00e1t nyit Pr\u00e1g\u00e1ban a Bank of China, amely az egyik legnagyobb \u00e1llami bank a t\u00e1vol-keleti orsz\u00e1gban. A cseh-k\u00ednai kapcsolatok er\u0151s\u00f6d\u00e9s\u00e9t seg\u00edti, hogy szeptemberben k\u00f6zvetlen l\u00e9gi j\u00e1rat indult Pr\u00e1ga \u00e9s Peking k\u00f6z\u00f6tt, m\u00edg a kelet-csehorsz\u00e1gi Hradec Kr\u00e1lov\u00e9ban nagy k\u00ednai orvosi k\u00f6zpontot nyitottak.<br \/>\n    &#8222;A cseh korm\u00e1ny azt szeretn\u00e9, ha egy \u00fajabb k\u00f6zvetlen l\u00e9gi j\u00e1rat is l\u00e9trej\u00f6nne orsz\u00e1gaink k\u00f6z\u00f6tt&#8221; &#8211; jegyezte meg Sobotka. A korm\u00e1nyf\u0151 lesz\u00f6gezte, hogy egyre n\u00f6vekszik a Csehorsz\u00e1gba l\u00e1togat\u00f3 k\u00ednai turist\u00e1k sz\u00e1ma. Tavaly 211 ezer k\u00ednai j\u00e1rt Csehorsz\u00e1gban, m\u00edg az id\u00e9n a sz\u00e1muk meghaladja a 300 ezret is &#8211; jegyezte meg.<br \/>\n    A cseh minisztereln\u00f6k novemberben tesz hivatalos l\u00e1togat\u00e1st K\u00edn\u00e1ban, \u00fatj\u00e1ra sz\u00e1mos v\u00e1llalkoz\u00f3 k\u00eds\u00e9ri el, \u00e9s a tervek szerint t\u00f6bb \u00e1llamk\u00f6zi egyezm\u00e9nyt \u00edrnak al\u00e1.<br \/>\n    A k\u00ednai diplom\u00e1cia vezet\u0151j\u00e9t d\u00e9lut\u00e1n fogadta Milos Zeman cseh \u00e1llamf\u0151, aki a k\u00f6zelm\u00faltban k\u00e9t esetben is j\u00e1rt Pekingben szint\u00e9n n\u00e9pes v\u00e1llalkoz\u00f3i deleg\u00e1ci\u00f3val.(MTI)<\/p>\n","protected":false},"excerpt":{"rendered":"<p>Pr\u00e1g\u00e1nak j\u00f3 es\u00e9lye van arra, hogy a k\u00ednai p\u00e9nzint\u00e9zetek eur\u00f3pai k\u00f6zpontja legyen &#8211; jelentette ki Bohuslav Sobotka cseh minisztereln\u00f6k kedd este Pr\u00e1g\u00e1ban, miut\u00e1n t\u00e1rgyal\u00e1sokat folytatott Vang Ji k\u00ednai k\u00fcl\u00fcgyminiszterrel, aki hivatalos l\u00e1togat\u00e1sra \u00e9rkezett Csehorsz\u00e1gba.<\/p>\n","protected":false},"author":1,"featured_media":0,"comment_status":"open","ping_status":"closed","sticky":false,"template":"","format":"standard","meta":[],"categories":[246],"tags":[],"_links":{"self":[{"href":"https:\/\/gazdasagportal.hu\/index.php\/wp-json\/wp\/v2\/posts\/68903"}],"collection":[{"href":"https:\/\/gazdasagportal.hu\/index.php\/wp-json\/wp\/v2\/posts"}],"about":[{"href":"https:\/\/gazdasagportal.hu\/index.php\/wp-json\/wp\/v2\/types\/post"}],"author":[{"embeddable":true,"href":"https:\/\/gazdasagportal.hu\/index.php\/wp-json\/wp\/v2\/users\/1"}],"replies":[{"embeddable":true,"href":"https:\/\/gazdasagportal.hu\/index.php\/wp-json\/wp\/v2\/comments?post=68903"}],"version-history":[{"count":1,"href":"https:\/\/gazdasagportal.hu\/index.php\/wp-json\/wp\/v2\/posts\/68903\/revisions"}],"predecessor-version":[{"id":68904,"href":"https:\/\/gazdasagportal.hu\/index.php\/wp-json\/wp\/v2\/posts\/68903\/revisions\/68904"}],"wp:attachment":[{"href":"https:\/\/gazdasagportal.hu\/index.php\/wp-json\/wp\/v2\/media?parent=68903"}],"wp:term":[{"taxonomy":"category","embeddable":true,"href":"https:\/\/gazdasagportal.hu\/index.php\/wp-json\/wp\/v2\/categories?post=68903"},{"taxonomy":"post_tag","embeddable":true,"href":"https:\/\/gazdasagportal.hu\/index.php\/wp-json\/wp\/v2\/tags?post=68903"}],"curies":[{"name":"wp","href":"https:\/\/api.w.org\/{rel}","templated":true}]}}