{"id":68901,"date":"2015-10-14T04:48:55","date_gmt":"2015-10-14T02:48:55","guid":{"rendered":"http:\/\/gazdasagportal.hu\/?p=68901"},"modified":"2015-10-13T21:09:05","modified_gmt":"2015-10-13T19:09:05","slug":"new-york-times-washington-tobb-tizmillio-dollart-fizetett-mexikonak-a-kozep-amerikai-migransok-tavol-tartasasert","status":"publish","type":"post","link":"https:\/\/gazdasagportal.hu\/index.php\/new-york-times-washington-tobb-tizmillio-dollart-fizetett-mexikonak-a-kozep-amerikai-migransok-tavol-tartasasert\/","title":{"rendered":"New York Times: Washington t\u00f6bb t\u00edzmilli\u00f3 doll\u00e1rt fizetett Mexik\u00f3nak a k\u00f6z\u00e9p-amerikai migr\u00e1nsok t\u00e1vol tart\u00e1s\u00e1s\u00e9rt"},"content":{"rendered":"<p><strong>Barack Obama eln\u00f6k k\u00e9r\u00e9s\u00e9re Mexik\u00f3 k\u00edm\u00e9letlen\u00fcl les\u00fajt a k\u00f6z\u00e9p-amerikai orsz\u00e1gokban d\u00fal\u00f3 er\u0151szak el\u0151l menek\u00fcl\u0151kre, ami\u00e9rt cser\u00e9be a szeptember v\u00e9g\u00e9n lez\u00e1rult p\u00e9nz\u00fcgyi \u00e9vben t\u00f6bb t\u00edzmilli\u00f3 doll\u00e1rt kapott &#8211; \u00edrta a The New York Timesban (NYT) megjelent riportj\u00e1ban Sonia Nazario Pulitzer-d\u00edjas \u00edr\u00f3-\u00fajs\u00e1g\u00edr\u00f3 \u00e9s jogv\u00e9d\u0151.<\/strong><!--more--><\/p>\n<div class=\"ads-in-post1\"><div id=\"gazdasagportal.hu_fullbanner_wideboard\"><\/div>\r\n<\/div>\n<p>    Nazario az NPR amerikai k\u00f6zszolg\u00e1lati r\u00e1di\u00f3nak nyilatkozva eml\u00e9keztetett arra, hogy az Egyes\u00fclt \u00c1llamokba m\u00falt ny\u00e1ron rekordsz\u00e1mban \u00e9rkeztek migr\u00e1nsok \u00e9s menek\u00fcltek, akik k\u00f6z\u00fcl sokan sz\u00fcl\u0151k n\u00e9lk\u00fcl utaz\u00f3 kiskor\u00faak voltak. Ezeket a migr\u00e1nsokat most m\u00e1r azel\u0151tt meg\u00e1ll\u00edtj\u00e1k Mexik\u00f3ban, hogy el\u00e9rn\u00e9k az amerikai hat\u00e1rt.<br \/>\n    Az \u00fajs\u00e1g\u00edr\u00f3 szerint ennek fej\u00e9ben az amerikai korm\u00e1ny k\u00f6zvetve t\u00f6bb t\u00edzmilli\u00f3 doll\u00e1rt fizet ki Mexik\u00f3nak. Sonia Nazaro, aki kor\u00e1bban is cikkezett m\u00e1r a latin-amerikai migr\u00e1ci\u00f3r\u00f3l, az NPR-nak elismerte, hogy sem amerikai, sem mexik\u00f3i hivatalos szem\u00e9lyekkel nem besz\u00e9lt err\u0151l az elj\u00e1r\u00e1sr\u00f3l.<br \/>\n    Ugyanakkor azt \u00e1ll\u00edtotta, hogy a washingtoni k\u00fcl\u00fcgyminiszt\u00e9rium 86 milli\u00f3 doll\u00e1rt k\u00fcl\u00f6n\u00edtett el &#8211; ezen \u00f6sszeget nem teljes eg\u00e9sz\u00e9ben 2015-ben k\u00f6lt\u00f6tt\u00e9k el &#8211; arra, hogy Mexik\u00f3 visszaford\u00edtsa a migr\u00e1nsokat, k\u00f6zt\u00fck a gyerekeket.<br \/>\n    Nazario szerint a p\u00e9nzt a k\u00fcl\u00fcgyi t\u00e1rca a k\u00e1b\u00edt\u00f3szer-ellenes keret\u00e9b\u0151l kifejezetten a migr\u00e1ci\u00f3nak a Mexik\u00f3 d\u00e9li hat\u00e1rain\u00e1l val\u00f3 ellen\u0151rz\u00e9s\u00e9re ir\u00e1nyozt\u00e1k el\u0151. A k\u00edm\u00e9letlen fell\u00e9p\u00e9s k\u00f6vetkezt\u00e9ben Mexik\u00f3 most el\u0151sz\u00f6r toloncolt ki t\u00f6bb k\u00f6z\u00e9p-amerikait, mint az Egyes\u00fclt \u00c1llamok.<br \/>\n    Az amerikai Migr\u00e1ci\u00f3politikai Int\u00e9zet adatai szerint a 2015-\u00f6s p\u00e9nz\u00fcgyi \u00e9v els\u0151 h\u00e9t h\u00f3napja alatt a mexik\u00f3i hat\u00f3s\u00e1gok 92 889 k\u00f6z\u00e9p-amerikai \u00e1llampolg\u00e1rt &#8211; k\u00f6zt\u00fck 18 310 feln\u0151tt fel\u00fcgyelet n\u00e9lk\u00fcl utaz\u00f3 kiskor\u00fat &#8211; fogtak el, m\u00edg az amerikaiak csak 70 448-at. Az okt\u00f3ber 1-j\u00e9n elkezd\u0151d\u00f6tt \u00faj k\u00f6lts\u00e9gvet\u00e9si esztend\u0151ben a v\u00e1rakoz\u00e1sok szerint Mexik\u00f3ban az \u0151rizetbe v\u00e9telek sz\u00e1ma 70 sz\u00e1zal\u00e9kkal n\u00f6vekszik, az Egyes\u00fclt \u00c1llamokban pedig a fel\u00e9re cs\u00f6kken majd.<br \/>\n    A szerz\u0151 r\u00e1mutatott, hogy a szigor\u00edt\u00e1s miatt vesz\u00e9lyesebb\u00e9 v\u00e1lt az utaz\u00e1s azon migr\u00e1nsok sz\u00e1m\u00e1ra, akik nem tudnak fejenk\u00e9nt 10 ezer doll\u00e1rt kifizetni az embercsemp\u00e9szeknek. A mexik\u00f3i hat\u00f3s\u00e1gok ugyanis leszedik a v\u00e1ndorl\u00f3kat a tehervonatok tetej\u00e9r\u0151l, akik ez\u00e9rt elhagyatottabb helyeken pr\u00f3b\u00e1lnak meg tov\u00e1bbjutni, ahol a b\u0171n\u00f6z\u0151k szabad pr\u00e9d\u00e1j\u00e1v\u00e1 v\u00e1lnak. Meggyilkolj\u00e1k, prostit\u00faci\u00f3ra, vagy rabszolgamunk\u00e1ra k\u00e9nyszer\u00edtik \u0151ket a k\u00e1b\u00edt\u00f3szer-\u00fcltetv\u00e9nyeken.<br \/>\n    A mexik\u00f3i korm\u00e1ny hivatalos adatai szerint az elm\u00falt \u00e9vekben emberrabl\u00f3k fogs\u00e1g\u00e1b\u00f3l 72 ezer migr\u00e1nst szabad\u00edtottak ki, akik k\u00f6z\u00fcl sokakat megk\u00ednoztak \u00e9s v\u00e1lts\u00e1gd\u00edj fej\u00e9ben tartottak fogva. T\u00f6bbeknek kioper\u00e1lt\u00e1k a bels\u0151 szerveit.<br \/>\n    Nazaro a NYT-ban arr\u00f3l \u00edrt, hogy Mexik\u00f3 tavaly j\u00falius \u00f3ta a bev\u00e1ndorl\u00e1s\u00fcgy 300-600 \u00fcgyn\u00f6k\u00e9t vez\u00e9nyelte a d\u00e9li \u00e1llamokba, akik t\u00f6bb mint 20 ezer razzi\u00e1t hajtottak v\u00e9gre a tehervonatokon, buszp\u00e1lyaudvarokon, sz\u00e1llod\u00e1kban \u00e9s a migr\u00e1nsok \u00e1ltal haszn\u00e1lt aut\u00f3utakon.<br \/>\n    A Mexik\u00f3ban zs\u00fafolt gy\u0171jt\u0151t\u00e1borokba &#8211; a legnagyobb k\u00f6z\u00fcl\u00fck a Chiapas \u00e1llambeli Tapachul\u00e1ban m\u0171k\u00f6dik &#8211; terelt migr\u00e1nsok helyben nagyon ritk\u00e1n kapnak mened\u00e9ket. Es\u00e9ly\u00fck helyben mind\u00f6ssze 20 sz\u00e1zal\u00e9k az Egyes\u00fclt \u00c1llamokbeli 50 sz\u00e1zal\u00e9kkal szemben.(MTI)<\/p>\n","protected":false},"excerpt":{"rendered":"<p>Barack Obama eln\u00f6k k\u00e9r\u00e9s\u00e9re Mexik\u00f3 k\u00edm\u00e9letlen\u00fcl les\u00fajt a k\u00f6z\u00e9p-amerikai orsz\u00e1gokban d\u00fal\u00f3 er\u0151szak el\u0151l menek\u00fcl\u0151kre, ami\u00e9rt cser\u00e9be a szeptember v\u00e9g\u00e9n lez\u00e1rult p\u00e9nz\u00fcgyi \u00e9vben t\u00f6bb t\u00edzmilli\u00f3 doll\u00e1rt kapott &#8211; \u00edrta a The New York Timesban (NYT) megjelent riportj\u00e1ban Sonia Nazario Pulitzer-d\u00edjas \u00edr\u00f3-\u00fajs\u00e1g\u00edr\u00f3 \u00e9s jogv\u00e9d\u0151.<\/p>\n","protected":false},"author":1,"featured_media":50232,"comment_status":"open","ping_status":"closed","sticky":false,"template":"","format":"standard","meta":[],"categories":[146,301,13],"tags":[],"_links":{"self":[{"href":"https:\/\/gazdasagportal.hu\/index.php\/wp-json\/wp\/v2\/posts\/68901"}],"collection":[{"href":"https:\/\/gazdasagportal.hu\/index.php\/wp-json\/wp\/v2\/posts"}],"about":[{"href":"https:\/\/gazdasagportal.hu\/index.php\/wp-json\/wp\/v2\/types\/post"}],"author":[{"embeddable":true,"href":"https:\/\/gazdasagportal.hu\/index.php\/wp-json\/wp\/v2\/users\/1"}],"replies":[{"embeddable":true,"href":"https:\/\/gazdasagportal.hu\/index.php\/wp-json\/wp\/v2\/comments?post=68901"}],"version-history":[{"count":1,"href":"https:\/\/gazdasagportal.hu\/index.php\/wp-json\/wp\/v2\/posts\/68901\/revisions"}],"predecessor-version":[{"id":68902,"href":"https:\/\/gazdasagportal.hu\/index.php\/wp-json\/wp\/v2\/posts\/68901\/revisions\/68902"}],"wp:featuredmedia":[{"embeddable":true,"href":"https:\/\/gazdasagportal.hu\/index.php\/wp-json\/wp\/v2\/media\/50232"}],"wp:attachment":[{"href":"https:\/\/gazdasagportal.hu\/index.php\/wp-json\/wp\/v2\/media?parent=68901"}],"wp:term":[{"taxonomy":"category","embeddable":true,"href":"https:\/\/gazdasagportal.hu\/index.php\/wp-json\/wp\/v2\/categories?post=68901"},{"taxonomy":"post_tag","embeddable":true,"href":"https:\/\/gazdasagportal.hu\/index.php\/wp-json\/wp\/v2\/tags?post=68901"}],"curies":[{"name":"wp","href":"https:\/\/api.w.org\/{rel}","templated":true}]}}