{"id":68899,"date":"2015-10-13T20:29:56","date_gmt":"2015-10-13T18:29:56","guid":{"rendered":"http:\/\/gazdasagportal.hu\/?p=68899"},"modified":"2015-10-13T20:29:56","modified_gmt":"2015-10-13T18:29:56","slug":"illegalis-bevandorlas-orizetbe-vettek-egy-magyar-kamion-soforjet-angliaban-embercsempeszet-gyanujaval","status":"publish","type":"post","link":"https:\/\/gazdasagportal.hu\/index.php\/illegalis-bevandorlas-orizetbe-vettek-egy-magyar-kamion-soforjet-angliaban-embercsempeszet-gyanujaval\/","title":{"rendered":"Illeg\u00e1lis bev\u00e1ndorl\u00e1s &#8211; \u0150rizetbe vettek egy magyar kamion sof\u0151rj\u00e9t Angli\u00e1ban embercsemp\u00e9szet gyan\u00faj\u00e1val"},"content":{"rendered":"<p><strong>\u0150rizetbe vett\u00e9k Angli\u00e1ban egy magyar rendsz\u00e1m\u00fa  kamion sof\u0151rj\u00e9t embercsemp\u00e9szet gyan\u00faj\u00e1val. Keddi brit m\u00e9dia\u00e9rtes\u00fcl\u00e9sek szerint a kamionnal Angli\u00e1ba \u00e9rkezett afg\u00e1n migr\u00e1nsok fegyveres incidensbe is keveredtek.<\/strong><!--more--><\/p>\n<div class=\"ads-in-post1\"><div id=\"gazdasagportal.hu_fullbanner_wideboard\"><\/div>\r\n<\/div>\n<p>    A Daily Mail c\u00edm\u0171 konzervat\u00edv brit t\u00f6meglap online kiad\u00e1s\u00e1nak besz\u00e1mol\u00f3ja szerint az illeg\u00e1lis bev\u00e1ndorl\u00f3k csoportj\u00e1t a k\u00f6z\u00e9p-angliai Keele kisv\u00e1ros k\u00f6zel\u00e9ben, egy aut\u00f3p\u00e1lya-pihen\u0151n\u00e9l fedezt\u00e9k fel, amint \u00e9ppen kiugr\u00e1ltak a magyar rendsz\u00e1m\u00fa kamion rakter\u00e9b\u0151l. Hetet k\u00f6z\u00fcl\u00fck a hat\u00f3s\u00e1gok \u0151rizetbe vettek, de tov\u00e1bbi hat elmenek\u00fclt.<br \/>\n    \u0150ket egy k\u00f6rny\u00e9kbeli farm k\u00e9t tulajdonosa vette \u00e9szre egy gazdas\u00e1gi \u00e9p\u00fcletben. A lap az egyik farmert id\u00e9zve azt \u00edrta, hogy az afg\u00e1nok elfutottak a f\u00f6ldeken kereszt\u00fcl, \u00e1m egyik\u00fck menek\u00fcl\u00e9s k\u00f6zben &#8222;kis k\u00e9zifegyverrel&#8221; az \u0151ket kocsival k\u00f6vet\u0151 k\u00e9t gazd\u00e1lkod\u00f3ra l\u0151tt.    S\u00e9r\u00fcl\u00e9s nem t\u00f6rt\u00e9nt, de a j\u00e1rm\u0171ben k\u00e1rok keletkeztek.<br \/>\n    Az esetr\u0151l a ter\u00fcletileg illet\u00e9kes Staffordshire megyei rend\u0151rs\u00e9g is besz\u00e1molt honlapj\u00e1n, meger\u0151s\u00edtve, hogy az incidensben a gazd\u00e1lkod\u00f3k j\u00e1rm\u0171ve megs\u00e9r\u00fclt. A besz\u00e1mol\u00f3 szerint a nagy er\u0151k bevon\u00e1s\u00e1val megindult sz\u00e9les k\u00f6r\u0171 kutat\u00e1s ellen\u00e9re az elmenek\u00fclt hat szem\u00e9lyt az\u00f3ta nem l\u00e1tt\u00e1k a k\u00f6rny\u00e9ken. A hat\u00f3s\u00e1g ugyanakkor k\u00e9rte a helyi lakoss\u00e1got, hogy ha b\u00e1rmi gyan\u00fasat l\u00e1t, jelezze a rend\u0151rs\u00e9gnek.<br \/>\n    Az MTI k\u00e9rd\u00e9s\u00e9re a Staffordshire megyei rend\u0151rs\u00e9g sz\u00f3viv\u0151je  k\u00f6z\u00f6lte, hogy a kamionsof\u0151rt \u0151rizetbe vett\u00e9k, de kil\u00e9t\u00e9t nem fedt\u00e9k fel.(MTI)<\/p>\n","protected":false},"excerpt":{"rendered":"<p>\u0150rizetbe vett\u00e9k Angli\u00e1ban egy magyar rendsz\u00e1m\u00fa kamion sof\u0151rj\u00e9t embercsemp\u00e9szet gyan\u00faj\u00e1val. Keddi brit m\u00e9dia\u00e9rtes\u00fcl\u00e9sek szerint a kamionnal Angli\u00e1ba \u00e9rkezett afg\u00e1n migr\u00e1nsok fegyveres incidensbe is keveredtek.<\/p>\n","protected":false},"author":1,"featured_media":0,"comment_status":"open","ping_status":"closed","sticky":false,"template":"","format":"standard","meta":[],"categories":[4],"tags":[],"_links":{"self":[{"href":"https:\/\/gazdasagportal.hu\/index.php\/wp-json\/wp\/v2\/posts\/68899"}],"collection":[{"href":"https:\/\/gazdasagportal.hu\/index.php\/wp-json\/wp\/v2\/posts"}],"about":[{"href":"https:\/\/gazdasagportal.hu\/index.php\/wp-json\/wp\/v2\/types\/post"}],"author":[{"embeddable":true,"href":"https:\/\/gazdasagportal.hu\/index.php\/wp-json\/wp\/v2\/users\/1"}],"replies":[{"embeddable":true,"href":"https:\/\/gazdasagportal.hu\/index.php\/wp-json\/wp\/v2\/comments?post=68899"}],"version-history":[{"count":1,"href":"https:\/\/gazdasagportal.hu\/index.php\/wp-json\/wp\/v2\/posts\/68899\/revisions"}],"predecessor-version":[{"id":68900,"href":"https:\/\/gazdasagportal.hu\/index.php\/wp-json\/wp\/v2\/posts\/68899\/revisions\/68900"}],"wp:attachment":[{"href":"https:\/\/gazdasagportal.hu\/index.php\/wp-json\/wp\/v2\/media?parent=68899"}],"wp:term":[{"taxonomy":"category","embeddable":true,"href":"https:\/\/gazdasagportal.hu\/index.php\/wp-json\/wp\/v2\/categories?post=68899"},{"taxonomy":"post_tag","embeddable":true,"href":"https:\/\/gazdasagportal.hu\/index.php\/wp-json\/wp\/v2\/tags?post=68899"}],"curies":[{"name":"wp","href":"https:\/\/api.w.org\/{rel}","templated":true}]}}