{"id":68897,"date":"2015-10-13T19:25:37","date_gmt":"2015-10-13T17:25:37","guid":{"rendered":"http:\/\/gazdasagportal.hu\/?p=68897"},"modified":"2015-10-13T18:06:51","modified_gmt":"2015-10-13T16:06:51","slug":"csoportos-letszamleepitest-jelentett-be-a-kozgep","status":"publish","type":"post","link":"https:\/\/gazdasagportal.hu\/index.php\/csoportos-letszamleepitest-jelentett-be-a-kozgep\/","title":{"rendered":"Csoportos l\u00e9tsz\u00e1mle\u00e9p\u00edt\u00e9st jelentett be a K\u00f6zg\u00e9p"},"content":{"rendered":"<p><strong>Csoportos l\u00e9tsz\u00e1mle\u00e9p\u00edt\u00e9st jelentett be a K\u00f6z\u00e9gp Zrt. az illet\u00e9kes munka\u00fcgyi k\u00f6zpontn\u00e1l, a t\u00e1rsas\u00e1g az \u00e9p\u00edt\u0151ipari beruh\u00e1z\u00e1s\u00e1llom\u00e1ny\u00e1nak drasztikus visszaes\u00e9se miatt 350 dolgoz\u00f3j\u00e1t\u00f3l v\u00e1lik meg &#8211; k\u00f6z\u00f6lte a c\u00e9g kedden az MTI-vel.<\/strong><!--more--><\/p>\n<div class=\"ads-in-post1\"><div id=\"gazdasagportal.hu_fullbanner_wideboard\"><\/div>\r\n<\/div>\n<p>    A t\u00e1j\u00e9koztat\u00e1s szerint a csoportos l\u00e9tsz\u00e1mle\u00e9p\u00edt\u00e9s a K\u00f6zg\u00e9p Zrt. minden m\u00e1sodik alkalmazottj\u00e1t \u00e9rinti, 283 szellemi foglalkoz\u00e1s\u00fa \u00e9s 67 fizikai dolgoz\u00f3t k\u00fcldenek el.<br \/>\n    K\u00f6zlem\u00e9ny\u00e9ben a t\u00e1rsas\u00e1g azt \u00edrja, hogy a l\u00e9tsz\u00e1mcs\u00f6kkent\u00e9s elker\u00fclhetetlenn\u00e9 v\u00e1lt, mert a hazai m\u00e9ly\u00e9p\u00edt\u0151 piac jelent\u0151sen cs\u00f6kken\u0151 beruh\u00e1z\u00e1s\u00e1llom\u00e1nya miatt lehetetlen a kor\u00e1bbi \u00e9vekhez hasonl\u00f3 volumen\u0171 megrendel\u00e9sekhez jutni.<br \/>\n    A K\u00f6zg\u00e9p kiemelte, hogy a le\u00e9p\u00edt\u00e9s bejelent\u00e9se \u00e9s v\u00e9grehajt\u00e1sa sor\u00e1n k\u00f6r\u00fcltekint\u0151en, mindenben a vonatkoz\u00f3 t\u00f6rv\u00e9nyeknek megfelel\u0151en j\u00e1r el, az \u00e9rintett dolgoz\u00f3knak valamennyi, a jogszab\u00e1lyi el\u0151\u00edr\u00e1soknak megfelel\u0151 j\u00e1rand\u00f3s\u00e1g\u00e1t marad\u00e9ktalanul kifizeti.<br \/>\n    A l\u00e9tsz\u00e1mcs\u00f6kkent\u00e9st\u0151l f\u00fcggetlen\u00fcl a K\u00f6zg\u00e9p Zrt. valamennyi megb\u00edz\u00e1s\u00e1t, k\u00f6telezetts\u00e9g\u00e9t szerz\u0151d\u00e9s szerint teljes\u00edti, folyamatban l\u00e9v\u0151 projektjein v\u00e1ltozatlanul dolgozik &#8211; \u00edrja k\u00f6zlem\u00e9ny\u00e9ben a c\u00e9g.<br \/>\n(MTI)<\/p>\n","protected":false},"excerpt":{"rendered":"<p>Csoportos l\u00e9tsz\u00e1mle\u00e9p\u00edt\u00e9st jelentett be a K\u00f6z\u00e9gp Zrt. az illet\u00e9kes munka\u00fcgyi k\u00f6zpontn\u00e1l, a t\u00e1rsas\u00e1g az \u00e9p\u00edt\u0151ipari beruh\u00e1z\u00e1s\u00e1llom\u00e1ny\u00e1nak drasztikus visszaes\u00e9se miatt 350 dolgoz\u00f3j\u00e1t\u00f3l v\u00e1lik meg &#8211; k\u00f6z\u00f6lte a c\u00e9g kedden az MTI-vel.<\/p>\n","protected":false},"author":1,"featured_media":0,"comment_status":"open","ping_status":"closed","sticky":false,"template":"","format":"standard","meta":[],"categories":[19],"tags":[],"_links":{"self":[{"href":"https:\/\/gazdasagportal.hu\/index.php\/wp-json\/wp\/v2\/posts\/68897"}],"collection":[{"href":"https:\/\/gazdasagportal.hu\/index.php\/wp-json\/wp\/v2\/posts"}],"about":[{"href":"https:\/\/gazdasagportal.hu\/index.php\/wp-json\/wp\/v2\/types\/post"}],"author":[{"embeddable":true,"href":"https:\/\/gazdasagportal.hu\/index.php\/wp-json\/wp\/v2\/users\/1"}],"replies":[{"embeddable":true,"href":"https:\/\/gazdasagportal.hu\/index.php\/wp-json\/wp\/v2\/comments?post=68897"}],"version-history":[{"count":1,"href":"https:\/\/gazdasagportal.hu\/index.php\/wp-json\/wp\/v2\/posts\/68897\/revisions"}],"predecessor-version":[{"id":68898,"href":"https:\/\/gazdasagportal.hu\/index.php\/wp-json\/wp\/v2\/posts\/68897\/revisions\/68898"}],"wp:attachment":[{"href":"https:\/\/gazdasagportal.hu\/index.php\/wp-json\/wp\/v2\/media?parent=68897"}],"wp:term":[{"taxonomy":"category","embeddable":true,"href":"https:\/\/gazdasagportal.hu\/index.php\/wp-json\/wp\/v2\/categories?post=68897"},{"taxonomy":"post_tag","embeddable":true,"href":"https:\/\/gazdasagportal.hu\/index.php\/wp-json\/wp\/v2\/tags?post=68897"}],"curies":[{"name":"wp","href":"https:\/\/api.w.org\/{rel}","templated":true}]}}