{"id":68889,"date":"2015-10-13T16:42:11","date_gmt":"2015-10-13T14:42:11","guid":{"rendered":"http:\/\/gazdasagportal.hu\/?p=68889"},"modified":"2015-10-13T16:42:11","modified_gmt":"2015-10-13T14:42:11","slug":"illegalis-bevandorlas-leszavazta-az-ep-illetekes-bizottsaga-a-magyarorszag-elleni-eljarast","status":"publish","type":"post","link":"https:\/\/gazdasagportal.hu\/index.php\/illegalis-bevandorlas-leszavazta-az-ep-illetekes-bizottsaga-a-magyarorszag-elleni-eljarast\/","title":{"rendered":"Illeg\u00e1lis bev\u00e1ndorl\u00e1s &#8211; Leszavazta az EP illet\u00e9kes bizotts\u00e1ga a Magyarorsz\u00e1g elleni elj\u00e1r\u00e1st"},"content":{"rendered":"<p><strong>Nagy t\u00f6bbs\u00e9ggel elutas\u00edtotta az Eur\u00f3pai Parlament bel\u00fcgyi, \u00e1llampolg\u00e1ri \u00e9s igazs\u00e1g\u00fcgyi bizotts\u00e1ga (LIBE) kedden azt a liber\u00e1lis kezdem\u00e9nyez\u00e9st, hogy elj\u00e1r\u00e1st ind\u00edthassanak Magyarorsz\u00e1g ellen az uni\u00f3s szerz\u0151d\u00e9s hetes cikke alapj\u00e1n.<\/strong><!--more--><\/p>\n<div class=\"ads-in-post1\"><div id=\"gazdasagportal.hu_fullbanner_wideboard\"><\/div>\r\n<\/div>\n<p>    A javaslatot 31 k\u00e9pvisel\u0151 utas\u00edtotta el, 18-an t\u00e1mogatt\u00e1k, ketten tart\u00f3zkodtak. A k\u00e9pvisel\u0151csoportok \u00fagynevezett koordin\u00e1torai m\u00e1r a m\u00falt h\u00e9ten meg\u00e1llapodtak arr\u00f3l, hogy a bizotts\u00e1g ne vegye napirendre a kezdem\u00e9nyez\u00e9st, ink\u00e1bb sz\u00f3beli k\u00e9rd\u00e9sben tudakolj\u00e1k meg az Eur\u00f3pai Bizotts\u00e1gn\u00e1l, mi\u00e9rt k\u00e9sik az a jelent\u00e9s, amelyet szeptemberre kellett volna elk\u00e9sz\u00edtenie a br\u00fcsszeli test\u00fcletnek Magyarorsz\u00e1gr\u00f3l. E d\u00f6nt\u00e9s ellen\u00e9re a liber\u00e1lis k\u00e9pvisel\u0151k ragaszkodtak ahhoz, hogy a napirendre v\u00e9telr\u0151l az eg\u00e9sz bizotts\u00e1g n\u00e9v szerint szavazzon.<br \/>\n    Az Eur\u00f3pai Parlament (EP) liber\u00e1lis k\u00e9pvisel\u0151csoportja szeptember m\u00e1sodik fel\u00e9ben a migr\u00e1ci\u00f3s v\u00e1ls\u00e1g miatt elfogadott t\u00f6rv\u00e9nym\u00f3dos\u00edt\u00e1sok miatt kezdem\u00e9nyezett elj\u00e1r\u00e1st Magyarorsz\u00e1g ellen.(MTI)<\/p>\n","protected":false},"excerpt":{"rendered":"<p>Nagy t\u00f6bbs\u00e9ggel elutas\u00edtotta az Eur\u00f3pai Parlament bel\u00fcgyi, \u00e1llampolg\u00e1ri \u00e9s igazs\u00e1g\u00fcgyi bizotts\u00e1ga (LIBE) kedden azt a liber\u00e1lis kezdem\u00e9nyez\u00e9st, hogy elj\u00e1r\u00e1st ind\u00edthassanak Magyarorsz\u00e1g ellen az uni\u00f3s szerz\u0151d\u00e9s hetes cikke alapj\u00e1n.<\/p>\n","protected":false},"author":1,"featured_media":0,"comment_status":"open","ping_status":"closed","sticky":false,"template":"","format":"standard","meta":[],"categories":[19],"tags":[],"_links":{"self":[{"href":"https:\/\/gazdasagportal.hu\/index.php\/wp-json\/wp\/v2\/posts\/68889"}],"collection":[{"href":"https:\/\/gazdasagportal.hu\/index.php\/wp-json\/wp\/v2\/posts"}],"about":[{"href":"https:\/\/gazdasagportal.hu\/index.php\/wp-json\/wp\/v2\/types\/post"}],"author":[{"embeddable":true,"href":"https:\/\/gazdasagportal.hu\/index.php\/wp-json\/wp\/v2\/users\/1"}],"replies":[{"embeddable":true,"href":"https:\/\/gazdasagportal.hu\/index.php\/wp-json\/wp\/v2\/comments?post=68889"}],"version-history":[{"count":1,"href":"https:\/\/gazdasagportal.hu\/index.php\/wp-json\/wp\/v2\/posts\/68889\/revisions"}],"predecessor-version":[{"id":68890,"href":"https:\/\/gazdasagportal.hu\/index.php\/wp-json\/wp\/v2\/posts\/68889\/revisions\/68890"}],"wp:attachment":[{"href":"https:\/\/gazdasagportal.hu\/index.php\/wp-json\/wp\/v2\/media?parent=68889"}],"wp:term":[{"taxonomy":"category","embeddable":true,"href":"https:\/\/gazdasagportal.hu\/index.php\/wp-json\/wp\/v2\/categories?post=68889"},{"taxonomy":"post_tag","embeddable":true,"href":"https:\/\/gazdasagportal.hu\/index.php\/wp-json\/wp\/v2\/tags?post=68889"}],"curies":[{"name":"wp","href":"https:\/\/api.w.org\/{rel}","templated":true}]}}