{"id":68885,"date":"2015-10-13T15:33:29","date_gmt":"2015-10-13T13:33:29","guid":{"rendered":"http:\/\/gazdasagportal.hu\/?p=68885"},"modified":"2015-10-13T15:33:29","modified_gmt":"2015-10-13T13:33:29","slug":"malaj-utasszallito-az-orosz-titkosszolgalatok-terveltek-ki-a-gep-leloveset","status":"publish","type":"post","link":"https:\/\/gazdasagportal.hu\/index.php\/malaj-utasszallito-az-orosz-titkosszolgalatok-terveltek-ki-a-gep-leloveset\/","title":{"rendered":"Mal\u00e1j utassz\u00e1ll\u00edt\u00f3 &#8211; Az orosz titkosszolg\u00e1latok tervelt\u00e9k ki a g\u00e9p lel\u00f6v\u00e9s\u00e9t"},"content":{"rendered":"<p><strong>Az orosz titkosszolg\u00e1latok tervelt\u00e9k ki a tavaly ny\u00e1ron lezuhant mal\u00e1j utassz\u00e1ll\u00edt\u00f3 g\u00e9p lel\u00f6v\u00e9s\u00e9t a kelet-ukrajnai szakad\u00e1rok \u00e1ltal ellen\u0151rz\u00f6tt ter\u00fcletr\u0151l &#8211; jelentette ki Arszenyij Jacenyuk ukr\u00e1n minisztereln\u00f6k kedden Kijevben a korm\u00e1ny \u00fcl\u00e9s\u00e9n.<br \/>\n<\/strong><!--more--><\/p>\n<div class=\"ads-in-post1\"><div id=\"gazdasagportal.hu_fullbanner_wideboard\"><\/div>\r\n<\/div>\n    Hangs\u00falyozta, hogy Kijev \u00e1ll\u00e1spontja szerint orosz fegyveresek \u00e1ltal ellen\u0151rz\u00f6tt ter\u00fcletr\u0151l l\u0151tt\u00e9k ki azt a rak\u00e9t\u00e1t, amely eltal\u00e1lta a malajziai l\u00e9git\u00e1rsas\u00e1g Amszterdamb\u00f3l Kuala Lumpurba tart\u00f3 MH17-es j\u00e1rat\u00e1t tavaly j\u00falius 17-\u00e9n. &#8222;K\u00e9ts\u00e9gk\u00edv\u00fcl r\u00e9szeg szakad\u00e1rok nem tudnak egy Buk rak\u00e9tarendszert kezelni. Ez pedig azt jelenti, hogy csakis k\u00e9pzett orosz katon\u00e1k kezelhett\u00e9k a fegyverzetet&#8221; &#8211; fogalmazott Jacenyuk.<br \/>\n    Eml\u00e9keztetett arra, hogy ukr\u00e1n szak\u00e9rt\u0151k is t\u00f6bb tucat vizsg\u00e1latot v\u00e9geztek a katasztr\u00f3fa k\u00f6r\u00fclm\u00e9nyeir\u0151l, \u00e9s \u00edg\u00e9retet tett arra, hogy ezek eredm\u00e9nyeit m\u00e9g a nap folyam\u00e1n k\u00f6zz\u00e9teszik.<br \/>\n    A de Volkskrant c\u00edm\u0171 holland napilap kedden azt \u00edrta, hogy egy Buk t\u00edpus\u00fa f\u00f6ld-leveg\u0151 rak\u00e9ta tal\u00e1lta el a Kelet-Ukrajn\u00e1ban, szakad\u00e1r ellen\u0151rz\u00e9s alatt \u00e1ll\u00f3 ter\u00fcleten lezuhant Boeing 777-es utassz\u00e1ll\u00edt\u00f3 rep\u00fcl\u0151g\u00e9pet. A Buk t\u00edpus\u00fa rak\u00e9ta orosz gy\u00e1rtm\u00e1ny\u00fa.<br \/>\n    Mihail Malisevszkij, a fegyvergy\u00e1rt\u00f3 Almaz-Antej orosz \u00e1llami konszern f\u0151m\u00e9rn\u00f6k\u00e9nek tan\u00e1csad\u00f3ja keddi moszkvai sajt\u00f3t\u00e1j\u00e9koztat\u00f3j\u00e1n viszont azt \u00e1ll\u00edtotta, hogy saj\u00e1t vizsg\u00e1latuk szerint a g\u00e9pet eltal\u00e1l\u00f3 rak\u00e9t\u00e1t nem szakad\u00e1r, hanem az ukr\u00e1n fegyveres er\u0151k \u00e1ltal ellen\u0151rz\u00f6tt ter\u00fcletr\u0151l l\u0151tt\u00e9k ki. A katasztr\u00f3fa ut\u00e1n Moszkv\u00e1ban t\u00f6bb \u00edzben azt \u00e1ll\u00edtott\u00e1k, hogy egy Szu-25-\u00f6s ukr\u00e1n csatarep\u00fcl\u0151g\u00e9p tal\u00e1lta el leveg\u0151-leveg\u0151 rak\u00e9t\u00e1val az utassz\u00e1ll\u00edt\u00f3t, ezt azonban k\u00e9ptelens\u00e9gnek nevezt\u00e9k k\u00fclf\u00f6ldi, de m\u00e9g orosz szak\u00e9rt\u0151k is. A &#8222;csatarep\u00fcl\u0151g\u00e9p-verzi\u00f3t&#8221; al\u00e1t\u00e1masztand\u00f3, az orosz vezet\u00e9s k\u00f6zz\u00e9tett egy m\u0171holddal k\u00e9sz\u00edtett f\u00e9nyk\u00e9pet is, amir\u0151l viszont a netez\u0151k hamar bizony\u00edtott\u00e1k, hogy hamis\u00edtv\u00e1ny. Az Almaz-Antej j\u00faniusban elismerte, hogy val\u00f3sz\u00edn\u0171leg val\u00f3ban Buk l\u00e9gv\u00e9delmi rak\u00e9t\u00e1val l\u0151tt\u00e9k le a g\u00e9pet, viszont azt \u00e1ll\u00edtotta, hogy olyan r\u00e9gi t\u00edpus\u00faval, amely az orosz hadseregben m\u00e1r nincs hadrendben, viszont az ukr\u00e1n fegyveres er\u0151k nagy sz\u00e1mban rendelkeznek vele.<br \/>\n    A 298, t\u00f6bbs\u00e9g\u00e9ben holland \u00e1llampolg\u00e1rs\u00e1g\u00fa hal\u00e1los \u00e1ldozatot k\u00f6vetel\u0151 katasztr\u00f3fa k\u00f6r\u00fclm\u00e9nyeir\u0151l k\u00e9sz\u00fclt v\u00e9gleges nemzetk\u00f6zi szak\u00e9rt\u0151i jelent\u00e9st kedden d\u00e9lut\u00e1n hozta nyilv\u00e1noss\u00e1gra a vizsg\u00e1lat \u00f6sszehangol\u00e1s\u00e1val megb\u00edzott Holland Biztons\u00e1gi Iroda (OVV).<br \/>\n(MTI)<\/p>\n","protected":false},"excerpt":{"rendered":"<p>Az orosz titkosszolg\u00e1latok tervelt\u00e9k ki a tavaly ny\u00e1ron lezuhant mal\u00e1j utassz\u00e1ll\u00edt\u00f3 g\u00e9p lel\u00f6v\u00e9s\u00e9t a kelet-ukrajnai szakad\u00e1rok \u00e1ltal ellen\u0151rz\u00f6tt ter\u00fcletr\u0151l &#8211; jelentette ki Arszenyij Jacenyuk ukr\u00e1n minisztereln\u00f6k kedden Kijevben a korm\u00e1ny \u00fcl\u00e9s\u00e9n.<\/p>\n","protected":false},"author":1,"featured_media":0,"comment_status":"open","ping_status":"closed","sticky":false,"template":"","format":"standard","meta":[],"categories":[139],"tags":[],"_links":{"self":[{"href":"https:\/\/gazdasagportal.hu\/index.php\/wp-json\/wp\/v2\/posts\/68885"}],"collection":[{"href":"https:\/\/gazdasagportal.hu\/index.php\/wp-json\/wp\/v2\/posts"}],"about":[{"href":"https:\/\/gazdasagportal.hu\/index.php\/wp-json\/wp\/v2\/types\/post"}],"author":[{"embeddable":true,"href":"https:\/\/gazdasagportal.hu\/index.php\/wp-json\/wp\/v2\/users\/1"}],"replies":[{"embeddable":true,"href":"https:\/\/gazdasagportal.hu\/index.php\/wp-json\/wp\/v2\/comments?post=68885"}],"version-history":[{"count":1,"href":"https:\/\/gazdasagportal.hu\/index.php\/wp-json\/wp\/v2\/posts\/68885\/revisions"}],"predecessor-version":[{"id":68886,"href":"https:\/\/gazdasagportal.hu\/index.php\/wp-json\/wp\/v2\/posts\/68885\/revisions\/68886"}],"wp:attachment":[{"href":"https:\/\/gazdasagportal.hu\/index.php\/wp-json\/wp\/v2\/media?parent=68885"}],"wp:term":[{"taxonomy":"category","embeddable":true,"href":"https:\/\/gazdasagportal.hu\/index.php\/wp-json\/wp\/v2\/categories?post=68885"},{"taxonomy":"post_tag","embeddable":true,"href":"https:\/\/gazdasagportal.hu\/index.php\/wp-json\/wp\/v2\/tags?post=68885"}],"curies":[{"name":"wp","href":"https:\/\/api.w.org\/{rel}","templated":true}]}}