{"id":68874,"date":"2015-10-13T13:20:02","date_gmt":"2015-10-13T11:20:02","guid":{"rendered":"http:\/\/gazdasagportal.hu\/?p=68874"},"modified":"2015-10-13T12:57:49","modified_gmt":"2015-10-13T10:57:49","slug":"a-kopint-tarki-idenre-3-jovore-25-szazalekos-novekedest-var","status":"publish","type":"post","link":"https:\/\/gazdasagportal.hu\/index.php\/a-kopint-tarki-idenre-3-jovore-25-szazalekos-novekedest-var\/","title":{"rendered":"A Kopint-T\u00e1rki id\u00e9nre 3, j\u00f6v\u0151re 2,5 sz\u00e1zal\u00e9kos n\u00f6veked\u00e9st v\u00e1r"},"content":{"rendered":"<p><strong>A Kopint-T\u00e1rki 3 sz\u00e1zal\u00e9kra m\u00f3dos\u00edtotta idei n\u00f6veked\u00e9si el\u0151rejelz\u00e9s\u00e9t a kor\u00e1bban prognosztiz\u00e1lt 3,2 sz\u00e1zal\u00e9kr\u00f3l, m\u00edg j\u00f6v\u0151re a kor\u00e1bban k\u00f6z\u00f6ltn\u00e9l \u00e1rnyalatnyival magasabb, 2,5 sz\u00e1zal\u00e9kos brutt\u00f3 hazai term\u00e9k (GDP) emelked\u00e9ssel sz\u00e1mol.<\/strong><!--more--><\/p>\n<div class=\"ads-in-post1\"><div id=\"gazdasagportal.hu_fullbanner_wideboard\"><\/div>\r\n<\/div>\n<p>    A Kopint-T\u00e1rki Zrt. friss konjunkt\u00farajelent\u00e9s\u00e9t bemutat\u00f3 keddi budapesti sajt\u00f3t\u00e1j\u00e9koztat\u00f3n \u00c1d\u00e1m Zolt\u00e1n, a t\u00e1rsas\u00e1g \u00fcgyvezet\u0151 igazgat\u00f3ja kiemelte: k\u00f6z\u00e9pt\u00e1von szer\u00e9ny, de fenntarthat\u00f3nak t\u0171n\u0151 n\u00f6veked\u00e9s k\u00e9pe bontakozik ki a magyar gazdas\u00e1gban, a gyors felz\u00e1rk\u00f3z\u00e1s rem\u00e9nye n\u00e9lk\u00fcl.<br \/>\n    \u00c1d\u00e1m Zolt\u00e1n kifejtette, hogy infl\u00e1ci\u00f3s el\u0151rejelz\u00e9s\u00fcket cs\u00f6kkentett\u00e9k: id\u00e9nre 0,1 sz\u00e1zal\u00e9kos \u00e1tlagos fogyaszt\u00f3i \u00e1rcs\u00f6kken\u00e9st v\u00e1r a Kopint-T\u00e1rki, 2016-ban pedig &#8211; a j\u00faliusi el\u0151rejelz\u00e9sben r\u00f6gz\u00edtett 2,6 sz\u00e1zal\u00e9kkal szemben &#8211; csak 1,7 sz\u00e1zal\u00e9kos infl\u00e1ci\u00f3val sz\u00e1mol.<br \/>\n    Hozz\u00e1tette: tarthat\u00f3nak l\u00e1tj\u00e1k a 2015-re kit\u0171z\u00f6tt, GDP-ar\u00e1nyos 2,4 sz\u00e1zal\u00e9kos k\u00f6lts\u00e9gvet\u00e9si hi\u00e1nyc\u00e9lt, a hi\u00e1ny j\u00f6v\u0151re 2,2 sz\u00e1zal\u00e9k lehet.<br \/>\n    \u00c1d\u00e1m Zolt\u00e1n elmondta: az \u00e1llamh\u00e1ztart\u00e1s idei gazd\u00e1lkod\u00e1sa stabilnak t\u0171nik, a korm\u00e1nyzati szektor hi\u00e1nya a m\u00e1sodik negyed\u00e9vben 0,3 sz\u00e1zal\u00e9kra zsugorodott az el\u0151z\u0151 negyed\u00e9vi 2 sz\u00e1zal\u00e9kr\u00f3l. A f\u0151bb ad\u00f3nemekb\u0151l szinte kiv\u00e9tel n\u00e9lk\u00fcl nagyobb bev\u00e9tel folyt be, mint egy \u00e9vvel kor\u00e1bban. Ugyanakkor a kiad\u00e1sok is emelkedtek, els\u0151sorban az eur\u00f3pai uni\u00f3s t\u00e1mogat\u00e1sokhoz kapcsol\u00f3d\u00f3 k\u00f6lts\u00e9gvet\u00e9si el\u0151finansz\u00edroz\u00e1s miatt &#8211; mondta az \u00fcgyvezet\u0151 igazgat\u00f3.<br \/>\n    A Kopint-T\u00e1rki szerint folytat\u00f3dik az \u00e1llamad\u00f3ss\u00e1g lass\u00fa, elny\u00fajtott cs\u00f6kken\u00e9se, \u00edgy id\u00e9n 75,5, j\u00f6v\u0151re 74,7 sz\u00e1zal\u00e9kos GDP-ar\u00e1nyos ad\u00f3ss\u00e1gr\u00e1ta v\u00e1rhat\u00f3. A brutt\u00f3 \u00e1ll\u00f3eszk\u00f6z-felhalmoz\u00e1s id\u00e9n 2 sz\u00e1zal\u00e9kkal n\u0151het, 2016-ban azonban m\u00e1r 0,5 sz\u00e1zal\u00e9kos cs\u00f6kken\u00e9s v\u00e1rhat\u00f3.<br \/>\n    A forint\/eur\u00f3 \u00e1tlagos \u00e1rfolyamra 2015-re \u00e9s 2016-ra is 309-es szintet jelez el\u0151re a Kopint.<br \/>\n    A k\u00fclkereskedelmi term\u00e9kforgalommal kapcsolatban \u00c1d\u00e1m Zolt\u00e1n elmondta: a kivitel \u00e9s behozatal dinamik\u00e1ja k\u00f6z\u00f6tti k\u00fcl\u00f6nbs\u00e9g kiss\u00e9 m\u00e9rs\u00e9kl\u0151d\u00f6tt a m\u00e1sodik negyed\u00e9vben, de a jelek szerint j\u00falius-augusztusban nem zsugorodott tov\u00e1bb. A k\u00fclkereskedelmi m\u00e9rleg t\u00f6bblete \u00edgy k\u00f6zel 30 sz\u00e1zal\u00e9kkal n\u0151tt 2015 els\u0151 nyolc h\u00f3napj\u00e1ban, \u00e9s ez a n\u00f6veked\u00e9s az \u00e9v h\u00e1tral\u00e9v\u0151 r\u00e9sz\u00e9ben is folytat\u00f3dhat. Az ipar \u00e9s szolg\u00e1ltat\u00e1sok n\u00f6veked\u00e9si hozz\u00e1j\u00e1rul\u00e1sa fontos \u00e9s pozit\u00edv marad, \u00e9s ez igaz a nett\u00f3 exportra is &#8211; tette hozz\u00e1 \u00c1d\u00e1m Zolt\u00e1n.<br \/>\n    A foglalkoztat\u00e1si adatok a munkaer\u0151piaci helyzet javul\u00e1s\u00e1t mutatj\u00e1k: a versenyszektorban is b\u0151v\u00fcl a munkahelyek sz\u00e1ma, mik\u00f6zben a munkan\u00e9lk\u00fclis\u00e9g cs\u00f6kken &#8211; mondta az \u00fcgyvezet\u0151 igazgat\u00f3. A Kopint-T\u00e1rki 2015-re a foglalkoztatottak sz\u00e1m\u00e1ban 2,8 sz\u00e1zal\u00e9kos n\u00f6veked\u00e9st v\u00e1r a 15-74 \u00e9ves n\u00e9pess\u00e9g k\u00f6r\u00e9ben a k\u00f6zfoglalkoztatottakkal egy\u00fctt, 2016-ra pedig 1,4 sz\u00e1zal\u00e9kos n\u00f6veked\u00e9ssel sz\u00e1mol. Ezzel p\u00e1rhuzamosan id\u00e9nre 6,9, j\u00f6v\u0151re 6,5 sz\u00e1zal\u00e9kos munkan\u00e9lk\u00fclis\u00e9gi r\u00e1t\u00e1t v\u00e1r.<br \/>\n    Vakhal P\u00e9ter, a Kopint-T\u00e1rki tudom\u00e1nyos munkat\u00e1rsa elmondta: a magyar feldolgoz\u00f3ipari v\u00e1llalkoz\u00e1sok konjunkt\u00faraindex\u00e9nek lend\u00fclete a 3. negyed\u00e9vben megtorpanni l\u00e1tszik; a kis- \u00e9s nagyv\u00e1llalatok k\u00f6z\u00f6tt \u00e9les a k\u00fcl\u00f6nbs\u00e9g, ami a rendel\u00e9s\u00e1llom\u00e1nyon is l\u00e1tszik, ut\u00f3bbi f\u0151k\u00e9nt a kisebb c\u00e9gekn\u00e9l esett vissza.<br \/>\n    Sz\u00f3lt arr\u00f3l is, hogy a Vil\u00e1ggazdas\u00e1gi F\u00f3rum Glob\u00e1lis Versenyk\u00e9pess\u00e9gi rangsor\u00e1ban Magyarorsz\u00e1g h\u00e1rom helyet rontott tavalyhoz k\u00e9pest, \u00edgy a 63. helyen \u00e1ll. A legnagyobb versenyk\u00e9pess\u00e9gi h\u00e1tr\u00e1ny tov\u00e1bbra is az int\u00e9zm\u00e9nyrendszerb\u0151l fakad &#8211; tette hozz\u00e1 Vakhal P\u00e9ter.(MTI)<\/p>\n","protected":false},"excerpt":{"rendered":"<p>A Kopint-T\u00e1rki 3 sz\u00e1zal\u00e9kra m\u00f3dos\u00edtotta idei n\u00f6veked\u00e9si el\u0151rejelz\u00e9s\u00e9t a kor\u00e1bban prognosztiz\u00e1lt 3,2 sz\u00e1zal\u00e9kr\u00f3l, m\u00edg j\u00f6v\u0151re a kor\u00e1bban k\u00f6z\u00f6ltn\u00e9l \u00e1rnyalatnyival magasabb, 2,5 sz\u00e1zal\u00e9kos brutt\u00f3 hazai term\u00e9k (GDP) emelked\u00e9ssel sz\u00e1mol.<\/p>\n","protected":false},"author":1,"featured_media":0,"comment_status":"open","ping_status":"closed","sticky":false,"template":"","format":"standard","meta":[],"categories":[19],"tags":[],"_links":{"self":[{"href":"https:\/\/gazdasagportal.hu\/index.php\/wp-json\/wp\/v2\/posts\/68874"}],"collection":[{"href":"https:\/\/gazdasagportal.hu\/index.php\/wp-json\/wp\/v2\/posts"}],"about":[{"href":"https:\/\/gazdasagportal.hu\/index.php\/wp-json\/wp\/v2\/types\/post"}],"author":[{"embeddable":true,"href":"https:\/\/gazdasagportal.hu\/index.php\/wp-json\/wp\/v2\/users\/1"}],"replies":[{"embeddable":true,"href":"https:\/\/gazdasagportal.hu\/index.php\/wp-json\/wp\/v2\/comments?post=68874"}],"version-history":[{"count":1,"href":"https:\/\/gazdasagportal.hu\/index.php\/wp-json\/wp\/v2\/posts\/68874\/revisions"}],"predecessor-version":[{"id":68875,"href":"https:\/\/gazdasagportal.hu\/index.php\/wp-json\/wp\/v2\/posts\/68874\/revisions\/68875"}],"wp:attachment":[{"href":"https:\/\/gazdasagportal.hu\/index.php\/wp-json\/wp\/v2\/media?parent=68874"}],"wp:term":[{"taxonomy":"category","embeddable":true,"href":"https:\/\/gazdasagportal.hu\/index.php\/wp-json\/wp\/v2\/categories?post=68874"},{"taxonomy":"post_tag","embeddable":true,"href":"https:\/\/gazdasagportal.hu\/index.php\/wp-json\/wp\/v2\/tags?post=68874"}],"curies":[{"name":"wp","href":"https:\/\/api.w.org\/{rel}","templated":true}]}}