{"id":68868,"date":"2015-10-13T12:02:42","date_gmt":"2015-10-13T10:02:42","guid":{"rendered":"http:\/\/gazdasagportal.hu\/?p=68868"},"modified":"2015-10-13T12:02:42","modified_gmt":"2015-10-13T10:02:42","slug":"illegalis-bevandorlas-tovabbra-is-tomegesen-erkeznek-a-migransok-szerbiabol-horvatorszagba","status":"publish","type":"post","link":"https:\/\/gazdasagportal.hu\/index.php\/illegalis-bevandorlas-tovabbra-is-tomegesen-erkeznek-a-migransok-szerbiabol-horvatorszagba\/","title":{"rendered":"Illeg\u00e1lis bev\u00e1ndorl\u00e1s &#8211; Tov\u00e1bbra is t\u00f6megesen \u00e9rkeznek a migr\u00e1nsok Szerbi\u00e1b\u00f3l Horv\u00e1torsz\u00e1gba"},"content":{"rendered":"<p><strong>Tov\u00e1bbra is t\u00f6megesen \u00e9rkeznek a migr\u00e1nsok Szerbi\u00e1b\u00f3l Horv\u00e1torsz\u00e1gba, \u00e9s nem cs\u00f6kkent a sz\u00e1muk &#8211; k\u00f6z\u00f6lte a horv\u00e1t k\u00f6zszolg\u00e1lati r\u00e1di\u00f3 kedden.<\/strong><!--more--><\/p>\n<div class=\"ads-in-post1\"><div id=\"gazdasagportal.hu_fullbanner_wideboard\"><\/div>\r\n<\/div>\n<p>    A bel\u00fcgyminiszt\u00e9rium legfrissebb adatai szerint szeptember k\u00f6zepe, a magyar-szerb z\u00f6ldhat\u00e1r lez\u00e1r\u00e1sa \u00f3ta 168 ezer illeg\u00e1lis bev\u00e1ndorl\u00f3 l\u00e9pte \u00e1t a szerb-horv\u00e1t hat\u00e1rt. Horv\u00e1torsz\u00e1g ter\u00fclet\u00e9re &#8211; a kelet-szlav\u00f3niai Babska \u00e9s Tovarnik k\u00f6rzet\u00e9be &#8211; egy nap alatt 7700 migr\u00e1ns \u00e9rkezett, akiket az opatovaci s\u00e1tort\u00e1borb\u00f3l vonattal \u00e9s buszokkal folyamatosan sz\u00e1ll\u00edtanak a magyar hat\u00e1rra.<br \/>\n     A horv\u00e1t korm\u00e1ny a kelet-horv\u00e1torsz\u00e1gi Br\u00f3dban (Slavonski Brod) egy t\u00e9lies\u00edtett tranzitk\u00f6zpont l\u00e9tes\u00edt\u00e9s\u00e9t tervezi, ahonn\u00e9t a bel\u00fcgyminiszt\u00e9rium szerint gyorsabban \u00e9s k\u00e9nyelmesebben lesznek elsz\u00e1ll\u00edthat\u00f3ak az emberek. Az opatovaci befogad\u00f3\u00e1llom\u00e1s addig m\u0171k\u00f6dik, am\u00edg a br\u00f3di el nem k\u00e9sz\u00fcl.<br \/>\n(MTI)<\/p>\n","protected":false},"excerpt":{"rendered":"<p>Tov\u00e1bbra is t\u00f6megesen \u00e9rkeznek a migr\u00e1nsok Szerbi\u00e1b\u00f3l Horv\u00e1torsz\u00e1gba, \u00e9s nem cs\u00f6kkent a sz\u00e1muk &#8211; k\u00f6z\u00f6lte a horv\u00e1t k\u00f6zszolg\u00e1lati r\u00e1di\u00f3 kedden.<\/p>\n","protected":false},"author":1,"featured_media":0,"comment_status":"open","ping_status":"closed","sticky":false,"template":"","format":"standard","meta":[],"categories":[12],"tags":[],"_links":{"self":[{"href":"https:\/\/gazdasagportal.hu\/index.php\/wp-json\/wp\/v2\/posts\/68868"}],"collection":[{"href":"https:\/\/gazdasagportal.hu\/index.php\/wp-json\/wp\/v2\/posts"}],"about":[{"href":"https:\/\/gazdasagportal.hu\/index.php\/wp-json\/wp\/v2\/types\/post"}],"author":[{"embeddable":true,"href":"https:\/\/gazdasagportal.hu\/index.php\/wp-json\/wp\/v2\/users\/1"}],"replies":[{"embeddable":true,"href":"https:\/\/gazdasagportal.hu\/index.php\/wp-json\/wp\/v2\/comments?post=68868"}],"version-history":[{"count":1,"href":"https:\/\/gazdasagportal.hu\/index.php\/wp-json\/wp\/v2\/posts\/68868\/revisions"}],"predecessor-version":[{"id":68869,"href":"https:\/\/gazdasagportal.hu\/index.php\/wp-json\/wp\/v2\/posts\/68868\/revisions\/68869"}],"wp:attachment":[{"href":"https:\/\/gazdasagportal.hu\/index.php\/wp-json\/wp\/v2\/media?parent=68868"}],"wp:term":[{"taxonomy":"category","embeddable":true,"href":"https:\/\/gazdasagportal.hu\/index.php\/wp-json\/wp\/v2\/categories?post=68868"},{"taxonomy":"post_tag","embeddable":true,"href":"https:\/\/gazdasagportal.hu\/index.php\/wp-json\/wp\/v2\/tags?post=68868"}],"curies":[{"name":"wp","href":"https:\/\/api.w.org\/{rel}","templated":true}]}}