{"id":68863,"date":"2015-10-13T11:06:22","date_gmt":"2015-10-13T09:06:22","guid":{"rendered":"http:\/\/gazdasagportal.hu\/?p=68863"},"modified":"2015-10-13T11:06:22","modified_gmt":"2015-10-13T09:06:22","slug":"nemetorszagban-sajtoertesules-szerint-meghosszabbitjak-a-hatarellenorzest","status":"publish","type":"post","link":"https:\/\/gazdasagportal.hu\/index.php\/nemetorszagban-sajtoertesules-szerint-meghosszabbitjak-a-hatarellenorzest\/","title":{"rendered":"N\u00e9metorsz\u00e1gban sajt\u00f3\u00e9rtes\u00fcl\u00e9s szerint meghosszabb\u00edtj\u00e1k a hat\u00e1rellen\u0151rz\u00e9st"},"content":{"rendered":"<p><strong>N\u00e9metorsz\u00e1gban fenntartj\u00e1k az egy h\u00f3napja ideiglenesen vissza\u00e1ll\u00edtott hat\u00e1rellen\u0151rz\u00e9st, egyel\u0151re november 1-j\u00e9ig, err\u0151l Thomas de Maiziere sz\u00f6vets\u00e9gi bel\u00fcgyminiszter m\u00e1r t\u00e1j\u00e9koztatta az Eur\u00f3pai Bizotts\u00e1got a Spiegel Online h\u00edrport\u00e1l szerint.<\/strong><!--more--><\/p>\n<div class=\"ads-in-post1\"><div id=\"gazdasagportal.hu_fullbanner_wideboard\"><\/div>\r\n<\/div>\n<p>    A bel\u00fcgyminiszter a br\u00fcsszeli test\u00fclet migr\u00e1ci\u00f3s \u00fcgyek\u00e9rt felel\u0151s tagj\u00e1nak, Dimitrisz Avramopulosznak k\u00fcld\u00f6tt level\u00e9ben kiemelte, hogy a &#8222;harmadik orsz\u00e1gok \u00e1llampolg\u00e1rainak hatalmas m\u00e9ret\u0171 \u00e9s szinte t\u00f6retlen \u00e1radata&#8221; miatt, valamint a k\u00f6zbiztons\u00e1g \u00e9s k\u00f6zrend fenntart\u00e1s\u00e1nak c\u00e9lj\u00e1b\u00f3l tov\u00e1bbra is sz\u00fcks\u00e9g van az ellen\u0151rz\u00e9sre, mindenekel\u0151tt az Ausztri\u00e1val k\u00f6z\u00f6s hat\u00e1ron.<br \/>\n    N\u00e9metorsz\u00e1g szeptember 13-\u00e1n \u00e1ll\u00edtotta vissza ideiglenesen a hat\u00e1rellen\u0151rz\u00e9st, hivatkozva a Schengeni hat\u00e1rellen\u0151rz\u00e9si k\u00f3dexre, amelynek 23. cikke szerint a tag\u00e1llamok a k\u00f6zrendet vagy a bels\u0151 biztons\u00e1got fenyeget\u0151 komoly vesz\u00e9ly eset\u00e9n legfeljebb 30 napos id\u0151tartamra &#8211; illetve a komoly vesz\u00e9ly v\u00e1rhat\u00f3 id\u0151tartam\u00e1ra, ha az meghaladja a 30 napos id\u0151szakot &#8211; vissza\u00e1ll\u00edthatj\u00e1k az ellen\u0151rz\u00e9st a bels\u0151 hat\u00e1raikon.<br \/>\n    A bel\u00fcgyminiszter egy h\u00f3napja azzal indokolta az int\u00e9zked\u00e9st, hogy korl\u00e1tozni kell \u00e9s rendezett mederbe kell terelni a N\u00e9metorsz\u00e1gba igyekv\u0151 mened\u00e9kk\u00e9r\u0151k &#8222;\u00e1radat\u00e1t&#8221;.<br \/>\n    A folyamat az ut\u00f3bbi 30 napban rendezettebb\u00e9 v\u00e1lt, a mened\u00e9kk\u00e9r\u0151ket rendszerint k\u00fcl\u00f6nvonatokkal sz\u00e1ll\u00edtj\u00e1k \u00e1t Ausztri\u00e1b\u00f3l, de a Magyarorsz\u00e1gr\u00f3l elindult mened\u00e9kk\u00e9r\u0151k beenged\u00e9s\u00e9r\u0151l szeptember 5-re virrad\u00f3ra hozott d\u00f6nt\u00e9s ut\u00e1n dr\u00e1mai m\u00e9rt\u00e9kben f\u00f6ler\u0151s\u00f6d\u00f6tt hull\u00e1m nem csillapodott.<br \/>\n    A Spiegel Online id\u00e9zett a hat\u00e1rellen\u0151rz\u00e9s\u00e9rt felel\u0151s sz\u00f6vets\u00e9gi rend\u0151rs\u00e9g egy bels\u0151 jelent\u00e9s\u00e9b\u0151l, amely szerint Ausztri\u00e1ba szeptember 5. \u00e9s okt\u00f3ber 5. k\u00f6z\u00f6tt 221 148 migr\u00e1ns l\u00e9pett be, \u00e9s csup\u00e1n 3,8 sz\u00e1zal\u00e9kuk ny\u00fajtott be mened\u00e9kjogi k\u00e9relmet a N\u00e9metorsz\u00e1ggal szomsz\u00e9dos orsz\u00e1gban. Ugyanebben az id\u0151szakban N\u00e9metorsz\u00e1gb\u00f3l nagyj\u00e1b\u00f3l 32 ezer migr\u00e1ns indult tov\u00e1bb a skandin\u00e1v orsz\u00e1gok fel\u00e9.<br \/>\n    A jelent\u00e9s szerint tov\u00e1bbra is a balk\u00e1ni migr\u00e1ci\u00f3s \u00fatvonal a legforgalmasabb. Az id\u0151j\u00e1r\u00e1st\u00f3l f\u00fcgg\u0151en naponta 1000 \u00e9s 4800 k\u00f6z\u00f6tt mozog a g\u00f6r\u00f6g-t\u00f6r\u00f6k uni\u00f3s k\u00fcls\u0151 hat\u00e1ron, az \u00c9gei-tenger keleti r\u00e9sz\u00e9n fekv\u0151 g\u00f6r\u00f6g szigeteken partot \u00e9r\u0151 migr\u00e1nsok sz\u00e1ma. A balk\u00e1ni migr\u00e1ci\u00f3s \u00fatvonalhoz k\u00e9pest az Olaszorsz\u00e1gon kereszt\u00fcl vezet\u0151 \u00fatvonal forgalma j\u00f3val csek\u00e9lyebb. Az olasz szigeteken janu\u00e1r 1-j\u00e9t\u0151l okt\u00f3ber 7-ig 134 657 migr\u00e1ns \u00e9rt partot, ami nagyj\u00e1b\u00f3l 10 ezres cs\u00f6kken\u00e9s az egy \u00e9vvel kor\u00e1bbihoz k\u00e9pest.<br \/>\n    M\u00edg tavaly a sz\u00edrek alkott\u00e1k a legnagyobb csoportot &#8211; 2014-ben eg\u00e9sz \u00e9vben 170 100 migr\u00e1ns meg\u00e9rkez\u00e9s\u00e9t jegyezt\u00e9k fel, k\u00f6z\u00f6tt\u00fck 42 323 sz\u00edriai \u00e1llampolg\u00e1r\u00e9t -, az id\u00e9n eddig a 10 ezret sem \u00e9rte el az EU-ba Olaszorsz\u00e1gban bel\u00e9p\u0151 sz\u00edr mened\u00e9kk\u00e9r\u0151k sz\u00e1ma a n\u00e9met sz\u00f6vets\u00e9gi rend\u0151rs\u00e9g adatai szerint.(MTI)<\/p>\n","protected":false},"excerpt":{"rendered":"<p>N\u00e9metorsz\u00e1gban fenntartj\u00e1k az egy h\u00f3napja ideiglenesen vissza\u00e1ll\u00edtott hat\u00e1rellen\u0151rz\u00e9st, egyel\u0151re november 1-j\u00e9ig, err\u0151l Thomas de Maiziere sz\u00f6vets\u00e9gi bel\u00fcgyminiszter m\u00e1r t\u00e1j\u00e9koztatta az Eur\u00f3pai Bizotts\u00e1got a Spiegel Online h\u00edrport\u00e1l szerint.<\/p>\n","protected":false},"author":1,"featured_media":0,"comment_status":"open","ping_status":"closed","sticky":false,"template":"","format":"standard","meta":[],"categories":[12],"tags":[],"_links":{"self":[{"href":"https:\/\/gazdasagportal.hu\/index.php\/wp-json\/wp\/v2\/posts\/68863"}],"collection":[{"href":"https:\/\/gazdasagportal.hu\/index.php\/wp-json\/wp\/v2\/posts"}],"about":[{"href":"https:\/\/gazdasagportal.hu\/index.php\/wp-json\/wp\/v2\/types\/post"}],"author":[{"embeddable":true,"href":"https:\/\/gazdasagportal.hu\/index.php\/wp-json\/wp\/v2\/users\/1"}],"replies":[{"embeddable":true,"href":"https:\/\/gazdasagportal.hu\/index.php\/wp-json\/wp\/v2\/comments?post=68863"}],"version-history":[{"count":1,"href":"https:\/\/gazdasagportal.hu\/index.php\/wp-json\/wp\/v2\/posts\/68863\/revisions"}],"predecessor-version":[{"id":68864,"href":"https:\/\/gazdasagportal.hu\/index.php\/wp-json\/wp\/v2\/posts\/68863\/revisions\/68864"}],"wp:attachment":[{"href":"https:\/\/gazdasagportal.hu\/index.php\/wp-json\/wp\/v2\/media?parent=68863"}],"wp:term":[{"taxonomy":"category","embeddable":true,"href":"https:\/\/gazdasagportal.hu\/index.php\/wp-json\/wp\/v2\/categories?post=68863"},{"taxonomy":"post_tag","embeddable":true,"href":"https:\/\/gazdasagportal.hu\/index.php\/wp-json\/wp\/v2\/tags?post=68863"}],"curies":[{"name":"wp","href":"https:\/\/api.w.org\/{rel}","templated":true}]}}