{"id":68813,"date":"2015-10-12T11:54:27","date_gmt":"2015-10-12T09:54:27","guid":{"rendered":"http:\/\/gazdasagportal.hu\/?p=68813"},"modified":"2015-10-12T11:54:27","modified_gmt":"2015-10-12T09:54:27","slug":"sziria-az-orosz-beavatkozas-az-egesz-helyzetet-megvaltoztatja","status":"publish","type":"post","link":"https:\/\/gazdasagportal.hu\/index.php\/sziria-az-orosz-beavatkozas-az-egesz-helyzetet-megvaltoztatja\/","title":{"rendered":"Sz\u00edria &#8211; Az orosz beavatkoz\u00e1s az eg\u00e9sz helyzetet megv\u00e1ltoztatja"},"content":{"rendered":"<p><strong>Az orosz beavatkoz\u00e1s Sz\u00edri\u00e1ban nyilv\u00e1nval\u00f3an &#8222;game changer&#8221;, vagyis olyan \u00faj t\u00e9nyez\u0151, amely alapjaiban v\u00e1ltoztatja meg a helyzetet &#8211; hangoztatta h\u00e9tf\u0151n, az Eur\u00f3pai Uni\u00f3 k\u00fcl\u00fcgyminisztereinek tan\u00e1cskoz\u00e1s\u00e1t megel\u0151z\u0151en Federica Mogherini, az EU k\u00fcl\u00fcgyi f\u0151k\u00e9pvisel\u0151je \u00fajs\u00e1g\u00edr\u00f3knak nyilatkozva.<\/strong><!--more--><\/p>\n<div class=\"ads-in-post1\"><div id=\"gazdasagportal.hu_fullbanner_wideboard\"><\/div>\r\n<\/div>\n<p>    Hozz\u00e1tette, hogy az orosz fell\u00e9p\u00e9snek vannak &#8222;nagyon aggaszt\u00f3 elemei&#8221;, p\u00e9ld\u00e1ul T\u00f6r\u00f6korsz\u00e1g l\u00e9gter\u00e9nek megs\u00e9rt\u00e9se.<br \/>\n    Az uni\u00f3s diplom\u00e1cia vezet\u0151je hangs\u00falyozta, hogy a l\u00e9gicsap\u00e1soknak az Iszl\u00e1m \u00c1llam (I\u00c1) \u00e9s az ENSZ \u00e1ltal meghat\u00e1rozott m\u00e1s terrorszervezetek ellen kell ir\u00e1nyulniuk, s \u00f6ssze kell hangolni a nemzetk\u00f6zi k\u00f6z\u00f6ss\u00e9g tev\u00e9kenys\u00e9g\u00e9t. M\u00e1sk\u00fcl\u00f6nben ez nagyon kock\u00e1zatos &#8211; h\u00fazta al\u00e1 Federica Mogherini.<br \/>\n    Mint mondta, arra sz\u00e1m\u00edt, hogy a tag\u00e1llamok egys\u00e9gesen ki\u00e1llnak az ENSZ mellett, hogy elkezd\u0151dhessen a politikai \u00e1tmenet.<br \/>\n    Bass\u00e1r el-Aszad sz\u00edriai eln\u00f6k szerep\u00e9r\u0151l a k\u00fcl\u00fcgyi f\u0151k\u00e9pvisel\u0151 azt mondta: a konfliktus minden relev\u00e1ns t\u00e9nyez\u0151j\u00e9t le kell \u00fcltetni a t\u00e1rgyal\u00f3asztal k\u00f6r\u00e9.<br \/>\n    Az uni\u00f3s tan\u00e1cskoz\u00e1sra \u00e9rkez\u0151 k\u00fcl\u00fcgyminiszterek is kor\u00e1bbi megnyilatkoz\u00e1saikn\u00e1l \u00f3vatosabban fogalmaztak a sz\u00edriai eln\u00f6kkel kapcsolatban. Az uni\u00f3s \u00e1ll\u00e1spont hivatalosan egyel\u0151re az, hogy Aszadnak mennie kell, \u00e1m most t\u00f6bb k\u00fcl\u00fcgyminiszter is arr\u00f3l besz\u00e9lt, hogy Aszadot is be kell vonni a politikai p\u00e1rbesz\u00e9dbe, legal\u00e1bb annak \u00e9rdek\u00e9ben, hogy az \u00e1tmenetr\u0151l lehessen vele t\u00e1rgyalni. Ezt az \u00e1ll\u00e1spontot k\u00e9pviselte p\u00e9ld\u00e1ul a d\u00e1n k\u00fcl\u00fcgyminiszter, Kristian Jensen.<br \/>\n    Linas Linkevicius litv\u00e1n t\u00e1rcavezet\u0151 arr\u00f3l besz\u00e9lt, hogy Aszad &#8222;nem lehet r\u00e9sze Sz\u00edria j\u00f6v\u0151j\u00e9nek&#8221;. Az orosz beavatkoz\u00e1ssal kapcsolatban elmondta: tart\u00f3zkodni kell az egyoldal\u00fa akci\u00f3kt\u00f3l, a t\u00e1mad\u00e1sokat az Iszl\u00e1m \u00c1llamra kell \u00f6sszpontos\u00edtani.<br \/>\n    Miroslav Lajc\u00e1k szlov\u00e1k k\u00fcl\u00fcgyminiszter is \u00fagy v\u00e9lte, hogy az orosz beavatkoz\u00e1s &#8222;bizonyos \u00e9rtelemben game changer&#8221;, \u00e9s erre reag\u00e1lni kell, mint mondta: az EU t\u00fal sokat spekul\u00e1lt Aszad j\u00f6v\u0151j\u00e9vel kapcsolatban, most viszont a jelenlegi helyzetet kell megoldani.<br \/>\n    &#8222;Aszad ism\u00e9t t\u00e9nyez\u0151 lett, amit figyelembe kell venni. V\u00e1gy\u00e1lmokra nem lehet strat\u00e9gi\u00e1t \u00e9p\u00edteni, csak a val\u00f3s\u00e1gra&#8221; &#8211; h\u00fazta al\u00e1 Lajc\u00e1k, hozz\u00e1t\u00e9ve: &#8222;nem az a k\u00e9rd\u00e9s, kit szeret\u00fcnk vagy kit nem, hanem, hogy ki sz\u00e1m\u00edt, \u00e9s Aszad most ism\u00e9t relev\u00e1ns t\u00e9nyez\u0151&#8221;.<br \/>\n    Philip Hammond, az Egyes\u00fclt Kir\u00e1lys\u00e1g k\u00fcl\u00fcgyminisztere arra az \u00e1ll\u00e1spontra helyezkedett, hogy hossz\u00fa t\u00e1von nem szabad Bass\u00e1r el-Aszaddal sz\u00e1molni.<br \/>\n    &#8222;Azzal kapcsolatban rugalmasak lehet\u00fcnk, hogy hogyan \u00e9s mikor t\u00e1vozik, de hossz\u00fa t\u00e1von \u0151 nem lehet megold\u00e1s, mert azzal az eg\u00e9sz ellenz\u00e9ket az Iszl\u00e1m \u00c1llam karjaiba l\u00f6kj\u00fck, \u00e9s ezt semmi esetre sem akarhatjuk&#8221; &#8211; h\u00fazta al\u00e1 Hammond.(MTI)<\/p>\n","protected":false},"excerpt":{"rendered":"<p>Az orosz beavatkoz\u00e1s Sz\u00edri\u00e1ban nyilv\u00e1nval\u00f3an &#8222;game changer&#8221;, vagyis olyan \u00faj t\u00e9nyez\u0151, amely alapjaiban v\u00e1ltoztatja meg a helyzetet &#8211; hangoztatta h\u00e9tf\u0151n, az Eur\u00f3pai Uni\u00f3 k\u00fcl\u00fcgyminisztereinek tan\u00e1cskoz\u00e1s\u00e1t megel\u0151z\u0151en Federica Mogherini, az EU k\u00fcl\u00fcgyi f\u0151k\u00e9pvisel\u0151je \u00fajs\u00e1g\u00edr\u00f3knak nyilatkozva.<\/p>\n","protected":false},"author":1,"featured_media":0,"comment_status":"open","ping_status":"closed","sticky":false,"template":"","format":"standard","meta":[],"categories":[16],"tags":[],"_links":{"self":[{"href":"https:\/\/gazdasagportal.hu\/index.php\/wp-json\/wp\/v2\/posts\/68813"}],"collection":[{"href":"https:\/\/gazdasagportal.hu\/index.php\/wp-json\/wp\/v2\/posts"}],"about":[{"href":"https:\/\/gazdasagportal.hu\/index.php\/wp-json\/wp\/v2\/types\/post"}],"author":[{"embeddable":true,"href":"https:\/\/gazdasagportal.hu\/index.php\/wp-json\/wp\/v2\/users\/1"}],"replies":[{"embeddable":true,"href":"https:\/\/gazdasagportal.hu\/index.php\/wp-json\/wp\/v2\/comments?post=68813"}],"version-history":[{"count":1,"href":"https:\/\/gazdasagportal.hu\/index.php\/wp-json\/wp\/v2\/posts\/68813\/revisions"}],"predecessor-version":[{"id":68814,"href":"https:\/\/gazdasagportal.hu\/index.php\/wp-json\/wp\/v2\/posts\/68813\/revisions\/68814"}],"wp:attachment":[{"href":"https:\/\/gazdasagportal.hu\/index.php\/wp-json\/wp\/v2\/media?parent=68813"}],"wp:term":[{"taxonomy":"category","embeddable":true,"href":"https:\/\/gazdasagportal.hu\/index.php\/wp-json\/wp\/v2\/categories?post=68813"},{"taxonomy":"post_tag","embeddable":true,"href":"https:\/\/gazdasagportal.hu\/index.php\/wp-json\/wp\/v2\/tags?post=68813"}],"curies":[{"name":"wp","href":"https:\/\/api.w.org\/{rel}","templated":true}]}}