{"id":68799,"date":"2015-10-12T09:54:48","date_gmt":"2015-10-12T07:54:48","guid":{"rendered":"http:\/\/gazdasagportal.hu\/?p=68799"},"modified":"2015-10-12T09:40:16","modified_gmt":"2015-10-12T07:40:16","slug":"az-nni-munkatarsat-akartak-megvesztegetni","status":"publish","type":"post","link":"https:\/\/gazdasagportal.hu\/index.php\/az-nni-munkatarsat-akartak-megvesztegetni\/","title":{"rendered":"Az NNI munkat\u00e1rs\u00e1t akart\u00e1k megvesztegetni"},"content":{"rendered":"<p><strong>K\u00e9tmilli\u00f3 forinttal akart\u00e1k megvesztegetni a Nemzeti Nyomoz\u00f3 Iroda (NNI) egyik munkat\u00e1rs\u00e1t &#8211; hangzott el az M1 aktu\u00e1lis csatorna H\u00edrad\u00f3j\u00e1ban h\u00e9tf\u0151 reggel.<\/strong><!--more--><\/p>\n<div class=\"ads-in-post1\"><div id=\"gazdasagportal.hu_fullbanner_wideboard\"><\/div>\r\n<\/div>\n<p>    A tud\u00f3s\u00edt\u00e1s szerint k\u00e9t f\u00e9rfi egy k\u00f6z\u00f6sen l\u00edzingelt Maseratin veszett \u00f6ssze, mert egy id\u0151 ut\u00e1n egyik\u00fck sem akarta fizetni &#8211; a Magyarorsz\u00e1gon 20 milli\u00f3 forintba ker\u00fcl\u0151 &#8211; luxusaut\u00f3 b\u00e9rleti d\u00edj\u00e1t. Egyik\u00fck az\u00e9rt is ki akart sz\u00e1llni az \u00fczletb\u0151l, mert \u00fagy tudta, keresik a rend\u0151r\u00f6k \u00e9s emiatt bujk\u00e1lt. T\u00e1rsa felaj\u00e1nlotta, k\u00e9tmilli\u00f3 forinttal megvesztegeti a nyomoz\u00f3kat, hogy szabadl\u00e1bon maradhasson. A bujk\u00e1l\u00f3 f\u00e9rfi ki is fizette az \u00f6sszeget, a Nemzeti V\u00e9delmi Szolg\u00e1lat viszont leleplezte a befoly\u00e1ssal \u00fcz\u00e9rked\u0151 f\u00e9rfit \u00e9s a neki seg\u00edt\u0151 \u00e9lett\u00e1rs\u00e1t, a bujk\u00e1l\u00f3 b\u0171n\u00f6z\u0151t pedig elfogt\u00e1k.<br \/>\n    Simon Rich\u00e1rd, a K\u00f6zponti Nyomoz\u00f3 F\u0151\u00fcgy\u00e9szs\u00e9g helyettes sz\u00f3viv\u0151je az M1-en elmondta: az NVSZ feljelent\u00e9se nyom\u00e1n az \u00fcgy\u00e9szs\u00e9g h\u00e1rom embert hallgatott ki gyan\u00fas\u00edtottk\u00e9nt. Egy f\u00e9rfit \u00e9s egy n\u0151t befoly\u00e1ssal \u00fcz\u00e9rked\u00e9s, egy m\u00e1sik f\u00e9rfit befoly\u00e1s v\u00e1s\u00e1rl\u00e1s\u00e1nak b\u0171ntette miatt hallgattak ki &#8211; tette hozz\u00e1.(MTI)<\/p>\n","protected":false},"excerpt":{"rendered":"<p>K\u00e9tmilli\u00f3 forinttal akart\u00e1k megvesztegetni a Nemzeti Nyomoz\u00f3 Iroda (NNI) egyik munkat\u00e1rs\u00e1t &#8211; hangzott el az M1 aktu\u00e1lis csatorna H\u00edrad\u00f3j\u00e1ban h\u00e9tf\u0151 reggel.<\/p>\n","protected":false},"author":1,"featured_media":0,"comment_status":"open","ping_status":"closed","sticky":false,"template":"","format":"standard","meta":[],"categories":[4,19],"tags":[],"_links":{"self":[{"href":"https:\/\/gazdasagportal.hu\/index.php\/wp-json\/wp\/v2\/posts\/68799"}],"collection":[{"href":"https:\/\/gazdasagportal.hu\/index.php\/wp-json\/wp\/v2\/posts"}],"about":[{"href":"https:\/\/gazdasagportal.hu\/index.php\/wp-json\/wp\/v2\/types\/post"}],"author":[{"embeddable":true,"href":"https:\/\/gazdasagportal.hu\/index.php\/wp-json\/wp\/v2\/users\/1"}],"replies":[{"embeddable":true,"href":"https:\/\/gazdasagportal.hu\/index.php\/wp-json\/wp\/v2\/comments?post=68799"}],"version-history":[{"count":1,"href":"https:\/\/gazdasagportal.hu\/index.php\/wp-json\/wp\/v2\/posts\/68799\/revisions"}],"predecessor-version":[{"id":68800,"href":"https:\/\/gazdasagportal.hu\/index.php\/wp-json\/wp\/v2\/posts\/68799\/revisions\/68800"}],"wp:attachment":[{"href":"https:\/\/gazdasagportal.hu\/index.php\/wp-json\/wp\/v2\/media?parent=68799"}],"wp:term":[{"taxonomy":"category","embeddable":true,"href":"https:\/\/gazdasagportal.hu\/index.php\/wp-json\/wp\/v2\/categories?post=68799"},{"taxonomy":"post_tag","embeddable":true,"href":"https:\/\/gazdasagportal.hu\/index.php\/wp-json\/wp\/v2\/tags?post=68799"}],"curies":[{"name":"wp","href":"https:\/\/api.w.org\/{rel}","templated":true}]}}