{"id":68777,"date":"2015-10-12T03:14:23","date_gmt":"2015-10-12T01:14:23","guid":{"rendered":"http:\/\/gazdasagportal.hu\/?p=68777"},"modified":"2015-10-12T00:15:11","modified_gmt":"2015-10-11T22:15:11","slug":"fidesz-a-magyar-foldet-meg-kell-vedeni","status":"publish","type":"post","link":"https:\/\/gazdasagportal.hu\/index.php\/fidesz-a-magyar-foldet-meg-kell-vedeni\/","title":{"rendered":"Fidesz: a magyar f\u00f6ldet meg kell v\u00e9deni"},"content":{"rendered":"<p><strong>A korm\u00e1ny a f\u00f6ldeket hazai k\u00e9zben akarja tartani, \u00e9s ez\u00e9rt ind\u00edtj\u00e1k el a F\u00f6ldet a gazd\u00e1knak programot &#8211; k\u00f6z\u00f6lte a Fidesz-frakci\u00f3 vas\u00e1rnap az MTI-vel.<\/strong><!--more--><\/p>\n<div class=\"ads-in-post1\"><div id=\"gazdasagportal.hu_fullbanner_wideboard\"><\/div>\r\n<\/div>\n<p>    A nagyobbik korm\u00e1nyp\u00e1rt frakci\u00f3ja az MTI-hez elk\u00fcld\u00f6tt k\u00f6zlem\u00e9ny\u00e9ben reag\u00e1lva arra, hogy az Egy\u00fctt elutas\u00edtja a tervezett \u00e1llami f\u00f6ld\u00e9rt\u00e9kes\u00edt\u00e9si p\u00e1ly\u00e1zatokat, azt \u00edrta: a program keret\u00e9ben kiz\u00e1r\u00f3lag a helyben lak\u00f3 gazd\u00e1k, &#8211; akik t\u00e9nylegesen f\u00f6ldm\u0171vel\u00e9sb\u0151l, mez\u0151gazdas\u00e1gb\u00f3l \u00e9lnek &#8211; mintegy 350 ezer hekt\u00e1r f\u00f6ldh\u00f6z juthatnak hozz\u00e1.<br \/>\n    &#8222;Szigetv\u00e1ri Viktor, Gyurcs\u00e1ny Ferenc \u00e9s t\u00e1rsaik a magyar f\u00f6ldet k\u00fclf\u00f6ldiek, z\u00f6ld b\u00e1r\u00f3k kez\u00e9re akarj\u00e1k j\u00e1tszani, ahogyan ez m\u00e1r m\u00e1s eur\u00f3pai uni\u00f3s orsz\u00e1gokban megt\u00f6rt\u00e9nt&#8221; &#8211; fogalmaztak.<br \/>\n    Mint \u00edrt\u00e1k, azok, akik Br\u00fcsszellel kar\u00f6ltve a korl\u00e1tlan bev\u00e1ndorl\u00e1st akarj\u00e1k Magyarorsz\u00e1gra er\u0151ltetni, most azon vannak, hogy k\u00fclf\u00f6ldi k\u00e9zre j\u00e1tssz\u00e1k a magyar term\u0151f\u00f6ldet.<br \/>\n    A k\u00f6zlem\u00e9nyben hangs\u00falyozt\u00e1k: ha nem \u00e1lln\u00e1nak ki a magyar gazd\u00e1k\u00e9rt, k\u00f6nnyen \u00fagy j\u00e1rhatna Magyarorsz\u00e1g, mint Rom\u00e1nia. Becsl\u00e9sek szerint Rom\u00e1ni\u00e1ban m\u00e1r 7-800 ezer hekt\u00e1r term\u0151f\u00f6ld van k\u00fclf\u00f6ldiek kez\u00e9n &#8211; \u00edrt\u00e1k megjegyezve, hogy az els\u0151 t\u00edz legnagyobb rom\u00e1niai f\u00f6ldbirtokos k\u00f6z\u00f6tt libanoni, holland, osztr\u00e1k \u00e9s portug\u00e1l mag\u00e1nszem\u00e9lyeket is tal\u00e1lni.<br \/>\n    Szigetv\u00e1ri Viktor, az Egy\u00fctt eln\u00f6ke vas\u00e1rnap Felcs\u00faton tartott sajt\u00f3t\u00e1j\u00e9koztat\u00f3j\u00e1n egy Sz\u00e9gyelld magad Orb\u00e1n! felirat\u00fa molin\u00f3 el\u0151tt azt k\u00e9rte, hogy a korm\u00e1ny \u00e1ll\u00edtsa le a f\u00f6ld\u00e9rt\u00e9kes\u00edt\u00e9seket, \u00e9s vizsg\u00e1lja ki a kor\u00e1bbi f\u00f6ldp\u00e1ly\u00e1zatokat is.<br \/>\n    \u00dagy v\u00e9lte, a Fidesz tov\u00e1bb s\u00falyosb\u00edtja a helyzetet a f\u00f6ldtulajdonok \u00e1tj\u00e1tsz\u00e1s\u00e1val \u00e9s &#8222;bebetonozza azokat a b\u00e9rl\u0151ket, akik korrupt m\u00f3don jutottak a f\u00f6ldekhez&#8221;.(MTI)<\/p>\n","protected":false},"excerpt":{"rendered":"<p>A korm\u00e1ny a f\u00f6ldeket hazai k\u00e9zben akarja tartani, \u00e9s ez\u00e9rt ind\u00edtj\u00e1k el a F\u00f6ldet a gazd\u00e1knak programot &#8211; k\u00f6z\u00f6lte a Fidesz-frakci\u00f3 vas\u00e1rnap az MTI-vel.<\/p>\n","protected":false},"author":1,"featured_media":0,"comment_status":"open","ping_status":"closed","sticky":false,"template":"","format":"standard","meta":[],"categories":[19,18],"tags":[],"_links":{"self":[{"href":"https:\/\/gazdasagportal.hu\/index.php\/wp-json\/wp\/v2\/posts\/68777"}],"collection":[{"href":"https:\/\/gazdasagportal.hu\/index.php\/wp-json\/wp\/v2\/posts"}],"about":[{"href":"https:\/\/gazdasagportal.hu\/index.php\/wp-json\/wp\/v2\/types\/post"}],"author":[{"embeddable":true,"href":"https:\/\/gazdasagportal.hu\/index.php\/wp-json\/wp\/v2\/users\/1"}],"replies":[{"embeddable":true,"href":"https:\/\/gazdasagportal.hu\/index.php\/wp-json\/wp\/v2\/comments?post=68777"}],"version-history":[{"count":1,"href":"https:\/\/gazdasagportal.hu\/index.php\/wp-json\/wp\/v2\/posts\/68777\/revisions"}],"predecessor-version":[{"id":68778,"href":"https:\/\/gazdasagportal.hu\/index.php\/wp-json\/wp\/v2\/posts\/68777\/revisions\/68778"}],"wp:attachment":[{"href":"https:\/\/gazdasagportal.hu\/index.php\/wp-json\/wp\/v2\/media?parent=68777"}],"wp:term":[{"taxonomy":"category","embeddable":true,"href":"https:\/\/gazdasagportal.hu\/index.php\/wp-json\/wp\/v2\/categories?post=68777"},{"taxonomy":"post_tag","embeddable":true,"href":"https:\/\/gazdasagportal.hu\/index.php\/wp-json\/wp\/v2\/tags?post=68777"}],"curies":[{"name":"wp","href":"https:\/\/api.w.org\/{rel}","templated":true}]}}