{"id":68771,"date":"2015-10-11T15:36:05","date_gmt":"2015-10-11T13:36:05","guid":{"rendered":"http:\/\/gazdasagportal.hu\/?p=68771"},"modified":"2015-10-11T15:36:05","modified_gmt":"2015-10-11T13:36:05","slug":"ipari-termelesi-adatok-es-fogyasztoi-arindexek-jonnek-a-heten","status":"publish","type":"post","link":"https:\/\/gazdasagportal.hu\/index.php\/ipari-termelesi-adatok-es-fogyasztoi-arindexek-jonnek-a-heten\/","title":{"rendered":"Ipari termel\u00e9si adatok \u00e9s fogyaszt\u00f3i \u00e1rindexek j\u00f6nnek a h\u00e9ten"},"content":{"rendered":"<p><strong>Az ipari termel\u00e9s \u00e9s a fogyaszt\u00f3i \u00e1rindexek alapj\u00e1n lehet majd a j\u00f6v\u0151 h\u00e9ten k\u00f6vetkeztet\u00e9seket levonni a monet\u00e1ris politika v\u00e1rhat\u00f3 alakul\u00e1s\u00e1r\u00f3l az eur\u00f3\u00f6vezetben \u00e9s az Egyes\u00fclt \u00c1llamokban.<\/strong><!--more--><\/p>\n<div class=\"ads-in-post1\"><div id=\"gazdasagportal.hu_fullbanner_wideboard\"><\/div>\r\n<\/div>\n<p>    Az ipari termel\u00e9s j\u00faliusban 0,6 sz\u00e1zal\u00e9kkal, febru\u00e1r \u00f3ta a legnagyobb m\u00e9rt\u00e9kben emelkedett az eur\u00f3\u00f6vezetben, az augusztusi n\u00f6veked\u00e9s azonban elemz\u0151i v\u00e1rakoz\u00e1sok szerint enn\u00e9l valamivel szer\u00e9nyebb lesz. A beszerz\u00e9simenedzser-indexek (BMI) alapj\u00e1n az eur\u00f3\u00f6vezeti feldolgoz\u00f3ipar csak szer\u00e9ny m\u00e9rt\u00e9kben j\u00e1rul hozz\u00e1 a harmadik negyed\u00e9vi GDP-n\u00f6veked\u00e9shez, miut\u00e1n minden jegybanki \u00f6szt\u00f6nz\u00e9s dac\u00e1ra sem tudott jelent\u0151s m\u00e9rt\u00e9k\u0171 er\u0151s\u00f6d\u0151 lend\u00fcletre szert tenni.<br \/>\n    Az eur\u00f3\u00f6vezet ipari termel\u00e9s\u00e9nek augusztusi alakul\u00e1s\u00e1t szerd\u00e1n hozza nyilv\u00e1noss\u00e1gra az Eurostat. Szerd\u00e1n jelenik meg emellett a ZEW n\u00e9met gazdas\u00e1gkutat\u00f3 int\u00e9zetnek a gazdas\u00e1gi hangulat okt\u00f3beri alakul\u00e1s\u00e1r\u00f3l N\u00e9metorsz\u00e1gban \u00e9s az eur\u00f3\u00f6vezetben k\u00e9sz\u00edtett felm\u00e9r\u00e9s\u00e9nek az eredm\u00e9nye is.<br \/>\n    A fogyaszt\u00f3i \u00e1rindex az eur\u00f3\u00f6vezetben az Eurostat el\u0151zetes adatai szerint 0,1 sz\u00e1zal\u00e9kkal cs\u00f6kkent szeptemberben, mindenekel\u0151tt az energia\u00e1rak es\u00e9se miatt. Amennyiben a v\u00e9gleges adat is ezt er\u0151s\u00edti meg, akkor m\u00e1rcius \u00f3ta els\u0151 alkalommal a r\u00e9gi\u00f3 ism\u00e9t defl\u00e1ci\u00f3s ter\u00fcletre t\u00e9vedt. Az Eur\u00f3pai K\u00f6zponti Bank (EKB) pedig ebben az esetben cselekv\u00e9si k\u00e9nyszerbe ker\u00fcl, amennyiben a kit\u0171z\u00f6tt id\u0151t\u00e1von bel\u00fcl el k\u00edv\u00e1nja \u00e9rni infl\u00e1ci\u00f3s c\u00e9lj\u00e1t. Ehhez gyakorlatilag eszk\u00f6zv\u00e1s\u00e1rl\u00e1si programj\u00e1nak kiterjeszt\u00e9se \u00e1ll rendelkez\u00e9sre.<br \/>\n    Az eur\u00f3\u00f6vezet szeptemberi fogyaszt\u00f3i \u00e1rindex\u00e9t p\u00e9nteken publik\u00e1lja az Eurostat. A n\u00e9met szeptemberi fogyaszt\u00f3i \u00e1rindexet pedig kedden teszi k\u00f6zz\u00e9 a Destatis.<br \/>\n    Az Egyes\u00fclt \u00c1llamokb\u00f3l infl\u00e1ci\u00f3s, ipari termel\u00e9si \u00e9s kiskereskedelmi forgalmi adatok v\u00e1rhat\u00f3ak a h\u00e9ten.<br \/>\n    A Fed el\u0151z\u0151, szeptemberi kamatd\u00f6nt\u0151 \u00fcl\u00e9s\u00e9n a nem t\u00fal meggy\u0151z\u0151 gazdas\u00e1gi mutat\u00f3k \u00e9s a sz\u0171nni nem akar\u00f3 n\u00f6veked\u00e9si kock\u00e1zatok miatt eltekintett a monet\u00e1ris szigor\u00edt\u00e1s megkezd\u00e9s\u00e9t\u0151l \u00e9s az adatok tov\u00e1bbi alakul\u00e1s\u00e1t\u00f3l tette f\u00fcgg\u0151v\u00e9 az. A Fed teh\u00e1t tov\u00e1bbra is szoros figyelemmel k\u00f6veti a makrogazdas\u00e1gi mutat\u00f3k alakul\u00e1s\u00e1t annak meg\u00edt\u00e9l\u00e9s\u00e9re, hogy meg\u00e9rett-e m\u00e1r a helyzet a monet\u00e1ris szigor\u00edt\u00e1s megkezd\u00e9s\u00e9re az Egyes\u00fclt \u00c1llamokban.<br \/>\n    Augusztusban 0,2 sz\u00e1zal\u00e9kos fogyaszt\u00f3i \u00e1remelked\u00e9st mutattak ki az Egyes\u00fclt \u00c1llamokban az el\u0151z\u0151 12 h\u00f3napra vonatkoz\u00f3an. Szeptemberre pedig m\u00e1r 0,4 sz\u00e1zal\u00e9kos fogyaszt\u00f3i \u00e1remelked\u00e9st v\u00e1rnak a szak\u00e9rt\u0151k, ami persze m\u00e9g mindig messze elmarad a Fed 2,0 sz\u00e1zal\u00e9kot k\u00f6zel\u00edt\u0151 c\u00e9lj\u00e1t\u00f3l.<br \/>\n    Az ipari termel\u00e9s augusztusban 0,4 sz\u00e1zal\u00e9kkal cs\u00f6kkent \u00e9s a legfrissebb adatok alapj\u00e1n szeptemberben is cs\u00f6kken\u00e9sre lehet sz\u00e1m\u00edtani. Mindez arra utal, hogy a negyedik negyed\u00e9vet a gazdas\u00e1gi n\u00f6veked\u00e9s \u00fctem\u00e9nek lassul\u00e1sa vezeti be az Egyes\u00fclt \u00c1llamokban.<br \/>\n    A monet\u00e1ris d\u00f6nt\u00e9seiben er\u0151sen adatf\u00fcgg\u0151 Fed teh\u00e1t a monet\u00e1ris szigor\u00edt\u00e1s tov\u00e1bbi halaszt\u00e1sa mellett sz\u00f3l\u00f3 adatokat kaphat a h\u00e9ten.<br \/>\n    Az Egyes\u00fclt \u00c1llamokb\u00f3l szerd\u00e1n \u00e9rkezik a szeptemberi kiskereskedelmi forgalmi adat, cs\u00fct\u00f6rt\u00f6k\u00f6n a szeptemberi fogyaszt\u00f3i \u00e1rindex \u00e9s p\u00e9nteken a szeptemberi ipari termel\u00e9s.(MTI)<\/p>\n","protected":false},"excerpt":{"rendered":"<p>Az ipari termel\u00e9s \u00e9s a fogyaszt\u00f3i \u00e1rindexek alapj\u00e1n lehet majd a j\u00f6v\u0151 h\u00e9ten k\u00f6vetkeztet\u00e9seket levonni a monet\u00e1ris politika v\u00e1rhat\u00f3 alakul\u00e1s\u00e1r\u00f3l az eur\u00f3\u00f6vezetben \u00e9s az Egyes\u00fclt \u00c1llamokban.<\/p>\n","protected":false},"author":1,"featured_media":0,"comment_status":"open","ping_status":"closed","sticky":false,"template":"","format":"standard","meta":[],"categories":[246],"tags":[],"_links":{"self":[{"href":"https:\/\/gazdasagportal.hu\/index.php\/wp-json\/wp\/v2\/posts\/68771"}],"collection":[{"href":"https:\/\/gazdasagportal.hu\/index.php\/wp-json\/wp\/v2\/posts"}],"about":[{"href":"https:\/\/gazdasagportal.hu\/index.php\/wp-json\/wp\/v2\/types\/post"}],"author":[{"embeddable":true,"href":"https:\/\/gazdasagportal.hu\/index.php\/wp-json\/wp\/v2\/users\/1"}],"replies":[{"embeddable":true,"href":"https:\/\/gazdasagportal.hu\/index.php\/wp-json\/wp\/v2\/comments?post=68771"}],"version-history":[{"count":1,"href":"https:\/\/gazdasagportal.hu\/index.php\/wp-json\/wp\/v2\/posts\/68771\/revisions"}],"predecessor-version":[{"id":68772,"href":"https:\/\/gazdasagportal.hu\/index.php\/wp-json\/wp\/v2\/posts\/68771\/revisions\/68772"}],"wp:attachment":[{"href":"https:\/\/gazdasagportal.hu\/index.php\/wp-json\/wp\/v2\/media?parent=68771"}],"wp:term":[{"taxonomy":"category","embeddable":true,"href":"https:\/\/gazdasagportal.hu\/index.php\/wp-json\/wp\/v2\/categories?post=68771"},{"taxonomy":"post_tag","embeddable":true,"href":"https:\/\/gazdasagportal.hu\/index.php\/wp-json\/wp\/v2\/tags?post=68771"}],"curies":[{"name":"wp","href":"https:\/\/api.w.org\/{rel}","templated":true}]}}