{"id":68765,"date":"2015-10-11T10:08:37","date_gmt":"2015-10-11T08:08:37","guid":{"rendered":"http:\/\/gazdasagportal.hu\/?p=68765"},"modified":"2015-10-11T10:08:37","modified_gmt":"2015-10-11T08:08:37","slug":"heti-tozsdei-osszefoglalo-novekvo-forgalom-mellett-emelkedtek-a-reszvenyarfolyamok-a-heten","status":"publish","type":"post","link":"https:\/\/gazdasagportal.hu\/index.php\/heti-tozsdei-osszefoglalo-novekvo-forgalom-mellett-emelkedtek-a-reszvenyarfolyamok-a-heten\/","title":{"rendered":"Heti t\u0151zsdei \u00f6sszefoglal\u00f3 &#8211;  &#8211; N\u00f6vekv\u0151 forgalom mellett emelkedtek a r\u00e9szv\u00e9ny\u00e1rfolyamok a h\u00e9ten"},"content":{"rendered":"<p><strong>A vezet\u0151 r\u00e9szv\u00e9nyek kiv\u00e9tel n\u00e9lk\u00fcl er\u0151s\u00f6dtek az elm\u00falt h\u00e9ten a Budapesti \u00c9rt\u00e9kt\u0151zsd\u00e9n (B\u00c9T), a t\u0151zsde r\u00e9szv\u00e9nyindexe, a BUX 1147,84 pontos, 5,52 sz\u00e1zal\u00e9kos emelked\u00e9ssel, 21 941,42 ponton z\u00e1rt p\u00e9nteken.<\/strong><!--more--><\/p>\n<div class=\"ads-in-post1\"><div id=\"gazdasagportal.hu_fullbanner_wideboard\"><\/div>\r\n<\/div>\n<p>    A r\u00e9szv\u00e9nypiac forgalma 38,2 milli\u00e1rd forint volt, ez jelent\u0151s emelked\u00e9s az el\u0151z\u0151 heti 32,5 milli\u00e1rd forintos forgalm\u00e1hoz k\u00e9pest.<br \/>\n    A h\u00e9t nyertese az OTP volt, a pap\u00edr \u00e1rfolyama 7,79 sz\u00e1zal\u00e9kot emelkedett, a t\u00f6bbi vezet\u0151 r\u00e9szv\u00e9ny is jelent\u0151sen er\u0151s\u00f6d\u00f6tt.<br \/>\n    H\u00e9tf\u0151n nem volt \u00e9rdemi piaci h\u00edr, a B\u00c9T-en izgalommentes keresked\u00e9s folyt. A nemzetk\u00f6zi hangulat kedvez\u0151 volt, a nyugat-eur\u00f3pai r\u00e9szv\u00e9nyindexek eg\u00e9sz nap emelkedni tudtak, ezt k\u00f6vette k\u00f6zepes forgalom mellett a magyar \u00e9rt\u00e9kt\u0151zsde is.<br \/>\n    Kedden k\u00f6zepesen gyenge forgalomban a Richter kiv\u00e9tel\u00e9vel a vezet\u0151 r\u00e9szv\u00e9nyek nem mutattak k\u00fcl\u00f6n\u00f6sebb elmozdul\u00e1st. A gy\u00f3gyszergy\u00e1ri pap\u00edr a pozit\u00edv nemzetk\u00f6zi hangulatban tudott \u00e9llovas lenne a hazai t\u0151zsd\u00e9n. A nemzetk\u00f6zi hangulat kiegyens\u00falyozott emelked\u00e9st mutatott az IMF-jelent\u00e9s d\u00e9lut\u00e1ni megjelen\u00e9s\u00e9ig, akkort\u00f3l kicsi visszah\u00faz\u00f3d\u00e1s a jellemz\u0151, b\u00e1r a jelent\u00e9s tartalma k\u00fcl\u00f6n\u00f6sebb meglepet\u00e9st nem okozott.<br \/>\n    Szerd\u00e1n a keresked\u00e9s pozit\u00edv hangulatban indult, a BUX v\u00e9g\u00fcl egy kicsit fel\u00fcl is teljes\u00edtette az eur\u00f3pai indexeket, optimista hangulatban telt a keresked\u00e9s, a vezet\u0151 r\u00e9szv\u00e9nyek k\u00f6z\u00fcl a Mol kiemelkedett, biztat\u00f3 volt a Richter teljes\u00edtm\u00e9nye is, az OTP-n\u00e9l visszafogottabb volt a lend\u00fclet.<br \/>\n    Cs\u00fct\u00f6rt\u00f6k\u00f6n a hazai t\u0151zsde sokkal jobban teljes\u00edtett a r\u00e9gi\u00f3s b\u00f6rz\u00e9kn\u00e9l. A keresked\u00e9s nyugodt volt, lassan, de folyamatosan emelkedtek az \u00e1rfolyamok, a magyar blue chipek ir\u00e1nti figyelmet er\u0151s\u00edtette, hogy a Nemzetk\u00f6zi Valutaalap (IMF) kedden jav\u00edtott magyar gazdas\u00e1gi el\u0151rejelz\u00e9s\u00e9n.<br \/>\n    P\u00e9nteken a nemzetk\u00f6zi pozit\u00edv hangulatnak k\u00f6sz\u00f6nhet\u0151en emelkedtek a r\u00e9gi\u00f3s bankr\u00e9szv\u00e9nyek \u00e1rfolyamai, a hazai piacon is a legnagyobb befektet\u0151i \u00e9rdekl\u0151d\u00e9s a banki r\u00e9szv\u00e9ny, az OTP ir\u00e1nt mutatkozott, er\u0151s volt a Mol is a pozit\u00edv nemzetk\u00f6zi hat\u00e1soknak k\u00f6sz\u00f6nhet\u0151en.<br \/>\n    Az OTP 5700 forinton z\u00e1rta a hetet, ez 412 forinttal, 7,79 sz\u00e1zal\u00e9kkal magasabb az el\u0151z\u0151 heti z\u00e1r\u00f3 \u00e1r\u00e1n\u00e1l.<br \/>\n    A Mol egy h\u00e9t alatt 7,06 sz\u00e1zal\u00e9kkal er\u0151s\u00f6d\u00f6tt, 13 340 forintot \u00e9rt p\u00e9nteken z\u00e1r\u00e1skor.<br \/>\n    A Magyar Telekom 2,32 sz\u00e1zal\u00e9kos nyeres\u00e9get \u00e9rt el, 397 forintra emelkedett az \u00e1rfolyama.<br \/>\n    A Richter-r\u00e9szv\u00e9nyek \u00e9rt\u00e9ke 3,42 sz\u00e1zal\u00e9kkal 4571 forintra n\u0151tt.<br \/>\n    A kis- \u00e9s k\u00f6zepes r\u00e9szv\u00e9nyek indexe, a BUMIX 0,30 sz\u00e1zal\u00e9kkal, 1613,29 pontra emelkedett az elm\u00falt h\u00e9ten.(MTI)<\/p>\n","protected":false},"excerpt":{"rendered":"<p>A vezet\u0151 r\u00e9szv\u00e9nyek kiv\u00e9tel n\u00e9lk\u00fcl er\u0151s\u00f6dtek az elm\u00falt h\u00e9ten a Budapesti \u00c9rt\u00e9kt\u0151zsd\u00e9n (B\u00c9T), a t\u0151zsde r\u00e9szv\u00e9nyindexe, a BUX 1147,84 pontos, 5,52 sz\u00e1zal\u00e9kos emelked\u00e9ssel, 21 941,42 ponton z\u00e1rt p\u00e9nteken.<\/p>\n","protected":false},"author":1,"featured_media":27885,"comment_status":"open","ping_status":"closed","sticky":false,"template":"","format":"standard","meta":[],"categories":[146,7],"tags":[],"_links":{"self":[{"href":"https:\/\/gazdasagportal.hu\/index.php\/wp-json\/wp\/v2\/posts\/68765"}],"collection":[{"href":"https:\/\/gazdasagportal.hu\/index.php\/wp-json\/wp\/v2\/posts"}],"about":[{"href":"https:\/\/gazdasagportal.hu\/index.php\/wp-json\/wp\/v2\/types\/post"}],"author":[{"embeddable":true,"href":"https:\/\/gazdasagportal.hu\/index.php\/wp-json\/wp\/v2\/users\/1"}],"replies":[{"embeddable":true,"href":"https:\/\/gazdasagportal.hu\/index.php\/wp-json\/wp\/v2\/comments?post=68765"}],"version-history":[{"count":1,"href":"https:\/\/gazdasagportal.hu\/index.php\/wp-json\/wp\/v2\/posts\/68765\/revisions"}],"predecessor-version":[{"id":68766,"href":"https:\/\/gazdasagportal.hu\/index.php\/wp-json\/wp\/v2\/posts\/68765\/revisions\/68766"}],"wp:featuredmedia":[{"embeddable":true,"href":"https:\/\/gazdasagportal.hu\/index.php\/wp-json\/wp\/v2\/media\/27885"}],"wp:attachment":[{"href":"https:\/\/gazdasagportal.hu\/index.php\/wp-json\/wp\/v2\/media?parent=68765"}],"wp:term":[{"taxonomy":"category","embeddable":true,"href":"https:\/\/gazdasagportal.hu\/index.php\/wp-json\/wp\/v2\/categories?post=68765"},{"taxonomy":"post_tag","embeddable":true,"href":"https:\/\/gazdasagportal.hu\/index.php\/wp-json\/wp\/v2\/tags?post=68765"}],"curies":[{"name":"wp","href":"https:\/\/api.w.org\/{rel}","templated":true}]}}