{"id":68638,"date":"2015-10-07T15:27:59","date_gmt":"2015-10-07T13:27:59","guid":{"rendered":"http:\/\/gazdasagportal.hu\/?p=68638"},"modified":"2015-10-07T15:27:59","modified_gmt":"2015-10-07T13:27:59","slug":"mnb-egyhangulag-kamattartasra-szavaztak-a-monetaris-tanacs-tagjai-a-legutobbi-ulesen","status":"publish","type":"post","link":"https:\/\/gazdasagportal.hu\/index.php\/mnb-egyhangulag-kamattartasra-szavaztak-a-monetaris-tanacs-tagjai-a-legutobbi-ulesen\/","title":{"rendered":"MNB: egyhang\u00falag kamattart\u00e1sra szavaztak a monet\u00e1ris tan\u00e1cs tagjai a legut\u00f3bbi \u00fcl\u00e9sen"},"content":{"rendered":"<p><strong>Egyhang\u00falag az alapkamat 1,35 sz\u00e1zal\u00e9kon val\u00f3 tart\u00e1s\u00e1ra szavaztak a Magyar Nemzeti Bank (MNB) Monet\u00e1ris Tan\u00e1cs\u00e1nak tagjai a test\u00fclet legut\u00f3bbi, szeptember 22-i \u00fcl\u00e9s\u00e9n &#8211; der\u00fcl ki a jegybank honlapj\u00e1n szerd\u00e1n k\u00f6zz\u00e9tett r\u00f6vid\u00edtett jegyz\u0151k\u00f6nyvb\u0151l.<\/strong><!--more--><\/p>\n<div class=\"ads-in-post1\"><div id=\"gazdasagportal.hu_fullbanner_wideboard\"><\/div>\r\n<\/div>\n<p>    A szeptemberi infl\u00e1ci\u00f3s jelent\u00e9s el\u0151rejelz\u00e9s\u00e9nek ismeret\u00e9ben a monet\u00e1ris tan\u00e1cs \u00fagy \u00edt\u00e9lte meg, hogy az alapkamat aktu\u00e1lis szintje \u00e9s a laza monet\u00e1ris kond\u00edci\u00f3k tart\u00f3san, a v\u00e1rtn\u00e1l hosszabb ideig t\u00f6rt\u00e9n\u0151 fenntart\u00e1sa \u00f6sszhangban van az infl\u00e1ci\u00f3s c\u00e9l k\u00f6z\u00e9pt\u00e1v\u00fa el\u00e9r\u00e9s\u00e9vel \u00e9s a<br \/>\nre\u00e1lgazdas\u00e1g ennek megfelel\u0151 m\u00e9rt\u00e9k\u0171 \u00f6szt\u00f6nz\u00e9s\u00e9vel.<br \/>\n    A monet\u00e1ris tan\u00e1cs \u00e9rt\u00e9kel\u00e9se szerint a nemzetk\u00f6zi p\u00e9nz\u00fcgyi k\u00f6rnyezet alakul\u00e1s\u00e1val kapcsolatos bizonytalans\u00e1g azonban tov\u00e1bbra is \u00f3vatos monet\u00e1ris politik\u00e1t indokol.<br \/>\n    A jegyz\u0151k\u00f6nyv szerint az MNB Monet\u00e1ris Tan\u00e1csa meg\u00edt\u00e9l\u00e9se szerint r\u00f6vid t\u00e1von az infl\u00e1ci\u00f3 jelent\u0151sen elmaradhat az infl\u00e1ci\u00f3s c\u00e9lt\u00f3l. Az infl\u00e1ci\u00f3 az id\u00e9n \u00e9v v\u00e9g\u00e9n m\u00e1r stabilan pozit\u00edv tartom\u00e1nyban alakulhat. Az alacsony k\u00f6lts\u00e9gek elh\u00faz\u00f3d\u00f3, lass\u00fa emelked\u00e9s\u00e9vel, illetve az \u00e9l\u00e9nk\u00fcl\u0151 bels\u0151 kereslet \u00e9s az emelked\u0151 b\u00e9rek eredm\u00e9nyek\u00e9nt a maginfl\u00e1ci\u00f3 fokozatosan emelkedhet. Ugyanakkor a tart\u00f3san alacsony k\u00f6lts\u00e9gk\u00f6rnyezet \u00e9s a n\u00e9mileg alacsonyabb infl\u00e1ci\u00f3s alapfolyamatok k\u00f6vetkezt\u00e9ben a kor\u00e1bbi el\u0151rejelz\u00e9shez k\u00e9pest az infl\u00e1ci\u00f3 csak 2017 m\u00e1sodik fel\u00e9ben ker\u00fclhet a 3 sz\u00e1zal\u00e9kos c\u00e9l k\u00f6zel\u00e9be. Az infl\u00e1ci\u00f3s v\u00e1rakoz\u00e1sok c\u00e9l k\u00f6r\u00fcl t\u00f6rt\u00e9n\u0151 stabiliz\u00e1l\u00f3d\u00e1sa hozz\u00e1j\u00e1rulhat ahhoz, hogy a bels\u0151 kereslet er\u0151s\u00f6d\u00e9se mellett az \u00e1raz\u00e1s \u00e9s a b\u00e9rez\u00e9s k\u00f6z\u00e9pt\u00e1von is a jegybanki infl\u00e1ci\u00f3s c\u00e9llal \u00f6sszhangban alakuljon.<br \/>\n    A hazai gazdas\u00e1g b\u0151v\u00fcl\u00e9s\u00e9ben egyre mark\u00e1nsabb szerephez juthat a belf\u00f6ldi kereslet er\u0151s\u00f6d\u00e9se. A gazdas\u00e1g b\u0151v\u00fcl\u00e9s\u00e9t az orsz\u00e1g felvev\u0151piacainak n\u00f6veked\u00e9se r\u00e9v\u00e9n emelked\u0151 exportteljes\u00edtm\u00e9ny is t\u00e1mogathatja. A javul\u00f3 munkaer\u0151-piaci folyamatok \u00e9s az alacsony infl\u00e1ci\u00f3s k\u00f6rnyezet n\u00f6velik a lakoss\u00e1g re\u00e1lj\u00f6vedelm\u00e9t, ami el\u0151seg\u00edtheti a lakoss\u00e1gi fogyaszt\u00e1s \u00e9l\u00e9nk\u00fcl\u00e9s\u00e9t. A devizahitelek forintos\u00edt\u00e1sa m\u00e9rs\u00e9kli a h\u00e1ztart\u00e1si szektor s\u00e9r\u00fcl\u00e9kenys\u00e9g\u00e9t, amely t\u00e1mogathatja a fogyaszt\u00f3kat jellemz\u0151 \u00f3vatoss\u00e1g fokozatos old\u00f3d\u00e1s\u00e1t.<br \/>\n    A gazdas\u00e1gi n\u00f6veked\u00e9s 2016 \u00e9v elej\u00e9n az uni\u00f3s forr\u00e1sok kifut\u00e1s\u00e1val m\u00e9rs\u00e9kl\u0151dhet, ugyanakkor a j\u00f6v\u0151 \u00e9v m\u00e1sodik fel\u00e9t\u0151l a hitelez\u00e9si aktivit\u00e1s er\u0151s\u00f6d\u00e9s\u00e9vel \u00e9s az EU-forr\u00e1sok ism\u00e9telt elindul\u00e1s\u00e1val javulhat a gazdas\u00e1g teljes\u00edtm\u00e9nye.<br \/>\n    A jegybank el\u0151rejelz\u00e9si horizontj\u00e1n mark\u00e1ns k\u00fcls\u0151 finansz\u00edroz\u00e1si k\u00e9pess\u00e9gre lehet sz\u00e1m\u00edtani, amely 2015-ben meghaladhatja a GDP 9 sz\u00e1zal\u00e9k\u00e1t. 2015-2016-ban tov\u00e1bb emelkedhet a nett\u00f3 export, amiben v\u00e1rhat\u00f3an az olaj\u00e1r-cs\u00f6kken\u00e9s cserear\u00e1nyokat jav\u00edt\u00f3 hat\u00e1sa \u00e9s a kedvez\u0151 k\u00fcls\u0151 kereslet t\u00fckr\u00f6z\u0151dhet.<br \/>\n    A g\u00f6r\u00f6g ad\u00f3ss\u00e1gprobl\u00e9m\u00e1kkal kapcsolatos esem\u00e9nyek, a felt\u00f6rekv\u0151 piacgazdas\u00e1gok \u00e9s K\u00edna n\u00f6veked\u00e9s\u00e9vel kapcsolatos aggodalmak, a k\u00ednai t\u0151kepiaci zavarok, valamint a Fed kamatemel\u00e9se k\u00f6r\u00fcli bizonytalans\u00e1g hozz\u00e1j\u00e1rultak a negat\u00edv glob\u00e1lis befektet\u0151i hangulathoz. Az elm\u00falt negyed\u00e9vben a forint \u00e1rfolyama nem v\u00e1ltozott \u00e9rdemben az eur\u00f3val szemben. A monet\u00e1ris tan\u00e1cs a szeptemberi Infl\u00e1ci\u00f3s jelent\u00e9s alapp\u00e1ly\u00e1ja mellett k\u00e9t alternat\u00edv forgat\u00f3k\u00f6nyvet azonos\u00edtott, amelyek a monet\u00e1ris politika j\u00f6v\u0151beli vitel\u00e9re \u00e9rdemi hat\u00e1st gyakorolhatnak. Az els\u0151 forgat\u00f3k\u00f6nyv ment\u00e9n a tart\u00f3san alacsony k\u00f6lts\u00e9gek \u00e9s er\u0151s\u00f6d\u0151 m\u00e1sodk\u00f6r\u00f6s hat\u00e1sok megval\u00f3sul\u00e1sa a gazdas\u00e1gi n\u00f6veked\u00e9sre felfel\u00e9, m\u00edg az infl\u00e1ci\u00f3ra lefel\u00e9 mutat\u00f3 kock\u00e1zatot jelent. Az infl\u00e1ci\u00f3s c\u00e9l \u00edgy az alapp\u00e1ly\u00e1n\u00e1l laz\u00e1bb monet\u00e1ris kond\u00edci\u00f3kkal \u00e9rhet\u0151 el. A m\u00e1sodik alternat\u00edv forgat\u00f3k\u00f6nyv ment\u00e9n a p\u00e9nzpiaci turbulenci\u00e1k t\u00f6bbek k\u00f6z\u00f6tt a kock\u00e1zati pr\u00e9mium hirtelen, nagym\u00e9rt\u00e9k\u0171 emelked\u00e9s\u00e9t \u00e9s a k\u00fcls\u0151 kereslet visszaes\u00e9s\u00e9t okozz\u00e1k. Ebben az alternat\u00edv p\u00e1ly\u00e1ban az el\u0151rejelz\u00e9si horizonton az infl\u00e1ci\u00f3s c\u00e9l el\u00e9r\u00e9s\u00e9t az alapp\u00e1ly\u00e1n\u00e1l szigor\u00fabb monet\u00e1ris politika biztos\u00edtja.(MTI)<\/p>\n","protected":false},"excerpt":{"rendered":"<p>Egyhang\u00falag az alapkamat 1,35 sz\u00e1zal\u00e9kon val\u00f3 tart\u00e1s\u00e1ra szavaztak a Magyar Nemzeti Bank (MNB) Monet\u00e1ris Tan\u00e1cs\u00e1nak tagjai a test\u00fclet legut\u00f3bbi, szeptember 22-i \u00fcl\u00e9s\u00e9n &#8211; der\u00fcl ki a jegybank honlapj\u00e1n szerd\u00e1n k\u00f6zz\u00e9tett r\u00f6vid\u00edtett jegyz\u0151k\u00f6nyvb\u0151l.<\/p>\n","protected":false},"author":1,"featured_media":0,"comment_status":"open","ping_status":"closed","sticky":false,"template":"","format":"standard","meta":[],"categories":[19],"tags":[],"_links":{"self":[{"href":"https:\/\/gazdasagportal.hu\/index.php\/wp-json\/wp\/v2\/posts\/68638"}],"collection":[{"href":"https:\/\/gazdasagportal.hu\/index.php\/wp-json\/wp\/v2\/posts"}],"about":[{"href":"https:\/\/gazdasagportal.hu\/index.php\/wp-json\/wp\/v2\/types\/post"}],"author":[{"embeddable":true,"href":"https:\/\/gazdasagportal.hu\/index.php\/wp-json\/wp\/v2\/users\/1"}],"replies":[{"embeddable":true,"href":"https:\/\/gazdasagportal.hu\/index.php\/wp-json\/wp\/v2\/comments?post=68638"}],"version-history":[{"count":1,"href":"https:\/\/gazdasagportal.hu\/index.php\/wp-json\/wp\/v2\/posts\/68638\/revisions"}],"predecessor-version":[{"id":68639,"href":"https:\/\/gazdasagportal.hu\/index.php\/wp-json\/wp\/v2\/posts\/68638\/revisions\/68639"}],"wp:attachment":[{"href":"https:\/\/gazdasagportal.hu\/index.php\/wp-json\/wp\/v2\/media?parent=68638"}],"wp:term":[{"taxonomy":"category","embeddable":true,"href":"https:\/\/gazdasagportal.hu\/index.php\/wp-json\/wp\/v2\/categories?post=68638"},{"taxonomy":"post_tag","embeddable":true,"href":"https:\/\/gazdasagportal.hu\/index.php\/wp-json\/wp\/v2\/tags?post=68638"}],"curies":[{"name":"wp","href":"https:\/\/api.w.org\/{rel}","templated":true}]}}