{"id":68631,"date":"2015-10-07T13:33:35","date_gmt":"2015-10-07T11:33:35","guid":{"rendered":"http:\/\/gazdasagportal.hu\/?p=68631"},"modified":"2015-10-07T13:33:35","modified_gmt":"2015-10-07T11:33:35","slug":"inflacio-londoni-elemzok-szeptemberben-ismet-negativ-lehetett-az-eves-fogyasztoi-arindex-magyarorszagon","status":"publish","type":"post","link":"https:\/\/gazdasagportal.hu\/index.php\/inflacio-londoni-elemzok-szeptemberben-ismet-negativ-lehetett-az-eves-fogyasztoi-arindex-magyarorszagon\/","title":{"rendered":"Infl\u00e1ci\u00f3 &#8211; Londoni elemz\u0151k: szeptemberben ism\u00e9t negat\u00edv lehetett az \u00e9ves fogyaszt\u00f3i \u00e1rindex Magyarorsz\u00e1gon"},"content":{"rendered":"<p><strong>Londoni p\u00e9nz\u00fcgyi elemz\u0151k el\u0151rejelz\u00e9sei szerint a m\u00falt h\u00f3napban ism\u00e9t negat\u00edv lehetett az \u00e9ves \u00f6sszevet\u00e9s\u0171 infl\u00e1ci\u00f3 Magyarorsz\u00e1gon.<\/strong><!--more--><\/p>\n<div class=\"ads-in-post1\"><div id=\"gazdasagportal.hu_fullbanner_wideboard\"><\/div>\r\n<\/div>\n<p>    A londoni elemz\u0151i k\u00f6z\u00f6ss\u00e9g sz\u00e9lesk\u00f6r\u0171 konszenzusos el\u0151rejelz\u00e9si \u00e1tlaga m\u00ednusz 0,1 sz\u00e1zal\u00e9kos tizenk\u00e9t havi infl\u00e1ci\u00f3t val\u00f3sz\u00edn\u0171s\u00edt szeptemberre. Augusztusban z\u00e9r\u00f3 volt a teljes kos\u00e1rra sz\u00e1molt \u00e9ves infl\u00e1ci\u00f3.<br \/>\n    A Goldman Sachs bankcsoport londoni befektet\u00e9si r\u00e9szleg\u00e9nek elemz\u0151i a cs\u00fct\u00f6rt\u00f6ki adatismertet\u00e9s el\u0151tti el\u0151rejelz\u00e9s\u00fckben &#8211; a konszenzusnak megfelel\u0151en &#8211; a fogyaszt\u00f3i \u00e1rindex 0,1 sz\u00e1zal\u00e9kos cs\u00f6kken\u00e9s\u00e9t j\u00f3solt\u00e1k \u00e9ves \u00f6sszehasonl\u00edt\u00e1sban. Progn\u00f3zisuk szerint ennek els\u0151dleges oka az olaj\u00e1rak \u00fajabb cs\u00f6kken\u00e9se volt, valamint a &#8222;viszonylag stabil&#8221;, j\u00fanius \u00f3ta sz\u0171k \u00e1rfolyams\u00e1vban mozg\u00f3 forint.<br \/>\n    Mindemellett a hat\u00f3s\u00e1gi \u00e1ras szolg\u00e1ltat\u00e1sok d\u00edjszab\u00e1sai is alacsonyabbak, mint egy \u00e9vvel ezel\u0151tt, tekintettel a tavaly \u00e9v v\u00e9gi \u00e1rcs\u00f6kkent\u00e9sekre.<br \/>\n    A Goldman Sachs londoni elemz\u0151i okt\u00f3berre \u00e9s novemberre is igen nyomott infl\u00e1ci\u00f3t v\u00e1rnak, decemberre \u00e9s 2016 elej\u00e9re azonban m\u00e1r meredekebben gyorsul\u00f3 \u00e1remelked\u00e9st val\u00f3sz\u00edn\u0171s\u00edtenek az  akkor bel\u00e9p\u0151 \u00e9ves b\u00e1zishat\u00e1sok miatt.<br \/>\n    A h\u00e1z szak\u00e9rt\u0151i ugyanakkor kiemelik azt a v\u00e1rakoz\u00e1sukat, hogy a teljes kos\u00e1rra sz\u00e1molt magyarorsz\u00e1gi infl\u00e1ci\u00f3 2016 jelent\u0151s r\u00e9sz\u00e9ben is a Magyar Nemzeti Bank (MNB) 3 sz\u00e1zal\u00e9k plusz\/m\u00ednusz 1 sz\u00e1zal\u00e9kpontos infl\u00e1ci\u00f3s c\u00e9ls\u00e1vj\u00e1nak als\u00f3 sz\u00e9l\u00e9hez lesz k\u00f6zelebb, tekintettel a nyersanyag\u00e1rak cs\u00f6kken\u00e9s\u00e9re, \u00e9s arra, hogy v\u00e1rhat\u00f3an a maginfl\u00e1ci\u00f3 is csak fokozatosan gyorsul.<br \/>\n    A Goldman Sachs elemz\u0151i szerint 2016 v\u00e9g\u00e9re azonban az \u00e9ves infl\u00e1ci\u00f3s \u00fctem m\u00e1r val\u00f3sz\u00edn\u0171leg el\u00e9ri a 3 sz\u00e1zal\u00e9kos k\u00f6zponti c\u00e9lt, els\u0151sorban a n\u00f6vekv\u0151 kereslet \u00e9s az er\u0151s\u00f6d\u0151 b\u00e9rki\u00e1raml\u00e1si nyom\u00e1s hat\u00e1s\u00e1ra.<br \/>\n    Hasonl\u00f3 infl\u00e1ci\u00f3s p\u00e1ly\u00e1t v\u00e1rnak a Morgan Stanley bankcsoport londoni befektet\u00e9si r\u00e9szleg\u00e9nek felz\u00e1rk\u00f3z\u00f3 piacokkal foglalkoz\u00f3 elemz\u0151i is.<br \/>\n    A h\u00e1z szerint az infl\u00e1ci\u00f3s kos\u00e1r energiahordoz\u00f3-komponens\u00e9b\u0151l ered\u0151 jelent\u0151s b\u00e1zishat\u00e1sok bel\u00e9p\u00e9s\u00e9vel m\u00e1r az idei \u00e9v v\u00e9g\u00e9t\u0151l v\u00e1rhat\u00f3 a magyarorsz\u00e1gi infl\u00e1ci\u00f3 lend\u00fcletesebb gyorsul\u00e1sa. A Morgan Stanley elemz\u0151i azonban szeptemberre m\u00e9g szint\u00e9n m\u00ednusz 0,1 sz\u00e1zal\u00e9kos tizenk\u00e9t havi infl\u00e1ci\u00f3t v\u00e1rnak, els\u0151sorban a sz\u00e1m\u00edt\u00e1saik szerint 4,5 sz\u00e1zal\u00e9kos havi \u00fczemanyag\u00e1r-cs\u00f6kken\u00e9s miatt.<br \/>\n    Ugyancsak m\u00ednusz 0,1 sz\u00e1zal\u00e9kos \u00e9ves infl\u00e1ci\u00f3t val\u00f3sz\u00edn\u0171s\u00edtenek  szeptemberre a JP Morgan glob\u00e1lis p\u00e9nz\u00fcgyi szolg\u00e1ltat\u00f3 csoport londoni elemz\u0151i.<br \/>\n    Hosszabb t\u00e1vra sz\u00f3l\u00f3, jelenleg \u00e9rv\u00e9nyes el\u0151rejelz\u00e9s\u00fck szerint 2016 els\u0151 negyed\u00e9ben 2,5 sz\u00e1zal\u00e9kig gyorsul\u00f3, a j\u00f6v\u0151 \u00e9v k\u00f6zep\u00e9re 2 sz\u00e1zal\u00e9k k\u00f6r\u00fcli \u00fctemre visszalassul\u00f3, majd 2016 v\u00e9g\u00e9n ism\u00e9t 2,5 sz\u00e1zal\u00e9k k\u00f6rny\u00e9k\u00e9n mozg\u00f3 \u00e9ves infl\u00e1ci\u00f3s \u00fctemek, a j\u00f6v\u0151 \u00e9v eg\u00e9sz\u00e9ben pedig 2,3 sz\u00e1zal\u00e9kos \u00e1tlagos infl\u00e1ci\u00f3 v\u00e1rhat\u00f3 Magyarorsz\u00e1gon.<br \/>\n    A h\u00e1z szerint ennek alapj\u00e1n val\u00f3sz\u00edn\u0171tlen, hogy a monet\u00e1ris politika b\u00e1rmilyen m\u00f3don reag\u00e1lna a r\u00f6vid t\u00e1v\u00fa infl\u00e1ci\u00f3s sz\u00e1mokra, mivel a k\u00f6z\u00e9pt\u00e1v\u00fa magyar infl\u00e1ci\u00f3s kil\u00e1t\u00e1sok j\u00f3r\u00e9szt v\u00e1ltozatlanok.<br \/>\n    A JP Morgan elemz\u0151i szerint az MNB el\u0151rejelz\u00e9seit\u0151l tart\u00f3sabban \u00e9s az infl\u00e1ci\u00f3s kos\u00e1r tartalm\u00e1nak sz\u00e9les k\u00f6r\u00e9re kiterjed\u0151en elmarad\u00f3 infl\u00e1ci\u00f3ra, a gazdas\u00e1gi n\u00f6veked\u00e9st terhel\u0151, egyre nagyobb lefel\u00e9 hat\u00f3 kock\u00e1zatokra \u00e9s az eur\u00f3jegybank (EKB) r\u00e9sz\u00e9r\u0151l \u00fajabb mennyis\u00e9gi enyh\u00edt\u00e9si ciklusra lenne sz\u00fcks\u00e9g ahhoz, hogy az MNB monet\u00e1ris tan\u00e1csa meggy\u0151zze mag\u00e1t a tov\u00e1bbi kamatcs\u00f6kkent\u00e9sek sz\u00fcks\u00e9gess\u00e9g\u00e9r\u0151l.<br \/>\n    A h\u00e1z alapeseti el\u0151rejelz\u00e9si forgat\u00f3k\u00f6nyve ennek alapj\u00e1n tov\u00e1bbra is az, hogy az MNB legal\u00e1bb 2016 v\u00e9g\u00e9ig a jelenlegi 1,35 sz\u00e1zal\u00e9kon tartja alapkamat\u00e1t.<br \/>\n    A Bank of America-Merrill Lynch bankcsoport londoni elemz\u0151r\u00e9szleg\u00e9nek (BofA Merrill Lynch Global Research) k\u00f6zgazd\u00e1szai az eur\u00f3pai felz\u00e1rk\u00f3z\u00f3 gazdas\u00e1gok infl\u00e1ci\u00f3s kil\u00e1t\u00e1sait elemz\u0151 legfrissebb helyzet\u00e9rt\u00e9kel\u00e9s\u00fckben 0,4 sz\u00e1zal\u00e9kponttal cs\u00f6kkentett\u00e9k az idei \u00e9s a j\u00f6v\u0151 \u00e9vi \u00e1tlagos magyar infl\u00e1ci\u00f3ra sz\u00f3l\u00f3 progn\u00f3zisukat egyar\u00e1nt. A h\u00e1z \u00faj el\u0151rejelz\u00e9se 2015-re z\u00e9r\u00f3, 2016-ra 2,1 sz\u00e1zal\u00e9kos \u00e1tlagos infl\u00e1ci\u00f3val sz\u00e1mol Magyarorsz\u00e1gon.<br \/>\n    A c\u00e9g londoni elemz\u0151i ezzel egy id\u0151ben t\u00f6r\u00f6lt\u00e9k azt az eddigi progn\u00f3zisukat, hogy az MNB 2016-ban 0,45 sz\u00e1zal\u00e9kpontos kamatemel\u00e9st hajt v\u00e9gre. A h\u00e1z most m\u00e1r azzal sz\u00e1mol, hogy a magyar jegybank 2016 v\u00e9g\u00e9ig v\u00e1ltozatlanul hagyja 1,35 sz\u00e1zal\u00e9kos alapkamat\u00e1t.(MTI)<\/p>\n","protected":false},"excerpt":{"rendered":"<p>Londoni p\u00e9nz\u00fcgyi elemz\u0151k el\u0151rejelz\u00e9sei szerint a m\u00falt h\u00f3napban ism\u00e9t negat\u00edv lehetett az \u00e9ves \u00f6sszevet\u00e9s\u0171 infl\u00e1ci\u00f3 Magyarorsz\u00e1gon.<\/p>\n","protected":false},"author":1,"featured_media":0,"comment_status":"open","ping_status":"closed","sticky":false,"template":"","format":"standard","meta":[],"categories":[19],"tags":[],"_links":{"self":[{"href":"https:\/\/gazdasagportal.hu\/index.php\/wp-json\/wp\/v2\/posts\/68631"}],"collection":[{"href":"https:\/\/gazdasagportal.hu\/index.php\/wp-json\/wp\/v2\/posts"}],"about":[{"href":"https:\/\/gazdasagportal.hu\/index.php\/wp-json\/wp\/v2\/types\/post"}],"author":[{"embeddable":true,"href":"https:\/\/gazdasagportal.hu\/index.php\/wp-json\/wp\/v2\/users\/1"}],"replies":[{"embeddable":true,"href":"https:\/\/gazdasagportal.hu\/index.php\/wp-json\/wp\/v2\/comments?post=68631"}],"version-history":[{"count":1,"href":"https:\/\/gazdasagportal.hu\/index.php\/wp-json\/wp\/v2\/posts\/68631\/revisions"}],"predecessor-version":[{"id":68632,"href":"https:\/\/gazdasagportal.hu\/index.php\/wp-json\/wp\/v2\/posts\/68631\/revisions\/68632"}],"wp:attachment":[{"href":"https:\/\/gazdasagportal.hu\/index.php\/wp-json\/wp\/v2\/media?parent=68631"}],"wp:term":[{"taxonomy":"category","embeddable":true,"href":"https:\/\/gazdasagportal.hu\/index.php\/wp-json\/wp\/v2\/categories?post=68631"},{"taxonomy":"post_tag","embeddable":true,"href":"https:\/\/gazdasagportal.hu\/index.php\/wp-json\/wp\/v2\/tags?post=68631"}],"curies":[{"name":"wp","href":"https:\/\/api.w.org\/{rel}","templated":true}]}}