{"id":68568,"date":"2015-10-06T07:57:47","date_gmt":"2015-10-06T05:57:47","guid":{"rendered":"http:\/\/gazdasagportal.hu\/?p=68568"},"modified":"2015-10-06T07:28:33","modified_gmt":"2015-10-06T05:28:33","slug":"biztonsagi-szigoritasokrol-dontott-az-izraeli-kormany","status":"publish","type":"post","link":"https:\/\/gazdasagportal.hu\/index.php\/biztonsagi-szigoritasokrol-dontott-az-izraeli-kormany\/","title":{"rendered":"Biztons\u00e1gi szigor\u00edt\u00e1sokr\u00f3l d\u00f6nt\u00f6tt az izraeli korm\u00e1ny"},"content":{"rendered":"<p><strong>Szigor\u00edt\u00e1sokat fogadott el az \u00e9jszaka \u00f6ssze\u00fclt izraeli nemzetbiztons\u00e1gi kabinet a terrorhull\u00e1m megf\u00e9kez\u00e9s\u00e9re &#8211; k\u00f6z\u00f6lte a jeruzs\u00e1lemi k\u00f6zszolg\u00e1lati r\u00e1di\u00f3 kedd reggel.<\/strong><!--more--><\/p>\n<div class=\"ads-in-post1\"><div id=\"gazdasagportal.hu_fullbanner_wideboard\"><\/div>\r\n<\/div>\n<p>    Benj\u00e1min Netanjahu minisztereln\u00f6k arra utas\u00edtotta az illet\u00e9kes igazs\u00e1g\u00fcgyi szerveket, hogy gyors\u00edts\u00e1k fel a mer\u00e9nyl\u0151k h\u00e1z\u00e1nak lerombol\u00e1si elj\u00e1r\u00e1s\u00e1t. A test\u00fclet d\u00f6nt\u00f6tt arr\u00f3l is, hogy sz\u00fcks\u00e9g szerint meger\u0151s\u00edti a Ciszjord\u00e1ni\u00e1ban \u00e1llom\u00e1soz\u00f3 izraeli csapatokat.<br \/>\n    T\u00f6bb sz\u00e1zzal n\u00f6velik Jeruzs\u00e1lem arabok lakta negyedeiben szolg\u00e1latot teljes\u00edt\u0151 rend\u0151r\u00f6k sz\u00e1m\u00e1t, \u00e9s d\u00f6nt\u00e9s sz\u00fcletett a ciszjord\u00e1niai ker\u00fcl\u0151 utakr\u00f3l is.<br \/>\n    A miniszterek az \u00f3v\u00e1rosban l\u00e9v\u0151 Mecsetek ter\u00e9n az eddigi biztons\u00e1gi \u00e1llapotok fenntart\u00e1s\u00e1t \u00edg\u00e9rt\u00e9k, egyben azt hogy megakad\u00e1lyozz\u00e1k a civilek \u00f6nb\u00edr\u00e1skod\u00e1s\u00e1t.<br \/>\n    A kabinet adminisztrat\u00edv, b\u00edr\u00f3s\u00e1gi hat\u00e1rozat n\u00e9lk\u00fcli \u0151rizetbe v\u00e9teleket helyezett kil\u00e1t\u00e1sba a zavarg\u00e1sok r\u00e9sztvev\u0151i ellen, ezzel p\u00e1rhuzamosan felgyors\u00edtja a t\u00f6rv\u00e9nykez\u00e9si folyamatot, amely lehet\u0151v\u00e9 teszi majd a k\u0151dob\u00e1l\u00f3k elleni b\u00fcntet\u00e9sek szigor\u00edt\u00e1s\u00e1t.<br \/>\n    Kelet-Jeruzs\u00e1lemben a hat\u00f3s\u00e1gok nekil\u00e1ttak h\u00e1rom r\u00e9gebbi mer\u00e9nyl\u0151 otthon\u00e1nak lerombol\u00e1s\u00e1hoz.<br \/>\n    Ezalatt Jeruzs\u00e1lemben h\u00e9tf\u0151 \u00e9jjel sem csillapodtak az indulatok: palesztinok k\u00f6vekkel dob\u00e1ltak meg egy zsid\u00f3kat sz\u00e1ll\u00edt\u00f3 aut\u00f3buszt, amelynek egyik utas\u00e1t az \u00fcvegszil\u00e1nkok k\u00f6nnyebben megsebes\u00edtett\u00e9k, h\u00e1rom m\u00e1sik utast pedig a szorong\u00e1sos roham t\u00fcneteivel sz\u00e1ll\u00edtottak k\u00f3rh\u00e1zba.<br \/>\n    Az egyik jeruzs\u00e1lemi k\u00f3rh\u00e1zban egy enyh\u00e9bb s\u00e9r\u00fcl\u00e9sekkel felvett arab fiatal arr\u00f3l sz\u00e1molt be, hogy zsid\u00f3k megt\u00e1madt\u00e1k \u00e9s k\u00f6vekkel megdob\u00e1lt\u00e1k. Egy m\u00e1sik incidensben egy arabokat sz\u00e1ll\u00edt\u00f3 aut\u00f3 l\u00e1mp\u00e1j\u00e1t t\u00f6rt\u00e9k be zsid\u00f3k.<br \/>\n    Este t\u00f6bb ezren t\u00fcntettek Jeruzs\u00e1lemben a minisztereln\u00f6ki rezidencia el\u0151tt a ciszjord\u00e1niai biztons\u00e1gi helyzet roml\u00e1sa miatt hathat\u00f3sabb fell\u00e9p\u00e9st k\u00f6vetelve a palesztinokkal szemben.<br \/>\n    A korm\u00e1nyz\u00f3 jobbk\u00f6z\u00e9p Likud p\u00e1rthoz tartoz\u00f3 H\u00e1im Kac n\u00e9pj\u00f3l\u00e9ti miniszter azt mondta, hogy az 1967-ben elfoglalt Ciszjord\u00e1ni\u00e1ban folytatott \u00fajabb \u00e9p\u00edtkez\u00e9sekkel kell v\u00e1laszolni az er\u0151szakhull\u00e1mra.<br \/>\n    Ezzel egy id\u0151ben Netanjahu korm\u00e1nyf\u0151 a szombati \u00f3v\u00e1rosi palesztin k\u00e9sel\u00e9s k\u00f3rh\u00e1zban fekv\u0151 sebes\u00fcltjeit megl\u00e1togatva, kem\u00e9ny fell\u00e9p\u00e9st helyezett kil\u00e1t\u00e1sba a &#8222;t\u00e1mad\u00f3k \u00e9s felbujt\u00f3ik&#8221; ellen.(MTI) <\/p>\n","protected":false},"excerpt":{"rendered":"<p>Szigor\u00edt\u00e1sokat fogadott el az \u00e9jszaka \u00f6ssze\u00fclt izraeli nemzetbiztons\u00e1gi kabinet a terrorhull\u00e1m megf\u00e9kez\u00e9s\u00e9re &#8211; k\u00f6z\u00f6lte a jeruzs\u00e1lemi k\u00f6zszolg\u00e1lati r\u00e1di\u00f3 kedd reggel.<\/p>\n","protected":false},"author":1,"featured_media":0,"comment_status":"open","ping_status":"closed","sticky":false,"template":"","format":"standard","meta":[],"categories":[16],"tags":[],"_links":{"self":[{"href":"https:\/\/gazdasagportal.hu\/index.php\/wp-json\/wp\/v2\/posts\/68568"}],"collection":[{"href":"https:\/\/gazdasagportal.hu\/index.php\/wp-json\/wp\/v2\/posts"}],"about":[{"href":"https:\/\/gazdasagportal.hu\/index.php\/wp-json\/wp\/v2\/types\/post"}],"author":[{"embeddable":true,"href":"https:\/\/gazdasagportal.hu\/index.php\/wp-json\/wp\/v2\/users\/1"}],"replies":[{"embeddable":true,"href":"https:\/\/gazdasagportal.hu\/index.php\/wp-json\/wp\/v2\/comments?post=68568"}],"version-history":[{"count":1,"href":"https:\/\/gazdasagportal.hu\/index.php\/wp-json\/wp\/v2\/posts\/68568\/revisions"}],"predecessor-version":[{"id":68569,"href":"https:\/\/gazdasagportal.hu\/index.php\/wp-json\/wp\/v2\/posts\/68568\/revisions\/68569"}],"wp:attachment":[{"href":"https:\/\/gazdasagportal.hu\/index.php\/wp-json\/wp\/v2\/media?parent=68568"}],"wp:term":[{"taxonomy":"category","embeddable":true,"href":"https:\/\/gazdasagportal.hu\/index.php\/wp-json\/wp\/v2\/categories?post=68568"},{"taxonomy":"post_tag","embeddable":true,"href":"https:\/\/gazdasagportal.hu\/index.php\/wp-json\/wp\/v2\/tags?post=68568"}],"curies":[{"name":"wp","href":"https:\/\/api.w.org\/{rel}","templated":true}]}}