{"id":68561,"date":"2015-10-05T19:40:33","date_gmt":"2015-10-05T17:40:33","guid":{"rendered":"http:\/\/gazdasagportal.hu\/?p=68561"},"modified":"2015-10-05T17:41:22","modified_gmt":"2015-10-05T15:41:22","slug":"az-opel-a-terveknek-megfeleloen-futtatja-fel-a-motorgyartast-szentgotthardon","status":"publish","type":"post","link":"https:\/\/gazdasagportal.hu\/index.php\/az-opel-a-terveknek-megfeleloen-futtatja-fel-a-motorgyartast-szentgotthardon\/","title":{"rendered":"Az Opel a terveknek megfelel\u0151en futtatja fel a motorgy\u00e1rt\u00e1st Szentgotth\u00e1rdon"},"content":{"rendered":"<p><strong>Az Opel az id\u00e9n 580 ezer motort gy\u00e1rt szentgotth\u00e1rdi gy\u00e1r\u00e1ban, j\u00f6v\u0151re pedig 700 ezer darab f\u00f6l\u00e9 emelik a termel\u00e9st; ez a terveknek megfelel\u0151en, p\u00e1rhuzamosan halad az asperni \u00fczembeli motorgy\u00e1rt\u00e1s kifut\u00e1s\u00e1val &#8211; mondta D\u00e1nos Andr\u00e1s, az Opel Magyarorsz\u00e1g PR-igazgat\u00f3ja az MTI-nek.<\/strong><!--more--><\/p>\n<div class=\"ads-in-post1\"><div id=\"gazdasagportal.hu_fullbanner_wideboard\"><\/div>\r\n<\/div>\n<p>    Hozz\u00e1tette: az ausztriai gy\u00e1rban 2018-t\u00f3l a tov\u00e1bbiakban sebess\u00e9gv\u00e1lt\u00f3k gy\u00e1rt\u00e1sa folyik, Szentgotth\u00e1rdon pedig a motorok\u00e9, \u00edgy k\u00e9t tiszta profil\u00fa \u00fczem j\u00f6n l\u00e9tre. Ehhez a kor\u00e1bban m\u00e1r bejelentett tervhez igazodik a magyarorsz\u00e1gi gy\u00e1r termel\u00e9s\u00e9nek felfuttat\u00e1sa, a l\u00e9tsz\u00e1m b\u0151v\u00edt\u00e9se, amely menetrend szerint halad &#8211; sz\u00f6gezte le.<br \/>\n    Az osztr\u00e1k Salzburger Nachrichten p\u00e9nteken \u00edrt arr\u00f3l, hogy a General Motors (GM) 2018-t\u00f3l megsz\u00fcnteti a motorgy\u00e1rt\u00e1st a b\u00e9csi Aspern ker\u00fcletben l\u00e9v\u0151 Opel \u00fczemben. A motorgy\u00e1rt\u00e1s megsz\u00fcntet\u00e9se ut\u00e1n az asperni \u00fczem csak hajt\u00e1sl\u00e1nc-berendez\u00e9seket, sebess\u00e9gv\u00e1lt\u00f3kat fog gy\u00e1rtani. A gy\u00e1rban jelenleg 1200 \u00e9s 1400 k\u00f6bcentis benzinmotorok k\u00e9sz\u00fclnek. A lap \u00fagy \u00e9rtes\u00fclt, hogy az asperni \u00fczemt\u0151l a motorgy\u00e1rt\u00e1st az Opel szentgotth\u00e1rdi \u00fczeme veszi  \u00e1t.<br \/>\n    Az Opel f\u0151 eur\u00f3pai motorgy\u00e1rt\u00f3 egys\u00e9ge m\u00e1ra m\u00e1r a szentgotth\u00e1rdi gy\u00e1r. D\u00e1nos Andr\u00e1s eml\u00e9keztetett arra, hogy a rugalmas termel\u00e9si rendszerben m\u0171k\u00f6d\u0151 Flex motorgy\u00e1rat h\u00e1rom motorcsal\u00e1d el\u0151\u00e1ll\u00edt\u00e1s\u00e1ra, eredetileg \u00e9vi 500 ezer motor gy\u00e1rt\u00e1s\u00e1ra tervezt\u00e9k. A 2010-ben bejelentett, eredetileg 500 milli\u00f3 eur\u00f3sra tervezett beruh\u00e1z\u00e1st k\u00e9s\u0151bb 130 milli\u00f3 eur\u00f3val, majd \u00fajabb 60 milli\u00f3val toldott\u00e1k meg.<br \/>\n    A termel\u00e9s az 1,6 literes benzinmotorok  sorozatgy\u00e1rt\u00e1s\u00e1val indult el 2013 elej\u00e9n, majd fokozatosan megkezdt\u00e9k a k\u00f6z\u00e9pkateg\u00f3ri\u00e1s d\u00edzel- \u00e9s a kiskateg\u00f3ri\u00e1s benzinmotorok gy\u00e1rt\u00e1s\u00e1t. M\u00e9g abban az \u00e9vben bejelentett\u00e9k a tov\u00e1bbi kapacit\u00e1sb\u0151v\u00edt\u00e9st arra hivatkozva, hogy a 2014-ben indul\u00f3 kiskateg\u00f3ri\u00e1s, azaz 1,4 literesn\u00e9l nem  nagyobb motorok eset\u00e9ben k\u00fcl\u00f6n\u00f6sen nagy keresletre sz\u00e1m\u00edt a c\u00e9g. Ek\u00f6zben az 1,8 literes motorok gy\u00e1rt\u00e1s\u00e1hoz \u00faj gy\u00e1rt\u00f3sorokat v\u00e1s\u00e1roltak, r\u00e9gieket is \u00e1talak\u00edtottak.<br \/>\n    A Flex motorgy\u00e1r 2015-re elk\u00e9sz\u00fclt. Kapacit\u00e1sa \u00e9vi 650 ezer darabra n\u0151tt, a hagyom\u00e1nyos Family motorokat gy\u00e1rt\u00f3 \u00fczemr\u00e9sszel egy\u00fctt pedig ak\u00e1r egymilli\u00f3 motor is gy\u00e1rt\u00e1s\u00e1ra k\u00e9pesek Szentgotth\u00e1rdon.  A gy\u00e1r 2016-17-re \u00e9rheti el maxim\u00e1lis kapacit\u00e1skihaszn\u00e1lts\u00e1g\u00e1t.<br \/>\n     Szentgotth\u00e1rdon tavaly 370 ezer darab motort gy\u00e1rtottak, az id\u00e9n pedig 580 ezret terveznek. J\u00f6v\u0151re 700 ezer darab f\u00f6l\u00e9 emelkedhet a termel\u00e9s.<br \/>\n    A dolgoz\u00f3i l\u00e9tsz\u00e1m Szentgotth\u00e1rdon az id\u00e9n is b\u0151v\u00fcl, az \u00e9v v\u00e9g\u00e9re el\u00e9ri az 1700-at.(MTI)<\/p>\n","protected":false},"excerpt":{"rendered":"<p>Az Opel az id\u00e9n 580 ezer motort gy\u00e1rt szentgotth\u00e1rdi gy\u00e1r\u00e1ban, j\u00f6v\u0151re pedig 700 ezer darab f\u00f6l\u00e9 emelik a termel\u00e9st; ez a terveknek megfelel\u0151en, p\u00e1rhuzamosan halad az asperni \u00fczembeli motorgy\u00e1rt\u00e1s kifut\u00e1s\u00e1val &#8211; mondta D\u00e1nos Andr\u00e1s, az Opel Magyarorsz\u00e1g PR-igazgat\u00f3ja az MTI-nek.<\/p>\n","protected":false},"author":1,"featured_media":0,"comment_status":"open","ping_status":"closed","sticky":false,"template":"","format":"standard","meta":[],"categories":[19],"tags":[],"_links":{"self":[{"href":"https:\/\/gazdasagportal.hu\/index.php\/wp-json\/wp\/v2\/posts\/68561"}],"collection":[{"href":"https:\/\/gazdasagportal.hu\/index.php\/wp-json\/wp\/v2\/posts"}],"about":[{"href":"https:\/\/gazdasagportal.hu\/index.php\/wp-json\/wp\/v2\/types\/post"}],"author":[{"embeddable":true,"href":"https:\/\/gazdasagportal.hu\/index.php\/wp-json\/wp\/v2\/users\/1"}],"replies":[{"embeddable":true,"href":"https:\/\/gazdasagportal.hu\/index.php\/wp-json\/wp\/v2\/comments?post=68561"}],"version-history":[{"count":1,"href":"https:\/\/gazdasagportal.hu\/index.php\/wp-json\/wp\/v2\/posts\/68561\/revisions"}],"predecessor-version":[{"id":68562,"href":"https:\/\/gazdasagportal.hu\/index.php\/wp-json\/wp\/v2\/posts\/68561\/revisions\/68562"}],"wp:attachment":[{"href":"https:\/\/gazdasagportal.hu\/index.php\/wp-json\/wp\/v2\/media?parent=68561"}],"wp:term":[{"taxonomy":"category","embeddable":true,"href":"https:\/\/gazdasagportal.hu\/index.php\/wp-json\/wp\/v2\/categories?post=68561"},{"taxonomy":"post_tag","embeddable":true,"href":"https:\/\/gazdasagportal.hu\/index.php\/wp-json\/wp\/v2\/tags?post=68561"}],"curies":[{"name":"wp","href":"https:\/\/api.w.org\/{rel}","templated":true}]}}