{"id":68559,"date":"2015-10-06T06:18:54","date_gmt":"2015-10-06T04:18:54","guid":{"rendered":"http:\/\/gazdasagportal.hu\/?p=68559"},"modified":"2015-10-05T17:40:12","modified_gmt":"2015-10-05T15:40:12","slug":"financial-times-olaszorszag-ismet-perelni-akarja-a-hitelminositoket","status":"publish","type":"post","link":"https:\/\/gazdasagportal.hu\/index.php\/financial-times-olaszorszag-ismet-perelni-akarja-a-hitelminositoket\/","title":{"rendered":"Financial Times: Olaszorsz\u00e1g ism\u00e9t perelni akarja a hitelmin\u0151s\u00edt\u0151ket"},"content":{"rendered":"<p><strong>Ism\u00e9t perelni akarja a hitelmin\u0151s\u00edt\u0151ket Olaszorsz\u00e1g az eur\u00f3\u00f6vezeti ad\u00f3ss\u00e1gv\u00e1ls\u00e1g m\u00e9lypontj\u00e1n bejelentett meredek lemin\u0151s\u00edt\u00e9sek miatt, amelyek az elj\u00e1r\u00f3 olasz v\u00e1dhat\u00f3s\u00e1g szerint indokolatlan k\u00e1rokoz\u00e1ssal \u00e9rtek fel.<\/strong><!--more--><\/p>\n<div class=\"ads-in-post1\"><div id=\"gazdasagportal.hu_fullbanner_wideboard\"><\/div>\r\n<\/div>\n<p>    A Financial Times c\u00edm\u0171 londoni gazdas\u00e1gi napilap online kiad\u00e1s\u00e1nak besz\u00e1mol\u00f3ja szerint &#8211; a h\u00e1rom \u00e9vvel ezel\u0151tti hasonl\u00f3 pr\u00f3b\u00e1lkoz\u00e1s ut\u00e1n &#8211; most is a d\u00e9l-olaszorsz\u00e1gi Trani v\u00e1ros\u00e1nak \u00fcgy\u00e9szi hivatala terjesztette el\u0151 a v\u00e1dind\u00edtv\u00e1nyt a Standard &#038; Poor&#8217;s \u00e9s a Fitch Ratings ellen az olasz szuver\u00e9n ad\u00f3soszt\u00e1lyzat 2011-ben \u00e9s 2012-ben bejelentett lemin\u0151s\u00edt\u00e9sei miatt. Olaszorsz\u00e1g akkoriban Kazahszt\u00e1nnal ker\u00fclt azonos ad\u00f3smin\u0151s\u00edt\u00e9si kateg\u00f3ri\u00e1ba.<br \/>\n    A mostani v\u00e1delj\u00e1r\u00e1s a k\u00e9t hitelmin\u0151s\u00edt\u0151 mellett a Standard &#038; Poor&#8217;s \u00f6t \u00e9s a Fitch Ratings egy alkalmazottj\u00e1ra szem\u00e9lyesen is kiterjed.<br \/>\n    Az olasz v\u00e1ros \u00fcgy\u00e9szs\u00e9ge m\u00e1r 2012 november\u00e9ben is kezdem\u00e9nyezett hasonl\u00f3 elj\u00e1r\u00e1st; annak idej\u00e9n szint\u00e9n a Standard &#038; Poor&#8217;s \u00e9s a Fitch t\u00f6bb vezet\u0151je ellen emeltek v\u00e1dat, piaci inform\u00e1ci\u00f3kkal elk\u00f6vetett vissza\u00e9l\u00e9s c\u00edm\u00e9n.<br \/>\n    Az akkori elj\u00e1r\u00e1sra v\u00e1laszul a Fitch annak idej\u00e9n bejelentette, hogy onnant\u00f3l fogva csak form\u00e1lis elemz\u00e9sek k\u00f6zz\u00e9t\u00e9tel\u00e9re sz\u0171k\u00edti az Olaszorsz\u00e1ggal kapcsolatos piaci kommunik\u00e1ci\u00f3j\u00e1t, \u00e9s felf\u00fcggesztette az olasz besorol\u00e1sokat \u00e9rint\u0151 konferenci\u00e1k \u00e9s telekonferenci\u00e1k rendez\u00e9s\u00e9t.<br \/>\n    A most bejelentett \u00fajabb perkezdem\u00e9nyez\u00e9sre a Standard &#038; Poor&#8217;s nyilatkozatban reag\u00e1lt, k\u00f6z\u00f6lve: az \u00fcgy a hitelmin\u0151s\u00edt\u0151k szerep\u00e9nek f\u00e9lre\u00e9rt\u00e9s\u00e9n alapul. A hitelmin\u0151s\u00edt\u0151k szerepe a piaci \u00e1tl\u00e1that\u00f3s\u00e1g \u00e9s likvidit\u00e1s el\u0151seg\u00edt\u00e9se az \u00e9rintett ad\u00f3s hitelk\u00e9pess\u00e9g\u00e9r\u0151l alkotott f\u00fcggetlen v\u00e9lem\u00e9ny ismertet\u00e9s\u00e9vel &#8211; \u00e1ll az S&#038;P nyilatkozat\u00e1ban.<br \/>\n    A Fitch Ratings k\u00f6zlem\u00e9nye szerint az elj\u00e1r\u00e1s minden alapot n\u00e9lk\u00fcl\u00f6z.<br \/>\n    A Financial Times kiemeli ugyanakkor, hogy az elm\u00falt id\u0151szakban voltak sikeres hat\u00f3s\u00e1gi felel\u0151ss\u00e9gre von\u00e1si kezdem\u00e9nyez\u00e9sek a hitelmin\u0151s\u00edt\u0151kkel szemben.<br \/>\n    A Standard &#038; Poor&#8217;s \u00e9pp az id\u00e9n fizetett 1,4 milli\u00e1rd doll\u00e1rt az amerikai igazs\u00e1g\u00fcgyi miniszt\u00e9riummal k\u00f6t\u00f6tt egyezs\u00e9g alapj\u00e1n. A miniszt\u00e9rium el\u0151z\u0151leg azzal az indokkal ind\u00edtott elj\u00e1r\u00e1st, hogy az S&#038;P az ingatlanpiaci kock\u00e1zatok n\u00f6veked\u00e9se ellen\u00e9re a lehets\u00e9ges legjobb, &#8222;AAA&#8221; min\u0151s\u00edt\u00e9ssel l\u00e1tott el amerikai ingatlanhitel-k\u00f6vetel\u00e9sekb\u0151l \u00f6sszecsomagolt befektet\u00e9si term\u00e9keket.(MTI)<\/p>\n","protected":false},"excerpt":{"rendered":"<p>Ism\u00e9t perelni akarja a hitelmin\u0151s\u00edt\u0151ket Olaszorsz\u00e1g az eur\u00f3\u00f6vezeti ad\u00f3ss\u00e1gv\u00e1ls\u00e1g m\u00e9lypontj\u00e1n bejelentett meredek lemin\u0151s\u00edt\u00e9sek miatt, amelyek az elj\u00e1r\u00f3 olasz v\u00e1dhat\u00f3s\u00e1g szerint indokolatlan k\u00e1rokoz\u00e1ssal \u00e9rtek fel.<\/p>\n","protected":false},"author":1,"featured_media":60602,"comment_status":"open","ping_status":"closed","sticky":false,"template":"","format":"standard","meta":[],"categories":[146,246],"tags":[],"_links":{"self":[{"href":"https:\/\/gazdasagportal.hu\/index.php\/wp-json\/wp\/v2\/posts\/68559"}],"collection":[{"href":"https:\/\/gazdasagportal.hu\/index.php\/wp-json\/wp\/v2\/posts"}],"about":[{"href":"https:\/\/gazdasagportal.hu\/index.php\/wp-json\/wp\/v2\/types\/post"}],"author":[{"embeddable":true,"href":"https:\/\/gazdasagportal.hu\/index.php\/wp-json\/wp\/v2\/users\/1"}],"replies":[{"embeddable":true,"href":"https:\/\/gazdasagportal.hu\/index.php\/wp-json\/wp\/v2\/comments?post=68559"}],"version-history":[{"count":1,"href":"https:\/\/gazdasagportal.hu\/index.php\/wp-json\/wp\/v2\/posts\/68559\/revisions"}],"predecessor-version":[{"id":68560,"href":"https:\/\/gazdasagportal.hu\/index.php\/wp-json\/wp\/v2\/posts\/68559\/revisions\/68560"}],"wp:featuredmedia":[{"embeddable":true,"href":"https:\/\/gazdasagportal.hu\/index.php\/wp-json\/wp\/v2\/media\/60602"}],"wp:attachment":[{"href":"https:\/\/gazdasagportal.hu\/index.php\/wp-json\/wp\/v2\/media?parent=68559"}],"wp:term":[{"taxonomy":"category","embeddable":true,"href":"https:\/\/gazdasagportal.hu\/index.php\/wp-json\/wp\/v2\/categories?post=68559"},{"taxonomy":"post_tag","embeddable":true,"href":"https:\/\/gazdasagportal.hu\/index.php\/wp-json\/wp\/v2\/tags?post=68559"}],"curies":[{"name":"wp","href":"https:\/\/api.w.org\/{rel}","templated":true}]}}