{"id":68557,"date":"2015-10-05T18:57:32","date_gmt":"2015-10-05T16:57:32","guid":{"rendered":"http:\/\/gazdasagportal.hu\/?p=68557"},"modified":"2015-10-05T17:38:30","modified_gmt":"2015-10-05T15:38:30","slug":"a-magyar-allam-kulfoldi-befektetoket-is-bevonna-az-mkb-privatizaciojaba","status":"publish","type":"post","link":"https:\/\/gazdasagportal.hu\/index.php\/a-magyar-allam-kulfoldi-befektetoket-is-bevonna-az-mkb-privatizaciojaba\/","title":{"rendered":"A magyar \u00e1llam k\u00fclf\u00f6ldi befektet\u0151ket is bevonna az MKB privatiz\u00e1ci\u00f3j\u00e1ba"},"content":{"rendered":"<p><strong>A magyar \u00e1llam december v\u00e9g\u00e9ig szeretn\u00e9 eladni az MKB Bank t\u00f6bbs\u00e9gi tulajdoni h\u00e1nyad\u00e1t, \u00e9s a prefer\u00e1lt tulajdonosi k\u00f6rben k\u00fclf\u00f6ldi befektet\u0151k is szerepelnek &#8211; jelentette ki Balog \u00c1d\u00e1m, a p\u00e9nzint\u00e9zet eln\u00f6k-vez\u00e9rigazgat\u00f3ja a Reuters h\u00edr\u00fcgyn\u00f6ks\u00e9gnek adott nyilatkozat\u00e1ban, amelyet a p\u00e9nzint\u00e9zett\u0151l kapott meg az MTI h\u00e9tf\u0151n.<\/strong><!--more--><\/p>\n<div class=\"ads-in-post1\"><div id=\"gazdasagportal.hu_fullbanner_wideboard\"><\/div>\r\n<\/div>\n<p>    A Magyar Nemzeti Bank (MNB) p\u00e9nteken jelentette be, hogy az MKB tulajdonosi jogait gyakorl\u00f3 szan\u00e1l\u00e1si hat\u00f3s\u00e1gk\u00e9nt megkezdi a p\u00e9nzint\u00e9zet \u00e9rt\u00e9kes\u00edt\u00e9s\u00e9t, amelyben a potenci\u00e1lis int\u00e9zm\u00e9nyi \u00e9s mag\u00e1nbefektet\u0151k a tenderelj\u00e1r\u00e1sba t\u00f6rt\u00e9n\u0151 megh\u00edv\u00e1ssal vehetnek r\u00e9szt.<br \/>\n    &#8222;A Magyar Nemzeti Bank olyan tulajdonosi strukt\u00far\u00e1t r\u00e9szes\u00edt el\u0151nyben, amely biztos\u00edtja, hogy az MKB a magyar bankrendszer er\u0151s \u00e9s f\u00fcggetlen tagja marad, nem olvad bele egy l\u00e9tez\u0151 egys\u00e9gbe&#8221; &#8211; mondta Balog \u00c1d\u00e1m, hozz\u00e1t\u00e9ve, hogy ez jelentheti k\u00fclf\u00f6ldi tulajdonosok bevon\u00e1s\u00e1t.<br \/>\n    &#8222;Mi t\u00f6bb, hat\u00e1rozottan k\u00edv\u00e1natos bizonyos fok\u00fa k\u00fclf\u00f6ldi tulajdoni h\u00e1nyad&#8221; &#8211; fogalmazott a vez\u00e9rigazgat\u00f3, aki egy\u00fattal jelezte, hogy Magyarorsz\u00e1g m\u00e1r sz\u00e1mos potenci\u00e1lis befektet\u0151vel kapcsolatba l\u00e9pett.<br \/>\n    Balog \u00c1d\u00e1m k\u00f6z\u00f6lte: a magyar \u00e1llam az MKB legal\u00e1bb 51 sz\u00e1zal\u00e9k\u00e1t  nemzetk\u00f6zi tenderen szeretn\u00e9 \u00e9rt\u00e9kes\u00edteni, de ak\u00e1r 10-20 sz\u00e1zal\u00e9kra is cs\u00f6kkenthet\u0151 az \u00e1llami r\u00e9szesed\u00e9s.<br \/>\n    Az MKB ad\u00f3z\u00e1s el\u0151tti vesztes\u00e9ge az els\u0151 f\u00e9l \u00e9v v\u00e9g\u00e9n 4 milli\u00e1rd forint volt, nagyj\u00e1b\u00f3l negyede a tavaly azonos id\u0151szaki 15,3 milli\u00e1rd forintos vesztes\u00e9gnek.<br \/>\n    Az MKB-nak a nem teljes\u00edt\u0151 hitelek \u00e9rt\u00e9kes\u00edt\u00e9se okozhat bizonyos vesztes\u00e9geket, de az nem hat a bank t\u0151kemegfelel\u00e9si mutat\u00f3j\u00e1ra, amely 14,7 sz\u00e1zal\u00e9kon \u00e1llt id\u00e9n j\u00fanius v\u00e9g\u00e9n. Mag\u00e1nbefektet\u0151k m\u00e9g mindig megv\u00e1s\u00e1rolhatj\u00e1k az MKB 700-750 milli\u00f3 eur\u00f3 k\u00f6nyv szerinti \u00e9rt\u00e9k\u0171 kock\u00e1zatos eszk\u00f6zeinek 25-30 sz\u00e1zal\u00e9k\u00e1t.<br \/>\n    &#8222;A folyamatban l\u00e9v\u0151 tranzakci\u00f3kat heteken bel\u00fcl le kell z\u00e1rni&#8221; &#8211; mondta az eln\u00f6k-vez\u00e9rigazgat\u00f3, aki szerint a MKB j\u00f6v\u0151re m\u00e1r m\u00e9rs\u00e9kelt nyeres\u00e9get \u00e9rhet el, majd 2017-18-ban er\u0151sebb\u00e9 v\u00e1lhat j\u00f6vedelmez\u0151s\u00e9ge.(MTI)<\/p>\n","protected":false},"excerpt":{"rendered":"<p>A magyar \u00e1llam december v\u00e9g\u00e9ig szeretn\u00e9 eladni az MKB Bank t\u00f6bbs\u00e9gi tulajdoni h\u00e1nyad\u00e1t, \u00e9s a prefer\u00e1lt tulajdonosi k\u00f6rben k\u00fclf\u00f6ldi befektet\u0151k is szerepelnek &#8211; jelentette ki Balog \u00c1d\u00e1m, a p\u00e9nzint\u00e9zet eln\u00f6k-vez\u00e9rigazgat\u00f3ja a Reuters h\u00edr\u00fcgyn\u00f6ks\u00e9gnek adott nyilatkozat\u00e1ban, amelyet a p\u00e9nzint\u00e9zett\u0151l kapott meg az MTI h\u00e9tf\u0151n.<\/p>\n","protected":false},"author":1,"featured_media":0,"comment_status":"open","ping_status":"closed","sticky":false,"template":"","format":"standard","meta":[],"categories":[19],"tags":[],"_links":{"self":[{"href":"https:\/\/gazdasagportal.hu\/index.php\/wp-json\/wp\/v2\/posts\/68557"}],"collection":[{"href":"https:\/\/gazdasagportal.hu\/index.php\/wp-json\/wp\/v2\/posts"}],"about":[{"href":"https:\/\/gazdasagportal.hu\/index.php\/wp-json\/wp\/v2\/types\/post"}],"author":[{"embeddable":true,"href":"https:\/\/gazdasagportal.hu\/index.php\/wp-json\/wp\/v2\/users\/1"}],"replies":[{"embeddable":true,"href":"https:\/\/gazdasagportal.hu\/index.php\/wp-json\/wp\/v2\/comments?post=68557"}],"version-history":[{"count":1,"href":"https:\/\/gazdasagportal.hu\/index.php\/wp-json\/wp\/v2\/posts\/68557\/revisions"}],"predecessor-version":[{"id":68558,"href":"https:\/\/gazdasagportal.hu\/index.php\/wp-json\/wp\/v2\/posts\/68557\/revisions\/68558"}],"wp:attachment":[{"href":"https:\/\/gazdasagportal.hu\/index.php\/wp-json\/wp\/v2\/media?parent=68557"}],"wp:term":[{"taxonomy":"category","embeddable":true,"href":"https:\/\/gazdasagportal.hu\/index.php\/wp-json\/wp\/v2\/categories?post=68557"},{"taxonomy":"post_tag","embeddable":true,"href":"https:\/\/gazdasagportal.hu\/index.php\/wp-json\/wp\/v2\/tags?post=68557"}],"curies":[{"name":"wp","href":"https:\/\/api.w.org\/{rel}","templated":true}]}}