{"id":68551,"date":"2015-10-05T16:44:13","date_gmt":"2015-10-05T14:44:13","guid":{"rendered":"http:\/\/gazdasagportal.hu\/?p=68551"},"modified":"2015-10-05T16:44:13","modified_gmt":"2015-10-05T14:44:13","slug":"sziria-szakerto-nem-lesz-eles-orosz-torok-konfliktus-a-legtersertes-miatt","status":"publish","type":"post","link":"https:\/\/gazdasagportal.hu\/index.php\/sziria-szakerto-nem-lesz-eles-orosz-torok-konfliktus-a-legtersertes-miatt\/","title":{"rendered":"Sz\u00edria &#8211; Szak\u00e9rt\u0151: nem lesz \u00e9les orosz-t\u00f6r\u00f6k konfliktus a l\u00e9gt\u00e9rs\u00e9rt\u00e9s miatt"},"content":{"rendered":"<p><strong>V\u00e1rhat\u00f3an nem alakul ki \u00e9les konfliktus Oroszorsz\u00e1g \u00e9s T\u00f6r\u00f6korsz\u00e1g k\u00f6z\u00f6tt amiatt, hogy egy orosz harci rep\u00fcl\u0151g\u00e9p megs\u00e9rtette T\u00f6r\u00f6korsz\u00e1g l\u00e9gter\u00e9t a sz\u00edriai hat\u00e1rn\u00e1l &#8211; mondta Heged\u0171s Tam\u00e1s geopolitikai szak\u00e9rt\u0151 h\u00e9tf\u0151n az MTI-nek.<\/strong><!--more--><\/p>\n<div class=\"ads-in-post1\"><div id=\"gazdasagportal.hu_fullbanner_wideboard\"><\/div>\r\n<\/div>\n<p>    A t\u00f6r\u00f6k k\u00fcl\u00fcgyminiszt\u00e9rium bek\u00e9rette Moszkva ankarai nagyk\u00f6vet\u00e9t, hogy tiltakozzon a l\u00e9gt\u00e9rs\u00e9rt\u00e9s miatt. A miniszt\u00e9rium h\u00e9tf\u0151i k\u00f6zlem\u00e9nye szerint az incidens szombaton t\u00f6rt\u00e9nt. A t\u00e9rs\u00e9gben j\u00e1r\u0151r\u00f6z\u0151 k\u00e9t F-16-os t\u00f6r\u00f6k vad\u00e1szbomb\u00e1z\u00f3 visszafordul\u00e1sra k\u00e9nyszer\u00edtette az orosz g\u00e9pet.<br \/>\n    Moszkva elismerte, hogy a g\u00e9p &#8222;v\u00e9letlen\u00fcl bel\u00e9pett&#8221; T\u00f6r\u00f6korsz\u00e1g l\u00e9gter\u00e9be, \u00e9s arr\u00f3l biztos\u00edtotta Ankar\u00e1t, hogy ez t\u00f6bbet nem fog megt\u00f6rt\u00e9nni. A t\u00f6r\u00f6k k\u00fcl\u00fcgyminiszt\u00e9rium felsz\u00f3l\u00edtotta Oroszorsz\u00e1got, hogy \u00f3vakodjon a hat\u00e1rs\u00e9rt\u00e9sek megism\u00e9tl\u0151d\u00e9s\u00e9t\u0151l.<br \/>\n    Az elemz\u0151 mindezzel kapcsolatban k\u00f6z\u00f6lte: Moszkva hivatalosan elismerte a berep\u00fcl\u00e9s t\u00e9ny\u00e9t, de arra nem adott magyar\u00e1zatot. V\u00e9lhet\u0151en v\u00e9letlen\u00fcl t\u00f6rt\u00e9nt az eset, hiszen el\u00e9g kicsi t\u00e1vols\u00e1gokr\u00f3l van sz\u00f3, de az is elk\u00e9pzelhet\u0151, hogy be nem vallott m\u00f3don T\u00f6r\u00f6korsz\u00e1g \u00e9bers\u00e9g\u00e9t tesztelt\u00e9k &#8211; v\u00e9lekedett.<br \/>\n    Hangs\u00falyozta: arra mindenesetre nem kell sz\u00e1m\u00edtani, hogy ebb\u0151l k\u00f6zvetlen konfliktus alakulna ki T\u00f6r\u00f6korsz\u00e1g \u00e9s Oroszorsz\u00e1g k\u00f6z\u00f6tt. Nyilv\u00e1nval\u00f3an van konkr\u00e9t geopolitikai \u00e9rdekellent\u00e9t Sz\u00edri\u00e1val kapcsolatban a k\u00e9t orsz\u00e1g k\u00f6z\u00f6tt, egyfajta verseng\u00e9s zajlik k\u00f6zt\u00fck a t\u00e9rs\u00e9gbeli befoly\u00e1s\u00e9rt, de egyik f\u00e9lnek sem \u00e9rdeke a konfliktus &#8211; magyar\u00e1zta.<br \/>\n    Heged\u0171s Tam\u00e1s eml\u00e9keztetett: T\u00f6r\u00f6korsz\u00e1g diplom\u00e1ciai \u00faton t\u00f6bb esetben is tiltakozott a sz\u00edriai orosz beavatkoz\u00e1s ellen, de ahhoz t\u00fal sok k\u00f6z\u00f6s \u00e9rdekelts\u00e9ge van a k\u00e9t orsz\u00e1gnak &#8211; els\u0151sorban a gazdas\u00e1gban -, hogy ki\u00e9lezz\u00e9k ezt az ellent\u00e9tet.<br \/>\n    A szak\u00e9rt\u0151 azt is elmondta, hogy a sz\u00edriai konfliktus eddig t\u00f6bb sz\u00e1zezer halottal \u00e9s t\u00f6bb milli\u00f3 menek\u00fclttel j\u00e1rt, \u00e9s a hivatalos orosz nyilatkozatok szerint a beavatkoz\u00e1s c\u00e9lja e helyzet enyh\u00edt\u00e9se, a konfliktus megsz\u00fcntet\u00e9se. Mindazon\u00e1ltal Sz\u00edri\u00e1ban &#8222;ma m\u00e1r egyik f\u00e9lnek sem lehet re\u00e1lis c\u00e9lja az orsz\u00e1g teljes ter\u00fclet\u00e9nek a birtokl\u00e1sa&#8221;, erre sem a korm\u00e1nyer\u0151k nem k\u00e9pesek, sem pedig a rezsim ellen k\u00fczd\u0151 er\u0151k, amelyek sokszor egym\u00e1ssal is harcban \u00e1llnak &#8211; mutatott r\u00e1.<br \/>\n    Az elemz\u0151 kiemelte: egy id\u0151 ut\u00e1n val\u00f3sz\u00edn\u0171leg &#8222;be fognak fagyni a frontvonalak&#8221;, \u00e9s de facto megosztotts\u00e1g alakul ki az orsz\u00e1gban. Vagyis hivatalosan nem osztj\u00e1k fel Sz\u00edri\u00e1t, de a t\u00f6bb r\u00e9szre szakad\u00e1s t\u00e9nylegesen ak\u00e1r hosszabb ideig is fenn\u00e1llhat.<br \/>\n    Heged\u0171s Tam\u00e1s \u00fagy v\u00e9lte, az orosz beavatkoz\u00e1s ez\u00e9rt ink\u00e1bb azt szolg\u00e1lja, hogy &#8222;az Aszad-rendszer megmaradt hatalm\u00e1t stabiliz\u00e1lja az orsz\u00e1g keleti r\u00e9sz\u00e9n&#8221;, a beavatkoz\u00e1s ugyanis ehhez elegend\u0151, viszont ahhoz nem, hogy az eg\u00e9sz orsz\u00e1gban helyre\u00e1lljon a kor\u00e1bbi \u00e1llapot. Ez\u00e9rt &#8222;ter\u00fcletmegoszt\u00e1ssal kombin\u00e1lt hatalommegoszt\u00e1s&#8221; lehet el\u0151bb-ut\u00f3bb a v\u00e9ge ennek a konfliktusnak &#8211; mondta a szak\u00e9rt\u0151.(MTI)<\/p>\n","protected":false},"excerpt":{"rendered":"<p>V\u00e1rhat\u00f3an nem alakul ki \u00e9les konfliktus Oroszorsz\u00e1g \u00e9s T\u00f6r\u00f6korsz\u00e1g k\u00f6z\u00f6tt amiatt, hogy egy orosz harci rep\u00fcl\u0151g\u00e9p megs\u00e9rtette T\u00f6r\u00f6korsz\u00e1g l\u00e9gter\u00e9t a sz\u00edriai hat\u00e1rn\u00e1l &#8211; mondta Heged\u0171s Tam\u00e1s geopolitikai szak\u00e9rt\u0151 h\u00e9tf\u0151n az MTI-nek.<\/p>\n","protected":false},"author":1,"featured_media":0,"comment_status":"open","ping_status":"closed","sticky":false,"template":"","format":"standard","meta":[],"categories":[16],"tags":[],"_links":{"self":[{"href":"https:\/\/gazdasagportal.hu\/index.php\/wp-json\/wp\/v2\/posts\/68551"}],"collection":[{"href":"https:\/\/gazdasagportal.hu\/index.php\/wp-json\/wp\/v2\/posts"}],"about":[{"href":"https:\/\/gazdasagportal.hu\/index.php\/wp-json\/wp\/v2\/types\/post"}],"author":[{"embeddable":true,"href":"https:\/\/gazdasagportal.hu\/index.php\/wp-json\/wp\/v2\/users\/1"}],"replies":[{"embeddable":true,"href":"https:\/\/gazdasagportal.hu\/index.php\/wp-json\/wp\/v2\/comments?post=68551"}],"version-history":[{"count":1,"href":"https:\/\/gazdasagportal.hu\/index.php\/wp-json\/wp\/v2\/posts\/68551\/revisions"}],"predecessor-version":[{"id":68552,"href":"https:\/\/gazdasagportal.hu\/index.php\/wp-json\/wp\/v2\/posts\/68551\/revisions\/68552"}],"wp:attachment":[{"href":"https:\/\/gazdasagportal.hu\/index.php\/wp-json\/wp\/v2\/media?parent=68551"}],"wp:term":[{"taxonomy":"category","embeddable":true,"href":"https:\/\/gazdasagportal.hu\/index.php\/wp-json\/wp\/v2\/categories?post=68551"},{"taxonomy":"post_tag","embeddable":true,"href":"https:\/\/gazdasagportal.hu\/index.php\/wp-json\/wp\/v2\/tags?post=68551"}],"curies":[{"name":"wp","href":"https:\/\/api.w.org\/{rel}","templated":true}]}}