{"id":68509,"date":"2015-10-04T13:44:23","date_gmt":"2015-10-04T11:44:23","guid":{"rendered":"http:\/\/gazdasagportal.hu\/?p=68509"},"modified":"2015-10-04T09:56:35","modified_gmt":"2015-10-04T07:56:35","slug":"nemet-lap-brusszel-es-ankara-akciotervet-dolgozott-ki-a-menekultaradat-feltartoztatasara","status":"publish","type":"post","link":"https:\/\/gazdasagportal.hu\/index.php\/nemet-lap-brusszel-es-ankara-akciotervet-dolgozott-ki-a-menekultaradat-feltartoztatasara\/","title":{"rendered":"N\u00e9met lap: Br\u00fcsszel \u00e9s Ankara akci\u00f3tervet dolgozott ki a menek\u00fclt\u00e1radat feltart\u00f3ztat\u00e1s\u00e1ra"},"content":{"rendered":"<p><strong>Az Eur\u00f3pai Bizotts\u00e1g (EB) \u00e9s a t\u00f6r\u00f6k korm\u00e1ny akci\u00f3tervet dolgozott ki az Eur\u00f3pai Uni\u00f3ba ir\u00e1nyul\u00f3 menek\u00fclt\u00e1radat feltart\u00f3ztat\u00e1s\u00e1ra, az elk\u00e9pzel\u00e9s szerint a t\u00f6r\u00f6k \u00e9s a g\u00f6r\u00f6g parti \u0151rs\u00e9g az uni\u00f3s hat\u00e1rv\u00e9delmi \u00fcgyn\u00f6ks\u00e9g (Frontex) szervez\u00e9s\u00e9ben k\u00f6z\u00f6sen j\u00e1r\u0151r\u00f6zik majd az \u00c9gei-tenger keleti r\u00e9sz\u00e9n, \u00e9s minden menek\u00fcltet visszasz\u00e1ll\u00edtanak a t\u00f6r\u00f6k partokra &#8211; \u00edrta a Frankfurter Allgemeine Sonntagszeitung (FAS) c\u00edm\u0171 vas\u00e1rnapi n\u00e9met lap.<\/strong><!--more--><\/p>\n<div class=\"ads-in-post1\"><div id=\"gazdasagportal.hu_fullbanner_wideboard\"><\/div>\r\n<\/div>\n<p>    A lap \u00e9rtes\u00fcl\u00e9se szerint a t\u00f6r\u00f6k f\u00e9l v\u00e1llalja, hogy az EU p\u00e9nz\u00fcgyi t\u00e1mogat\u00e1s\u00e1val fel\u00e1ll\u00edt hat \u00faj menek\u00fcltt\u00e1bort, amelyekben \u00f6sszesen k\u00e9tmilli\u00f3 ember f\u00e9r el, az uni\u00f3s tagorsz\u00e1gok pedig v\u00e1llalj\u00e1k, hogy a menek\u00fcltek egy r\u00e9sz\u00e9t befogadj\u00e1k. \u00cdgy ak\u00e1r f\u00e9lmilli\u00f3 embert telep\u00edthetnek \u00e1t T\u00f6r\u00f6korsz\u00e1gb\u00f3l az EU-ba biztons\u00e1gos, ellen\u0151rz\u00f6tt m\u00f3don.<br \/>\n    Az akci\u00f3tervet a h\u00e9ten dolgozt\u00e1k ki az EB \u00e9s a t\u00f6r\u00f6k korm\u00e1ny k\u00e9pvisel\u0151i. Jean-Claude Juncker bizotts\u00e1gi eln\u00f6k az \u00fcgyben szorosan egyeztetett Angela Merkel n\u00e9met kancell\u00e1rral \u00e9s Francois Hollande francia eln\u00f6kkel.<br \/>\n    Recep Tayyip Erdogan t\u00f6r\u00f6k eln\u00f6k h\u00e9tf\u0151n Br\u00fcsszelbe l\u00e1togat, hogy megvitassa a tervet az uni\u00f3s int\u00e9zm\u00e9nyek vezet\u0151ivel. A FAS szerint Br\u00fcsszelben arra sz\u00e1m\u00edtanak, hogy siker\u00fcl a t\u00f6r\u00f6k \u00e1llamf\u0151vel politikai meg\u00e1llapod\u00e1st k\u00f6tni a k\u00f6z\u00f6s kezdem\u00e9nyez\u00e9sr\u0151l, ezut\u00e1n pedig az okt\u00f3ber k\u00f6zep\u00e9n tartand\u00f3 uni\u00f3s cs\u00facsra r\u00e9szletesen kidolgozz\u00e1k a tervet, \u00e9s a lehet\u0151 leggyorsabban hozz\u00e1kezdenek megval\u00f3s\u00edt\u00e1s\u00e1hoz.<br \/>\n    A rem\u00e9nyek szerint az egy\u00fcttm\u0171k\u00f6d\u00e9s r\u00e9v\u00e9n j\u00f6v\u0151 tavaszig siker\u00fcl \u00farr\u00e1 lenni a g\u00f6r\u00f6g szigeteken \u00e9s az \u00fagynevezett balk\u00e1ni migr\u00e1ci\u00f3s \u00fatvonalon kialakult kaotikus helyzeten &#8211; \u00edrta a FAS.<br \/>\n    Angela Merkel egy szombati nyilatkozat\u00e1ban kiemelte, hogy a menek\u00fcltv\u00e1ls\u00e1g glob\u00e1lis kih\u00edv\u00e1s, amellyel csak az EU r\u00e9szv\u00e9tel\u00e9vel lehet megbirk\u00f3zni. Az eur\u00f3pai &#8222;komponens&#8221; azt jelenti hogy &#8222;megv\u00e9dj\u00fck k\u00fcls\u0151 hat\u00e1rainkat&#8221;, m\u00e9ghozz\u00e1 &#8222;k\u00f6z\u00f6sen&#8221;, \u00e9s ezzel &#8222;rendezett\u00e9 tessz\u00fck a bev\u00e1ndorl\u00e1st&#8221;. Az is jelenti, hogy  &#8222;nagyobb felel\u0151ss\u00e9get v\u00e1llalunk&#8221; mindazon orsz\u00e1gok\u00e9rt, amelyekben kialakultak a menek\u00fclthull\u00e1mot kiv\u00e1lt\u00f3 okok, vagy ahol nagyon sok a menek\u00fclt, mint p\u00e9ld\u00e1ul Libanonban, Jord\u00e1ni\u00e1ban \u00e9s T\u00f6r\u00f6korsz\u00e1gban &#8211; mondta a n\u00e9met kancell\u00e1r.<br \/>\n    Angela Merkel hozz\u00e1tette, hogy T\u00f6r\u00f6korsz\u00e1ggal m\u00e1r el is kezd\u0151dtek a t\u00e1rgyal\u00e1sok a g\u00f6r\u00f6g-t\u00f6r\u00f6k uni\u00f3s k\u00fcls\u0151 hat\u00e1r \u00fcgy\u00e9ben.(MTI)<\/p>\n","protected":false},"excerpt":{"rendered":"<p>Az Eur\u00f3pai Bizotts\u00e1g (EB) \u00e9s a t\u00f6r\u00f6k korm\u00e1ny akci\u00f3tervet dolgozott ki az Eur\u00f3pai Uni\u00f3ba ir\u00e1nyul\u00f3 menek\u00fclt\u00e1radat feltart\u00f3ztat\u00e1s\u00e1ra, az elk\u00e9pzel\u00e9s szerint a t\u00f6r\u00f6k \u00e9s a g\u00f6r\u00f6g parti \u0151rs\u00e9g az uni\u00f3s hat\u00e1rv\u00e9delmi \u00fcgyn\u00f6ks\u00e9g (Frontex) szervez\u00e9s\u00e9ben k\u00f6z\u00f6sen j\u00e1r\u0151r\u00f6zik majd az \u00c9gei-tenger keleti r\u00e9sz\u00e9n, \u00e9s minden menek\u00fcltet visszasz\u00e1ll\u00edtanak a t\u00f6r\u00f6k partokra &#8211; \u00edrta a Frankfurter Allgemeine Sonntagszeitung (FAS) c\u00edm\u0171 &#8230;<\/p>\n","protected":false},"author":1,"featured_media":0,"comment_status":"open","ping_status":"closed","sticky":false,"template":"","format":"standard","meta":[],"categories":[12],"tags":[],"_links":{"self":[{"href":"https:\/\/gazdasagportal.hu\/index.php\/wp-json\/wp\/v2\/posts\/68509"}],"collection":[{"href":"https:\/\/gazdasagportal.hu\/index.php\/wp-json\/wp\/v2\/posts"}],"about":[{"href":"https:\/\/gazdasagportal.hu\/index.php\/wp-json\/wp\/v2\/types\/post"}],"author":[{"embeddable":true,"href":"https:\/\/gazdasagportal.hu\/index.php\/wp-json\/wp\/v2\/users\/1"}],"replies":[{"embeddable":true,"href":"https:\/\/gazdasagportal.hu\/index.php\/wp-json\/wp\/v2\/comments?post=68509"}],"version-history":[{"count":1,"href":"https:\/\/gazdasagportal.hu\/index.php\/wp-json\/wp\/v2\/posts\/68509\/revisions"}],"predecessor-version":[{"id":68510,"href":"https:\/\/gazdasagportal.hu\/index.php\/wp-json\/wp\/v2\/posts\/68509\/revisions\/68510"}],"wp:attachment":[{"href":"https:\/\/gazdasagportal.hu\/index.php\/wp-json\/wp\/v2\/media?parent=68509"}],"wp:term":[{"taxonomy":"category","embeddable":true,"href":"https:\/\/gazdasagportal.hu\/index.php\/wp-json\/wp\/v2\/categories?post=68509"},{"taxonomy":"post_tag","embeddable":true,"href":"https:\/\/gazdasagportal.hu\/index.php\/wp-json\/wp\/v2\/tags?post=68509"}],"curies":[{"name":"wp","href":"https:\/\/api.w.org\/{rel}","templated":true}]}}