{"id":68503,"date":"2015-10-04T08:06:15","date_gmt":"2015-10-04T06:06:15","guid":{"rendered":"http:\/\/gazdasagportal.hu\/?p=68503"},"modified":"2015-10-03T23:07:28","modified_gmt":"2015-10-03T21:07:28","slug":"bulgariaban-felere-csokkent-az-illegalis-bevandorlok-szama-a-kerites-hatasara","status":"publish","type":"post","link":"https:\/\/gazdasagportal.hu\/index.php\/bulgariaban-felere-csokkent-az-illegalis-bevandorlok-szama-a-kerites-hatasara\/","title":{"rendered":"Bulg\u00e1ri\u00e1ban fel\u00e9re cs\u00f6kkent az illeg\u00e1lis bev\u00e1ndorl\u00f3k sz\u00e1ma a ker\u00edt\u00e9s hat\u00e1s\u00e1ra"},"content":{"rendered":"<p><strong>A bolg\u00e1r-t\u00f6r\u00f6k hat\u00e1ron meg\u00e9p\u00edtett ker\u00edt\u00e9s hat\u00e1s\u00e1ra fel\u00e9re cs\u00f6kkent az illeg\u00e1lis hat\u00e1r\u00e1tl\u00e9p\u0151k sz\u00e1ma &#8211; hangzott el az M1 aktu\u00e1lis csatorn\u00e1n szombaton.<\/strong><!--more--><\/p>\n<div class=\"ads-in-post1\"><div id=\"gazdasagportal.hu_fullbanner_wideboard\"><\/div>\r\n<\/div>\n<p>    A M1 tud\u00f3s\u00edt\u00f3ja, aki a bolg\u00e1r-t\u00f6r\u00f6k hat\u00e1ron fekv\u0151 Lesevo t\u00e9rs\u00e9g\u00e9b\u0151l jelentkezett be telefonon, elmondta: 2013-ban m\u00e9g 11 ezer bev\u00e1ndorl\u00f3 kelt \u00e1t illeg\u00e1lisan a szerb-t\u00f6r\u00f6k hat\u00e1ron, a k\u00f6vetkez\u0151 \u00e9vre azonban hatezerre cs\u00f6kkent a sz\u00e1muk, k\u00f6sz\u00f6nhet\u0151en a 33 kilom\u00e9ter hosszan meg\u00e9p\u00fclt, h\u00e1rom m\u00e9ter magas sz\u00f6gesdr\u00f3t ker\u00edt\u00e9snek.<br \/>\n    A bolg\u00e1r korm\u00e1ny nemr\u00e9g d\u00f6nt\u00f6tt a ker\u00edt\u00e9s meghosszabb\u00edt\u00e1s\u00e1r\u00f3l, mivel \u00e9v eleje \u00f3ta mintegy 17 ezer nem regisztr\u00e1lt migr\u00e1nst tart\u00f3ztattak fel Bulg\u00e1ria hat\u00e1rain, valamint az orsz\u00e1g belsej\u00e9ben.(MTI)<\/p>\n","protected":false},"excerpt":{"rendered":"<p>A bolg\u00e1r-t\u00f6r\u00f6k hat\u00e1ron meg\u00e9p\u00edtett ker\u00edt\u00e9s hat\u00e1s\u00e1ra fel\u00e9re cs\u00f6kkent az illeg\u00e1lis hat\u00e1r\u00e1tl\u00e9p\u0151k sz\u00e1ma &#8211; hangzott el az M1 aktu\u00e1lis csatorn\u00e1n szombaton.<\/p>\n","protected":false},"author":1,"featured_media":0,"comment_status":"open","ping_status":"closed","sticky":false,"template":"","format":"standard","meta":[],"categories":[12],"tags":[],"_links":{"self":[{"href":"https:\/\/gazdasagportal.hu\/index.php\/wp-json\/wp\/v2\/posts\/68503"}],"collection":[{"href":"https:\/\/gazdasagportal.hu\/index.php\/wp-json\/wp\/v2\/posts"}],"about":[{"href":"https:\/\/gazdasagportal.hu\/index.php\/wp-json\/wp\/v2\/types\/post"}],"author":[{"embeddable":true,"href":"https:\/\/gazdasagportal.hu\/index.php\/wp-json\/wp\/v2\/users\/1"}],"replies":[{"embeddable":true,"href":"https:\/\/gazdasagportal.hu\/index.php\/wp-json\/wp\/v2\/comments?post=68503"}],"version-history":[{"count":1,"href":"https:\/\/gazdasagportal.hu\/index.php\/wp-json\/wp\/v2\/posts\/68503\/revisions"}],"predecessor-version":[{"id":68504,"href":"https:\/\/gazdasagportal.hu\/index.php\/wp-json\/wp\/v2\/posts\/68503\/revisions\/68504"}],"wp:attachment":[{"href":"https:\/\/gazdasagportal.hu\/index.php\/wp-json\/wp\/v2\/media?parent=68503"}],"wp:term":[{"taxonomy":"category","embeddable":true,"href":"https:\/\/gazdasagportal.hu\/index.php\/wp-json\/wp\/v2\/categories?post=68503"},{"taxonomy":"post_tag","embeddable":true,"href":"https:\/\/gazdasagportal.hu\/index.php\/wp-json\/wp\/v2\/tags?post=68503"}],"curies":[{"name":"wp","href":"https:\/\/api.w.org\/{rel}","templated":true}]}}