{"id":68496,"date":"2015-10-03T17:33:35","date_gmt":"2015-10-03T15:33:35","guid":{"rendered":"http:\/\/gazdasagportal.hu\/?p=68496"},"modified":"2015-10-03T10:34:52","modified_gmt":"2015-10-03T08:34:52","slug":"obama-sziria-nem-lesz-atteteles-haboru-szintere","status":"publish","type":"post","link":"https:\/\/gazdasagportal.hu\/index.php\/obama-sziria-nem-lesz-atteteles-haboru-szintere\/","title":{"rendered":"Obama: Sz\u00edria nem lesz \u00e1tt\u00e9teles h\u00e1bor\u00fa sz\u00edntere"},"content":{"rendered":"<p><strong>Az amerikai eln\u00f6k kijelentette, hogy nem \u00e1ll sz\u00e1nd\u00e9k\u00e1ban a sz\u00edriai konfliktust az Egyes\u00fclt \u00c1llamok \u00e9s Oroszorsz\u00e1g k\u00f6z\u00f6tti, helyettes\u00edt\u0151 er\u0151k \u00e1ltal megv\u00edvott, \u00e1tt\u00e9teles h\u00e1bor\u00fav\u00e1 (proxy war) v\u00e1ltoztatni, \u00e9s hogy nem k\u00edv\u00e1n egy\u00fcttm\u0171k\u00f6dni Moszkv\u00e1val a sz\u00edriai rezsim ellen harcol\u00f3 \u00f6sszes er\u0151 megsemmis\u00edt\u00e9s\u00e9ben sem.<\/strong><!--more--><\/p>\n<div class=\"ads-in-post1\"><div id=\"gazdasagportal.hu_fullbanner_wideboard\"><\/div>\r\n<\/div>\n<p>    Barack Obama azzal kapcsolatban nyilatkozott err\u0151l a Feh\u00e9r H\u00e1zban megtartott sajt\u00f3\u00e9rtekezlet\u00e9n p\u00e9nteken, hogy az Egyes\u00fclt \u00c1llamok \u00e9s Oroszorsz\u00e1g l\u00e9giereje az elm\u00falt napokban Bass\u00e1r el-Aszad sz\u00edriai eln\u00f6k m\u00e1s \u00e9s m\u00e1s ellenfeleit bomb\u00e1zta.<br \/>\n    &#8222;Ez nem valami szuperhatalmak k\u00f6z\u00f6tti, sakkt\u00e1bl\u00e1n\u00e1l v\u00edvott verseny&#8221; &#8211; mondta az eln\u00f6k.<br \/>\n    Obama b\u00edr\u00e1lta Oroszorsz\u00e1got a Sz\u00edri\u00e1ban az ellenz\u00e9ki er\u0151k ellen &#8222;v\u00e1logat\u00e1s n\u00e9lk\u00fcl&#8221; v\u00e9grehajtott l\u00e9gicsap\u00e1sok miatt, \u00e9s lesz\u00f6gezte, hogy ha az orosz l\u00e9gi hadj\u00e1rat tov\u00e1bbra is ugyanebben a szellemben folytat\u00f3dik, akkor Washington nem fog egy\u00fcttm\u0171k\u00f6dni Moszkv\u00e1val &#8222;az Aszad-ellenes er\u0151k megsemmis\u00edt\u00e9s\u00e9re ir\u00e1nyul\u00f3 orosz kamp\u00e1nyban&#8221;.<br \/>\n    Az eln\u00f6k szerint sz\u00edriai strat\u00e9gi\u00e1j\u00e1nak b\u00edr\u00e1l\u00f3i csak &#8222;mell\u00e9besz\u00e9lni&#8221; tudnak, amikor arra k\u00e9rik \u0151ket, hogy v\u00e1zoljanak fel alternat\u00edv\u00e1t azzal szemben.<br \/>\n    Obama \u00e9s Vlagyimir Putyin orosz eln\u00f6k t\u00f6bb mint k\u00e9t\u00e9vi kihagy\u00e1s ut\u00e1n h\u00e9tf\u0151n tartott el\u0151sz\u00f6r hivatalos k\u00e9toldal\u00fa tal\u00e1lkoz\u00f3t az ENSZ-k\u00f6zgy\u0171l\u00e9s 70. \u00fcl\u00e9sszak\u00e1nak nyit\u00e1nya keret\u00e9ben. Oroszorsz\u00e1g szerd\u00e1n ind\u00edtott el\u0151sz\u00f6r l\u00e9gicsap\u00e1sokat Sz\u00edri\u00e1ban &#8211; amerikai tiszts\u00e9gvisel\u0151k szerint nem az Iszl\u00e1m \u00c1llam terrorszervezet \u00e1ll\u00e1sai ellen. Az orosz g\u00e9pek el\u0151sz\u00f6r p\u00e9nteken t\u00e1madt\u00e1k az Iszl\u00e1m \u00c1llamot.<br \/>\n    A New York-i orosz-amerikai cs\u00faccsal kapcsolatban Obama arr\u00f3l sz\u00e1molt be, hogy ott arra az esetre aj\u00e1nlotta fel egy\u00fcttm\u0171k\u00f6d\u00e9s\u00e9t Putyinnak, ha az orosz eln\u00f6k k\u00f6zben tud j\u00e1rni a sz\u00edriai politikai rendez\u00e9s\u00e9rt Ir\u00e1nn\u00e1l \u00e9s Aszadn\u00e1l. \u00dagy v\u00e9lekedett, hogy Moszkva beleragad az &#8222;ingov\u00e1nyba&#8221;, ha az orosz eln\u00f6k nem az Iszl\u00e1m \u00c1llamra \u00f6sszpontos\u00edt \u00e9s nem seg\u00edt egy olyan politikai \u00e1tmenet megval\u00f3s\u00edt\u00e1s\u00e1ban, amelynek eredm\u00e9nyek\u00e9ppen Aszad lemond majd a hatalomr\u00f3l.<br \/>\n    Obama igyekezett elszigeteltk\u00e9nt bemutatni az orosz er\u0151fesz\u00edt\u00e9seket, r\u00e1mutatva, hogy Putyin koal\u00edci\u00f3ja csak Ir\u00e1nb\u00f3l \u00e9s Aszadb\u00f3l \u00e1ll, mik\u00f6zben &#8222;a vil\u00e1g t\u00f6bbi r\u00e9sze&#8221; az amerikai vezet\u00e9s\u0171 koal\u00edci\u00f3hoz csatlakozott. \u00c1ll\u00e1spontja szerint Oroszorsz\u00e1g nem l\u00e1t k\u00fcl\u00f6nbs\u00e9get az Iszl\u00e1m \u00c1llam \u00e9s a sz\u00edriai ellenz\u00e9k k\u00f6z\u00f6tt, \u00e9s Moszkva &#8222;n\u00e9z\u0151pontj\u00e1b\u00f3l \u0151k valamennyien terrorist\u00e1k&#8221;.<br \/>\n    Az oregoni f\u0151iskolai m\u00e9sz\u00e1rl\u00e1ssal kapcsolatban Barack Obama elmondta, hogy eln\u00f6ks\u00e9g\u00e9nek h\u00e1tral\u00e9v\u0151 r\u00e9sz\u00e9t a fegyveres er\u0151szak elleni fell\u00e9p\u00e9sre k\u00edv\u00e1nja felhaszn\u00e1lni. Az eln\u00f6k azonban nem a t\u00f6rv\u00e9nyalkot\u00e1s ter\u00e9n pr\u00f3b\u00e1l meg fell\u00e9pni &#8211; amit eleve lehetetlenn\u00e9 tesz, hogy a kongresszus mindk\u00e9t h\u00e1z\u00e1ban a republik\u00e1nusok vannak t\u00f6bbs\u00e9gben &#8211; hanem a probl\u00e9m\u00e1nak a k\u00f6zv\u00e9lem\u00e9nyben val\u00f3 tudatos\u00edt\u00e1sa ter\u00e9n.<br \/>\n    &#8222;Rendszeresen fogok err\u0151l besz\u00e9lni, politikai k\u00e9rd\u00e9st fogok csin\u00e1lni bel\u0151le. Mert a t\u00e9tlens\u00e9g\u00fcnk politikai d\u00f6nt\u00e9s&#8221; &#8211; mondta azzal kapcsolatban, hogy az Egyes\u00fclt \u00c1llamokban n\u00e9h\u00e1ny h\u00f3napos rendszeress\u00e9ggel megism\u00e9tl\u0151dnek a l\u0151fegyverrel elk\u00f6vetett csoportos ember\u00f6l\u00e9sek.<br \/>\n    \u00dagy v\u00e9lekedett, hogy kevesebb lenne a gyilkoss\u00e1gok sz\u00e1ma, ha nehezebb\u00e9 v\u00e1lna a fegyverhez jut\u00e1s. Arra b\u00e1tor\u00edtotta az amerikaiakat, hogy olyan politikusokat v\u00e1lasszanak meg, akik az \u00e1ltala helyesnek mondott \u00e1ll\u00e1spontot k\u00e9pviselik.<br \/>\n    Az elakadt sz\u00f6vets\u00e9gi b\u00fcdzs\u00e9vel kapcsolatban Obama s\u00fcrgette a kongresszust, hogy az amerikai gazdas\u00e1gnak a glob\u00e1lis n\u00f6veked\u00e9s lassul\u00e1sa k\u00f6zepette okozhat\u00f3 k\u00e1r elker\u00fcl\u00e9se \u00e9rdek\u00e9ben miel\u0151bb szavazza meg az okt\u00f3ber 1-j\u00e9n m\u00e1r elkezd\u0151d\u00f6tt 2016-os p\u00e9nz\u00fcgyi \u00e9vre sz\u00f3l\u00f3 k\u00f6lts\u00e9gvet\u00e9st.<br \/>\n    Szavai szerint a t\u00f6rv\u00e9nyhoz\u00e1s \u00e1ltal a h\u00e9ten elfogadott, december 11-ig sz\u00f3l\u00f3 \u00e1tmeneti b\u00fcdzs\u00e9 mag\u00e1ban hordozza annak lehet\u0151s\u00e9g\u00e9t, hogy kar\u00e1csony el\u0151tt \u00fajabb v\u00e1ls\u00e1g alakuljon ki. Kijelentette, hogy t\u00f6bb \u00e1tmeneti k\u00f6lts\u00e9gvet\u00e9si t\u00f6rv\u00e9nyt nem fog al\u00e1\u00edrni.<br \/>\n    Az eln\u00f6k szerint a (republik\u00e1nus t\u00f6bbs\u00e9g\u0171) kongresszus nem kac\u00e9rkodhat azzal, hogy r\u00e9szlegesen ism\u00e9t megb\u00e9n\u00edtsa a sz\u00f6vets\u00e9gi korm\u00e1nyzat munk\u00e1j\u00e1t. A k\u00f6lts\u00e9gvet\u00e9s elfogad\u00e1s\u00e1nak k\u00e9rd\u00e9se a v\u00e1rakoz\u00e1sok szerint \u00e9lesen vet\u0151dik majd fel az amerikai k\u00e9pvisel\u0151h\u00e1zban, ahol a t\u00f6bbs\u00e9gi republik\u00e1nusok k\u00f6z\u00f6tt ut\u00f3dl\u00e1si harc folyik a posztj\u00e1r\u00f3l okt\u00f3ber v\u00e9g\u00e9n t\u00e1voz\u00f3 John Boehner eln\u00f6ki hely\u00e9\u00e9rt.<br \/>\n    A jelenleg 18,1 ezer milli\u00e1rd doll\u00e1ron \u00e1ll\u00f3 ad\u00f3ss\u00e1gplafon november elej\u00e9n esed\u00e9kes emel\u00e9s\u00e9vel kapcsolatban lesz\u00f6gezte: nem hajland\u00f3 \u00fajb\u00f3l belemenni olyan, a k\u00f6lts\u00e9gvet\u00e9si kiad\u00e1sok cs\u00f6kkent\u00e9s\u00e9r\u0151l sz\u00f3l\u00f3 alkudoz\u00e1sba, amely 2011-ben &#8211; a t\u00f6rt\u00e9nelem folyam\u00e1n el\u0151sz\u00f6r &#8211; a mesters\u00e9ges cs\u0151d sz\u00e9l\u00e9re sodorta az orsz\u00e1got. &#8222;Nem fogunk oda visszat\u00e9rni&#8221; &#8211; mondta.<br \/>\n    Az eln\u00f6k sajt\u00f3t\u00e1j\u00e9koztat\u00f3j\u00e1n nem k\u00edv\u00e1nta komment\u00e1lni azt a lehet\u0151s\u00e9get, hogy esetleg aleln\u00f6ke, Joe Biden is besz\u00e1llhat a Demokrata P\u00e1rt hivatalos eln\u00f6kjel\u00f6lts\u00e9g\u00e9\u00e9rt folytatott k\u00fczdelembe.(MTI)<\/p>\n","protected":false},"excerpt":{"rendered":"<p>Az amerikai eln\u00f6k kijelentette, hogy nem \u00e1ll sz\u00e1nd\u00e9k\u00e1ban a sz\u00edriai konfliktust az Egyes\u00fclt \u00c1llamok \u00e9s Oroszorsz\u00e1g k\u00f6z\u00f6tti, helyettes\u00edt\u0151 er\u0151k \u00e1ltal megv\u00edvott, \u00e1tt\u00e9teles h\u00e1bor\u00fav\u00e1 (proxy war) v\u00e1ltoztatni, \u00e9s hogy nem k\u00edv\u00e1n egy\u00fcttm\u0171k\u00f6dni Moszkv\u00e1val a sz\u00edriai rezsim ellen harcol\u00f3 \u00f6sszes er\u0151 megsemmis\u00edt\u00e9s\u00e9ben sem.<\/p>\n","protected":false},"author":1,"featured_media":0,"comment_status":"open","ping_status":"closed","sticky":false,"template":"","format":"standard","meta":[],"categories":[16],"tags":[],"_links":{"self":[{"href":"https:\/\/gazdasagportal.hu\/index.php\/wp-json\/wp\/v2\/posts\/68496"}],"collection":[{"href":"https:\/\/gazdasagportal.hu\/index.php\/wp-json\/wp\/v2\/posts"}],"about":[{"href":"https:\/\/gazdasagportal.hu\/index.php\/wp-json\/wp\/v2\/types\/post"}],"author":[{"embeddable":true,"href":"https:\/\/gazdasagportal.hu\/index.php\/wp-json\/wp\/v2\/users\/1"}],"replies":[{"embeddable":true,"href":"https:\/\/gazdasagportal.hu\/index.php\/wp-json\/wp\/v2\/comments?post=68496"}],"version-history":[{"count":1,"href":"https:\/\/gazdasagportal.hu\/index.php\/wp-json\/wp\/v2\/posts\/68496\/revisions"}],"predecessor-version":[{"id":68498,"href":"https:\/\/gazdasagportal.hu\/index.php\/wp-json\/wp\/v2\/posts\/68496\/revisions\/68498"}],"wp:attachment":[{"href":"https:\/\/gazdasagportal.hu\/index.php\/wp-json\/wp\/v2\/media?parent=68496"}],"wp:term":[{"taxonomy":"category","embeddable":true,"href":"https:\/\/gazdasagportal.hu\/index.php\/wp-json\/wp\/v2\/categories?post=68496"},{"taxonomy":"post_tag","embeddable":true,"href":"https:\/\/gazdasagportal.hu\/index.php\/wp-json\/wp\/v2\/tags?post=68496"}],"curies":[{"name":"wp","href":"https:\/\/api.w.org\/{rel}","templated":true}]}}