{"id":68493,"date":"2015-10-03T07:11:53","date_gmt":"2015-10-03T05:11:53","guid":{"rendered":"http:\/\/gazdasagportal.hu\/?p=68493"},"modified":"2015-10-02T21:45:40","modified_gmt":"2015-10-02T19:45:40","slug":"ukran-valsag-a-luhanszki-szakadarok-igeretuk-szerint-szombaton-elkezdik-visszavonni-a-fegyvereket-a-fronttol","status":"publish","type":"post","link":"https:\/\/gazdasagportal.hu\/index.php\/ukran-valsag-a-luhanszki-szakadarok-igeretuk-szerint-szombaton-elkezdik-visszavonni-a-fegyvereket-a-fronttol\/","title":{"rendered":"Ukr\u00e1n v\u00e1ls\u00e1g &#8211; A luhanszki szakad\u00e1rok \u00edg\u00e9ret\u00fck szerint szombaton elkezdik visszavonni a fegyvereket a frontt\u00f3l"},"content":{"rendered":"<p><strong>A luhanszki szakad\u00e1rok bejelentett\u00e9k p\u00e9nteken, hogy szombaton megkezdik a 100 millim\u00e9teresn\u00e9l kisebb kaliber\u0171  fegyverek visszavon\u00e1s\u00e1t a kelet-ukrajnai front menti \u00f6vezetb\u0151l.<\/strong><!--more--><\/p>\n<div class=\"ads-in-post1\"><div id=\"gazdasagportal.hu_fullbanner_wideboard\"><\/div>\r\n<\/div>\n<p>    A bejelent\u00e9st Szerhij Kozlov, az \u00f6nk\u00e9nyesen kiki\u00e1ltott Luhanszki N\u00e9pk\u00f6zt\u00e1rsas\u00e1g (LNR) \u00fagynevezett n\u00e9pi rend\u0151rs\u00e9g\u00e9nek parancsnoka tette a kelet-ukrajnai megye egy r\u00e9sz\u00e9t ellen\u0151rz\u00e9s\u00fck alatt tart\u00f3 szakad\u00e1rok hivatalos inform\u00e1ci\u00f3s k\u00f6zpontja szerint.<br \/>\n    A katonai eszk\u00f6z\u00f6k kivon\u00e1sa k\u00e9t szakaszban fog t\u00f6rt\u00e9nni, az els\u0151 okt\u00f3ber 3-t\u00f3l 17-ig, a m\u00e1sodik okt\u00f3ber 18-t\u00f3l november 10-ig &#8211; k\u00f6z\u00f6lte Kozlov. Szavai szerint ez a minszki meg\u00e1llapod\u00e1sok keret\u00e9ben megval\u00f3sul\u00f3 fegyverzetvisszavon\u00e1s utols\u00f3 szakasza, amelynek k\u00f6sz\u00f6nhet\u0151en megval\u00f3s\u00edthat\u00f3v\u00e1 v\u00e1lik a b\u00e9k\u00e9s egy\u00fctt\u00e9l\u00e9s \u00e9s a n\u00e9pk\u00f6zt\u00e1rsas\u00e1g polg\u00e1rainak biztons\u00e1ga.<br \/>\n     A luhanszki szakad\u00e1rok h\u00edr\u00fcgyn\u00f6ks\u00e9ge eml\u00e9keztetett arra, hogy Ihor Plotnickij, az LNR vezet\u0151je szerd\u00e1n \u00edrta al\u00e1 azt a meg\u00e1llapod\u00e1st, amely a kelet-ukrajnai a konfliktus t\u00e1rgyal\u00e1sos rendez\u00e9s\u00e9re \u00e9letre h\u00edvott &#8211; Kijev, Moszkva \u00e9s az EBESZ k\u00e9pvisel\u0151ib\u0151l \u00e1ll\u00f3 &#8211; \u00f6sszek\u00f6t\u0151 csoport keddi minszki tan\u00e1cskoz\u00e1s\u00e1n sz\u00fcletett, \u00e9s amely rendelkezik a 100 millim\u00e9teresn\u00e9l kisebb kaliber\u0171 fegyverek visszavon\u00e1s\u00e1r\u00f3l a kelet-ukrajnai frontvonal menti \u00fctk\u00f6z\u0151z\u00f3n\u00e1b\u00f3l. Az egyezs\u00e9g a febru\u00e1rban k\u00f6t\u00f6tt minszki meg\u00e1llapod\u00e1s kieg\u00e9sz\u00edt\u00e9se, ugyanis a 100 millim\u00e9teresn\u00e9l nagyobb kaliber\u0171 fegyverek visszavon\u00e1s\u00e1r\u00f3l m\u00e1r akkor al\u00e1\u00edrt\u00e1k a meg\u00e1llapod\u00e1st. A most sz\u00fcletett dokumentum az \u00f6sszes harckocsi, 100 millim\u00e9teresn\u00e9l kisebb t\u00fcz\u00e9rs\u00e9gi eszk\u00f6z \u00e9s aknavet\u0151 visszavon\u00e1s\u00e1t \u00edrja el\u0151 a Donyec-medenc\u00e9ben kijel\u00f6lt \u00fctk\u00f6z\u0151vonalt\u00f3l. A meg\u00e1llapod\u00e1s nyom\u00e1n egy 30 kilom\u00e9ter sz\u00e9les fegyvermentes \u00f6vezetnek kell l\u00e9trej\u00f6nnie, azaz mindk\u00e9t f\u00e9l 15-15 kilom\u00e9terre vonja vissza a haditechnikai eszk\u00f6zeit.<br \/>\n    Olekszandr Zaharcsenko, a szakad\u00e1rok \u00f6nk\u00e9nyesen kiki\u00e1ltott Donyecki N\u00e9pk\u00f6zt\u00e1rsas\u00e1g\u00e1nak (DNR) vezet\u0151je szint\u00e9n szerd\u00e1n \u00edrta al\u00e1 a meg\u00e1llapod\u00e1st. Cs\u00fct\u00f6rt\u00f6k\u00f6n orosz \u00fajs\u00e1g\u00edr\u00f3knak viszont m\u00e1r azt mondta, hogy le\u00e1ll\u00edtja a fegyverek visszavon\u00e1s\u00e1t. &#8222;Nagyon k\u00e9tlem, hogy ez a meg\u00e1llapod\u00e1s teljes\u00fclni fog, mert az ukr\u00e1n katon\u00e1k retorik\u00e1ja mer\u0151ben m\u00e1s, mint a Kijevet Minszkben k\u00e9pvisel\u0151k\u00e9&#8221; &#8211; jelentette ki a Ria Novosztyi orosz h\u00edrport\u00e1l szerint. Plotnickij ugyancsak megjegyezte szerd\u00e1n a meg\u00e1llapod\u00e1s al\u00e1\u00edr\u00e1sakor, hogy rem\u00e9li, Kijev is hamarosan nekil\u00e1t a minszki meg\u00e1llapod\u00e1sokban v\u00e1llalt k\u00f6telezetts\u00e9geinek teljes\u00edt\u00e9s\u00e9hez.<br \/>\n(MTI)<\/p>\n","protected":false},"excerpt":{"rendered":"<p>A luhanszki szakad\u00e1rok bejelentett\u00e9k p\u00e9nteken, hogy szombaton megkezdik a 100 millim\u00e9teresn\u00e9l kisebb kaliber\u0171 fegyverek visszavon\u00e1s\u00e1t a kelet-ukrajnai front menti \u00f6vezetb\u0151l.<\/p>\n","protected":false},"author":1,"featured_media":0,"comment_status":"open","ping_status":"closed","sticky":false,"template":"","format":"standard","meta":[],"categories":[139],"tags":[],"_links":{"self":[{"href":"https:\/\/gazdasagportal.hu\/index.php\/wp-json\/wp\/v2\/posts\/68493"}],"collection":[{"href":"https:\/\/gazdasagportal.hu\/index.php\/wp-json\/wp\/v2\/posts"}],"about":[{"href":"https:\/\/gazdasagportal.hu\/index.php\/wp-json\/wp\/v2\/types\/post"}],"author":[{"embeddable":true,"href":"https:\/\/gazdasagportal.hu\/index.php\/wp-json\/wp\/v2\/users\/1"}],"replies":[{"embeddable":true,"href":"https:\/\/gazdasagportal.hu\/index.php\/wp-json\/wp\/v2\/comments?post=68493"}],"version-history":[{"count":1,"href":"https:\/\/gazdasagportal.hu\/index.php\/wp-json\/wp\/v2\/posts\/68493\/revisions"}],"predecessor-version":[{"id":68494,"href":"https:\/\/gazdasagportal.hu\/index.php\/wp-json\/wp\/v2\/posts\/68493\/revisions\/68494"}],"wp:attachment":[{"href":"https:\/\/gazdasagportal.hu\/index.php\/wp-json\/wp\/v2\/media?parent=68493"}],"wp:term":[{"taxonomy":"category","embeddable":true,"href":"https:\/\/gazdasagportal.hu\/index.php\/wp-json\/wp\/v2\/categories?post=68493"},{"taxonomy":"post_tag","embeddable":true,"href":"https:\/\/gazdasagportal.hu\/index.php\/wp-json\/wp\/v2\/tags?post=68493"}],"curies":[{"name":"wp","href":"https:\/\/api.w.org\/{rel}","templated":true}]}}