{"id":68483,"date":"2015-10-03T15:53:38","date_gmt":"2015-10-03T13:53:38","guid":{"rendered":"http:\/\/gazdasagportal.hu\/?p=68483"},"modified":"2015-10-02T21:43:43","modified_gmt":"2015-10-02T19:43:43","slug":"dizelbotrany-ngm-meg-nem-lehet-szamszerusiteni-a-botrany-hatasat","status":"publish","type":"post","link":"https:\/\/gazdasagportal.hu\/index.php\/dizelbotrany-ngm-meg-nem-lehet-szamszerusiteni-a-botrany-hatasat\/","title":{"rendered":"D\u00edzelbotr\u00e1ny &#8211; NGM: m\u00e9g nem lehet sz\u00e1mszer\u0171s\u00edteni a botr\u00e1ny hat\u00e1s\u00e1t"},"content":{"rendered":"<p><strong>M\u00e9g nem lehet sz\u00e1mszer\u0171s\u00edteni, hogy milyen hat\u00e1ssal lehet a Volkswagen-botr\u00e1ny a magyar ipar teljes\u00edtm\u00e9ny\u00e9re, m\u00e9g tartanak a vizsg\u00e1latok &#8211; mondta Marczink\u00f3 Zolt\u00e1n Istv\u00e1n, a Nemzetgazdas\u00e1gi Miniszt\u00e9rium (NGM) helyettes \u00e1llamtitk\u00e1ra p\u00e9nteken az M1 aktu\u00e1lis csatorn\u00e1n.<\/strong><!--more--><\/p>\n<div class=\"ads-in-post1\"><div id=\"gazdasagportal.hu_fullbanner_wideboard\"><\/div>\r\n<\/div>\n<p>    Hozz\u00e1tette: a csoport tavaly 12 milli\u00f3 g\u00e9pj\u00e1rm\u0171vet \u00e9rt\u00e9kes\u00edtett, ezek besz\u00e1ll\u00edt\u00f3i Eur\u00f3pa k\u00fcl\u00f6nb\u00f6z\u0151 orsz\u00e1gaiban, \u00edgy Magyarorsz\u00e1gon is jelen vannak. Megvizsg\u00e1lj\u00e1k, hogy ha ez az \u00e9rt\u00e9kes\u00edt\u00e9si darabsz\u00e1m egy vagy k\u00e9tmilli\u00f3val cs\u00f6kken, akkor annak milyen hat\u00e1sa lehet a besz\u00e1ll\u00edt\u00f3kra. \u00dagy v\u00e9lte, hogy a csoport egyes tagjai k\u00fcl\u00f6nb\u00f6z\u0151 id\u0151pontokban teszik majd k\u00f6zz\u00e9 azoknak az aut\u00f3knak a sz\u00e1m\u00e1t, amelyek \u00e9rintettek lehetnek az \u00fcgyben. Az mondta, hogy eg\u00e9szs\u00e9ges \u00f6nm\u00e9rs\u00e9kletet v\u00e1rnak a csoportt\u00f3l. Kijelentette, hogy szem\u00e9ly szerint el\u00edt\u00e9li azt, ha valaki meg nem engedett eszk\u00f6z\u00f6kkel pr\u00f3b\u00e1l a piacon el\u0151nyh\u00f6z jutni.     K\u00e9t h\u00e9ttel a Volkswagen emisszi\u00f3-hamis\u00edt\u00e1si botr\u00e1ny\u00e1nak kirobban\u00e1sa ut\u00e1n nem csillapodnak Eur\u00f3pa legnagyobb aut\u00f3gy\u00e1r\u00e1nak gondjai. A c\u00e9g N\u00e9metorsz\u00e1gban \u00e9s Franciaorsz\u00e1gban \u00fajabb elj\u00e1r\u00e1soknak n\u00e9z el\u00e9be, az Egyes\u00fclt \u00c1llamokban kongresszusi meghallgat\u00e1sra id\u00e9zt\u00e9k a VW amerikai r\u00e9szleg\u00e9nek vezet\u0151j\u00e9t, \u00e9s az \u00fcgyv\u00e9di irod\u00e1k k\u00e1rt\u00e9r\u00edt\u00e9si ig\u00e9nyekkel kezdik bomb\u00e1zni a v\u00e1llalatot.     A VW kor\u00e1bban elismerte, hogy az Egyes\u00fclt \u00c1llamokban olyan szoftvert alkalmazott, amely csak a pr\u00f3bapadon tartja a hat\u00e1r\u00e9rt\u00e9k alatt az emisszi\u00f3s \u00e9rt\u00e9keket, norm\u00e1l \u00fczemm\u00f3dban azonban nem korl\u00e1tozza a motorteljes\u00edtm\u00e9nyt. A v\u00e1llalat k\u00f6z\u00f6lte, hogy vil\u00e1gszerte mintegy 11 milli\u00f3 VW-g\u00e9pkocsi fut az emisszi\u00f3s \u00e9rt\u00e9keket manipul\u00e1l\u00f3 szoftverrel. A VW r\u00e9szv\u00e9nye p\u00e9nteken tov\u00e1bb esett, a botr\u00e1ny kirobban\u00e1sa \u00f3ta a pap\u00edr 43 sz\u00e1zal\u00e9kkal zuhant.(MTI)<\/p>\n","protected":false},"excerpt":{"rendered":"<p>M\u00e9g nem lehet sz\u00e1mszer\u0171s\u00edteni, hogy milyen hat\u00e1ssal lehet a Volkswagen-botr\u00e1ny a magyar ipar teljes\u00edtm\u00e9ny\u00e9re, m\u00e9g tartanak a vizsg\u00e1latok &#8211; mondta Marczink\u00f3 Zolt\u00e1n Istv\u00e1n, a Nemzetgazdas\u00e1gi Miniszt\u00e9rium (NGM) helyettes \u00e1llamtitk\u00e1ra p\u00e9nteken az M1 aktu\u00e1lis csatorn\u00e1n.<\/p>\n","protected":false},"author":1,"featured_media":0,"comment_status":"open","ping_status":"closed","sticky":false,"template":"","format":"standard","meta":[],"categories":[19],"tags":[],"_links":{"self":[{"href":"https:\/\/gazdasagportal.hu\/index.php\/wp-json\/wp\/v2\/posts\/68483"}],"collection":[{"href":"https:\/\/gazdasagportal.hu\/index.php\/wp-json\/wp\/v2\/posts"}],"about":[{"href":"https:\/\/gazdasagportal.hu\/index.php\/wp-json\/wp\/v2\/types\/post"}],"author":[{"embeddable":true,"href":"https:\/\/gazdasagportal.hu\/index.php\/wp-json\/wp\/v2\/users\/1"}],"replies":[{"embeddable":true,"href":"https:\/\/gazdasagportal.hu\/index.php\/wp-json\/wp\/v2\/comments?post=68483"}],"version-history":[{"count":1,"href":"https:\/\/gazdasagportal.hu\/index.php\/wp-json\/wp\/v2\/posts\/68483\/revisions"}],"predecessor-version":[{"id":68484,"href":"https:\/\/gazdasagportal.hu\/index.php\/wp-json\/wp\/v2\/posts\/68483\/revisions\/68484"}],"wp:attachment":[{"href":"https:\/\/gazdasagportal.hu\/index.php\/wp-json\/wp\/v2\/media?parent=68483"}],"wp:term":[{"taxonomy":"category","embeddable":true,"href":"https:\/\/gazdasagportal.hu\/index.php\/wp-json\/wp\/v2\/categories?post=68483"},{"taxonomy":"post_tag","embeddable":true,"href":"https:\/\/gazdasagportal.hu\/index.php\/wp-json\/wp\/v2\/tags?post=68483"}],"curies":[{"name":"wp","href":"https:\/\/api.w.org\/{rel}","templated":true}]}}