{"id":68364,"date":"2015-09-30T11:58:17","date_gmt":"2015-09-30T09:58:17","guid":{"rendered":"http:\/\/gazdasagportal.hu\/?p=68364"},"modified":"2015-09-30T11:58:17","modified_gmt":"2015-09-30T09:58:17","slug":"dizelbotrany-a-spanyol-kormany-visszakeri-a-vw-csoporttol-a-kornyezetbarat-autok-vasarlasahoz-nyujtott-tamogatast","status":"publish","type":"post","link":"https:\/\/gazdasagportal.hu\/index.php\/dizelbotrany-a-spanyol-kormany-visszakeri-a-vw-csoporttol-a-kornyezetbarat-autok-vasarlasahoz-nyujtott-tamogatast\/","title":{"rendered":"D\u00edzelbotr\u00e1ny &#8211; A spanyol korm\u00e1ny visszak\u00e9ri a VW-csoportt\u00f3l a k\u00f6rnyezetbar\u00e1t aut\u00f3k v\u00e1s\u00e1rl\u00e1s\u00e1hoz ny\u00fajtott t\u00e1mogat\u00e1st"},"content":{"rendered":"<p><strong>A spanyol korm\u00e1ny visszak\u00e9ri a VW-csoportt\u00f3l azt az aut\u00f3nk\u00e9nt 1000 eur\u00f3s (313 ezer forint) \u00f6sszeget, amellyel az alacsony k\u00e1rosanyag-kibocs\u00e1t\u00e1s\u00fa j\u00e1rm\u0171vek v\u00e1s\u00e1rl\u00e1s\u00e1t t\u00e1mogatta &#8211; ismertette a spanyol sajt\u00f3 szerd\u00e1n Jos\u00e9 Manuel Soria spanyol ipari miniszter bejelent\u00e9s\u00e9t.<\/strong><!--more--><\/p>\n<div class=\"ads-in-post1\"><div id=\"gazdasagportal.hu_fullbanner_wideboard\"><\/div>\r\n<\/div>\n<p>    Spanyolorsz\u00e1g 2012-ben a PIVA-terv bevezet\u00e9s\u00e9vel \u00f6szt\u00f6n\u00f6zte az aut\u00f3elad\u00e1sokat, amelyek jelent\u0151sen cs\u00f6kkentek a gazdas\u00e1gi v\u00e1ls\u00e1g hat\u00e1s\u00e1ra. A program l\u00e9nyege, hogy aki haszn\u00e1lt aut\u00f3j\u00e1t k\u00f6rnyezetbar\u00e1t g\u00e9pkocsira cser\u00e9lte, az 2000 eur\u00f3s (626 ezer forint) t\u00e1mogat\u00e1st kapott a v\u00e1s\u00e1rl\u00e1shoz. A kedvezm\u00e9nyt a korm\u00e1ny \u00e9s a bekapcsol\u00f3d\u00f3 c\u00e9gek, fele-fele ar\u00e1nyban v\u00e1llalt\u00e1k.<br \/>\n    Az ipari miniszter szerint nyilv\u00e1nval\u00f3, hogy a p\u00e9nzt nem a v\u00e1s\u00e1rl\u00f3kt\u00f3l k\u00e9rik vissza, hiszen \u0151k j\u00f3hiszem\u0171en j\u00e1rtak el, de megt\u00e9vesztett\u00e9k \u0151ket.<br \/>\n    A spanyol \u00e1llam jelenleg vizsg\u00e1lja, hogy milyen jogi lehet\u0151s\u00e9gei vannak a p\u00e9nz visszaig\u00e9nyl\u00e9s\u00e9re a Volkswagent\u0151l &#8211; mondta Jos\u00e9 Manuel Soria.<br \/>\n    Az nem hangzott el, hogy pontosan h\u00e1ny aut\u00f3 ut\u00e1n kellene fizetnie a VW-nek.<br \/>\n    A PIVA-terv keret\u00e9ben id\u00e9n m\u00e1jusig \u00f6sszesen 890 ezer r\u00e9gi aut\u00f3t cser\u00e9ltek \u00fajra Spanyolorsz\u00e1gban, azaz a korm\u00e1ny 890 milli\u00f3 eur\u00f3t (278 milli\u00e1rd forint) fizetett ki a t\u00e1mogat\u00e1sokra.<br \/>\n    A VW-csoport 2009 \u00e9s 2015 k\u00f6z\u00f6tt vil\u00e1gszerte 11 milli\u00f3 d\u00edzel d\u00edzel\u00fczem\u0171 j\u00e1rm\u0171v\u00e9be telep\u00edtett olyan szoftvert, amelynek seg\u00edts\u00e9g\u00e9vel kij\u00e1tszhat\u00f3k a k\u00e1rosanyag-kibocs\u00e1t\u00e1sra vonatkoz\u00f3 el\u0151\u00edr\u00e1sok. Az \u00e9rintett aut\u00f3k k\u00f6z\u00fcl 5 milli\u00f3 Volkswagen, 700 ezer pedig Seat m\u00e1rk\u00e1j\u00fa. Spanyolorsz\u00e1gban ebb\u0151l a k\u00e9t m\u00e1rk\u00e1b\u00f3l adj\u00e1k el a legt\u00f6bbet.(MTI)<\/p>\n","protected":false},"excerpt":{"rendered":"<p>A spanyol korm\u00e1ny visszak\u00e9ri a VW-csoportt\u00f3l azt az aut\u00f3nk\u00e9nt 1000 eur\u00f3s (313 ezer forint) \u00f6sszeget, amellyel az alacsony k\u00e1rosanyag-kibocs\u00e1t\u00e1s\u00fa j\u00e1rm\u0171vek v\u00e1s\u00e1rl\u00e1s\u00e1t t\u00e1mogatta &#8211; ismertette a spanyol sajt\u00f3 szerd\u00e1n Jos\u00e9 Manuel Soria spanyol ipari miniszter bejelent\u00e9s\u00e9t.<\/p>\n","protected":false},"author":1,"featured_media":0,"comment_status":"open","ping_status":"closed","sticky":false,"template":"","format":"standard","meta":[],"categories":[246],"tags":[],"_links":{"self":[{"href":"https:\/\/gazdasagportal.hu\/index.php\/wp-json\/wp\/v2\/posts\/68364"}],"collection":[{"href":"https:\/\/gazdasagportal.hu\/index.php\/wp-json\/wp\/v2\/posts"}],"about":[{"href":"https:\/\/gazdasagportal.hu\/index.php\/wp-json\/wp\/v2\/types\/post"}],"author":[{"embeddable":true,"href":"https:\/\/gazdasagportal.hu\/index.php\/wp-json\/wp\/v2\/users\/1"}],"replies":[{"embeddable":true,"href":"https:\/\/gazdasagportal.hu\/index.php\/wp-json\/wp\/v2\/comments?post=68364"}],"version-history":[{"count":1,"href":"https:\/\/gazdasagportal.hu\/index.php\/wp-json\/wp\/v2\/posts\/68364\/revisions"}],"predecessor-version":[{"id":68365,"href":"https:\/\/gazdasagportal.hu\/index.php\/wp-json\/wp\/v2\/posts\/68364\/revisions\/68365"}],"wp:attachment":[{"href":"https:\/\/gazdasagportal.hu\/index.php\/wp-json\/wp\/v2\/media?parent=68364"}],"wp:term":[{"taxonomy":"category","embeddable":true,"href":"https:\/\/gazdasagportal.hu\/index.php\/wp-json\/wp\/v2\/categories?post=68364"},{"taxonomy":"post_tag","embeddable":true,"href":"https:\/\/gazdasagportal.hu\/index.php\/wp-json\/wp\/v2\/tags?post=68364"}],"curies":[{"name":"wp","href":"https:\/\/api.w.org\/{rel}","templated":true}]}}