{"id":68133,"date":"2015-09-24T18:14:35","date_gmt":"2015-09-24T16:14:35","guid":{"rendered":"http:\/\/gazdasagportal.hu\/?p=68133"},"modified":"2015-09-24T15:46:06","modified_gmt":"2015-09-24T13:46:06","slug":"uj-csarnokkal-bovult-a-ge-aviation-uzeme-veresegyhazon","status":"publish","type":"post","link":"https:\/\/gazdasagportal.hu\/index.php\/uj-csarnokkal-bovult-a-ge-aviation-uzeme-veresegyhazon\/","title":{"rendered":"\u00daj csarnokkal b\u0151v\u00fclt a GE Aviation \u00fczeme Veresegyh\u00e1zon"},"content":{"rendered":"<p><strong>Egy 4600 n\u00e9gyzetm\u00e9teres \u00faj csarnokkal b\u0151v\u00fclt az amerikai General Electric (GE) rep\u00fcl\u00e9stechnik\u00e1val foglalkoz\u00f3 Aviation-\u00fczlet\u00e1g\u00e1nak veresegyh\u00e1zi \u00fczeme. A komplexumot Szijj\u00e1rt\u00f3 P\u00e9ter k\u00fclgazdas\u00e1gi \u00e9s k\u00fcl\u00fcgyminiszter, valamint Anthony Aiello, a GE Aviation aleln\u00f6ke avatta fel cs\u00fct\u00f6rt\u00f6k\u00f6n.<\/strong><!--more--><\/p>\n<div class=\"ads-in-post1\"><div id=\"gazdasagportal.hu_fullbanner_wideboard\"><\/div>\r\n<\/div>\n<p>    Az \u00f6sszesen 2,8 milli\u00e1rd forintos fejleszt\u00e9s r\u00e9szek\u00e9nt mintegy 1,7 milli\u00e1rd forintb\u00f3l b\u0151v\u00edtett\u00e9k az \u00fczemet, \u00e9s 1,1 milli\u00e1rd forintot fektettek a berendez\u00e9sek \u00e9s a technol\u00f3gia fejleszt\u00e9s\u00e9be. A beruh\u00e1z\u00e1ssal a rep\u00fcl\u0151g\u00e9p-hajt\u00f3m\u0171vek alkatr\u00e9szeit jav\u00edt\u00f3 \u00fczem ter\u00fclete majdnem megdupl\u00e1z\u00f3dott, \u00e9s 25 \u00faj munkahely j\u00f6tt l\u00e9tre.     Szijj\u00e1rt\u00f3 P\u00e9ter arra h\u00edvta fel a figyelmet, hogy a gazdas\u00e1gi egy\u00fcttm\u0171k\u00f6d\u00e9s az Egyes\u00fclt \u00c1llamokkal alapvet\u0151en meghat\u00e1rozza a magyar nemzetgazdas\u00e1g m\u0171k\u00f6d\u00e9s\u00e9t, \u00e9s hozz\u00e1j\u00e1rul a magyar gazdas\u00e1g sikereihez. Hozz\u00e1tette: Eur\u00f3p\u00e1n k\u00edv\u00fcl tov\u00e1bbra is az Egyes\u00fclt \u00c1llamok az els\u0151 sz\u00e1m\u00fa kereskedelmi partnere Magyarorsz\u00e1gnak, \u00e9s tov\u00e1bbra is onnan \u00e9rkezik a legt\u00f6bb beruh\u00e1z\u00e1s az eur\u00f3paiakat nem sz\u00e1m\u00edtva. Tavaly a k\u00e9toldal\u00fa kereskedelem minden id\u0151k legmagasabb \u00e9rt\u00e9k\u00e9t \u00e9rte el, Magyarorsz\u00e1g exportja az Egyes\u00fclt \u00c1llamokba m\u00e9g soha nem volt ilyen magas, s ez tov\u00e1bb javult az idei \u00e9v els\u0151 fel\u00e9ben &#8211; mondta a miniszter.<br \/>\n    Eml\u00e9keztetett arra is, hogy az id\u00e9n n\u00e9gy \u00faj amerikai beruh\u00e1z\u00e1st jelentettek be, illetve n\u00e9gy \u00faj beruh\u00e1z\u00e1st adtak \u00e1t, ami jelzi, hogy az elm\u00falt \u00e9vek gazdas\u00e1gpolitikai int\u00e9zked\u00e9sei vonz\u00f3 befektet\u00e9si helysz\u00ednn\u00e9 teszik Magyarorsz\u00e1got az amerikai v\u00e1llalatok sz\u00e1m\u00e1ra.<br \/>\n    Sz\u00f3lt arr\u00f3l is, hogy egy befektet\u0151 sz\u00e1m\u00e1ra kiemelten fontos felt\u00e9tel a munkaer\u0151-ut\u00e1np\u00f3tl\u00e1s k\u00e9rd\u00e9se, s ez\u00e9rt d\u00f6nt\u00f6tt a korm\u00e1ny arr\u00f3l, hogy 2020-ig 50 milli\u00e1rd forintb\u00f3l 7 ezer tanm\u0171helyt hoz l\u00e9tre.<br \/>\n    A miniszter felid\u00e9zte, hogy a korm\u00e1ny az amerikai v\u00e1llalatokkal k\u00f6t\u00f6tte a legt\u00f6bb strat\u00e9giai meg\u00e1llapod\u00e1st, a GE-vel egy\u00fctt \u00f6sszesen t\u00edzzel. Jelenleg 1750 amerikai v\u00e1llalat m\u0171k\u00f6dik Magyarorsz\u00e1gon, \u00e9s ezek t\u00f6bb mint kilencvenezer embernek adnak munk\u00e1t, mondta, hozz\u00e1f\u0171zve, hogy az \u00f6tven legnagyobb amerikai v\u00e1llalat k\u00f6z\u00fcl negyven megtal\u00e1lhat\u00f3 Magyarorsz\u00e1gon.<br \/>\n    Szijj\u00e1rt\u00f3 P\u00e9ter a mostani, t\u00edzmilli\u00f3 doll\u00e1ros fejleszt\u00e9sre is utalva hangs\u00falyozta: a GE kulcsszerepet j\u00e1tszik Magyarorsz\u00e1g gazdas\u00e1gi folyamataiban, a v\u00e1llalatcsoport 12 gy\u00e1rat, 3 region\u00e1lis \u00fczleti k\u00f6zpontot \u00e9s 3 kutat\u00e1s-fejleszt\u00e9si r\u00e9szleget tart fenn, emellett besz\u00e1ll\u00edt\u00f3inak k\u00f6zel 80 sz\u00e1zal\u00e9ka magyar.<br \/>\n    A k\u00fclgazdas\u00e1gi \u00e9s k\u00fcl\u00fcgyminiszter miniszter az esem\u00e9nyen bejelentette, hogy &#8211; az amerikai k\u00e9r\u00e9st teljes\u00edtve &#8211; a magyar korm\u00e1ny beadta csatlakoz\u00e1si k\u00e9relm\u00e9t az Eur\u00f3pai Uni\u00f3 \u00e9s az Amerikai Egyes\u00fclt \u00c1llamok k\u00f6z\u00f6tti k\u00e9toldal\u00fa rep\u00fcl\u00e9sbiztons\u00e1gi meg\u00e1llapod\u00e1shoz az Aviation magyarorsz\u00e1gi tev\u00e9kenys\u00e9g\u00e9nek fejleszt\u00e9se, a veresegyh\u00e1zi gy\u00e1r versenyk\u00e9pess\u00e9g\u00e9nek n\u00f6vel\u00e9se \u00e9rdek\u00e9ben.<br \/>\n    Anthony Aiello, a GE Aviation aleln\u00f6ke elmondta, hogy az \u00faj csarnokkal az \u00fczem ter\u00fclete t\u00f6bb mint 10 ezer n\u00e9gyzetm\u00e9terre b\u0151v\u00fclt. Jelezte azt is, hogy a GE Aviation ugyancsak veresegyh\u00e1zi \u00fczem\u00e9ben alak\u00edtja ki az \u00fczlet\u00e1g \u00faj technol\u00f3giai k\u00f6zpontj\u00e1t, ahol az alkatr\u00e9sz-helyre\u00e1ll\u00edt\u00e1si elj\u00e1r\u00e1sok \u00e9s technol\u00f3gi\u00e1k tov\u00e1bbfejleszt\u00e9se folyik majd. &#8222;Ez a negyedik technol\u00f3giai k\u00f6zpont, amelyet a v\u00e1llalat Magyarorsz\u00e1gon hoz l\u00e9tre&#8221; &#8211; emelte ki az aleln\u00f6k.<br \/>\n    A r\u00e9sztvev\u0151ket k\u00f6sz\u00f6nt\u00f6tte Joerg Bauer, a GE Magyarorsz\u00e1g eln\u00f6ke, valamint P\u00e1sztor B\u00e9la, a telep\u00fcl\u00e9s f\u00fcggetlen polg\u00e1rmestere, aki meghat\u00e1roz\u00f3nak mondta a k\u00f6zel k\u00e9tezer embernek munk\u00e1t biztos\u00edt\u00f3 gy\u00e1r jelenl\u00e9t\u00e9t a v\u00e1ros \u00e9s a t\u00e9rs\u00e9g \u00e9let\u00e9ben.(MTI)<\/p>\n","protected":false},"excerpt":{"rendered":"<p>Egy 4600 n\u00e9gyzetm\u00e9teres \u00faj csarnokkal b\u0151v\u00fclt az amerikai General Electric (GE) rep\u00fcl\u00e9stechnik\u00e1val foglalkoz\u00f3 Aviation-\u00fczlet\u00e1g\u00e1nak veresegyh\u00e1zi \u00fczeme. A komplexumot Szijj\u00e1rt\u00f3 P\u00e9ter k\u00fclgazdas\u00e1gi \u00e9s k\u00fcl\u00fcgyminiszter, valamint Anthony Aiello, a GE Aviation aleln\u00f6ke avatta fel cs\u00fct\u00f6rt\u00f6k\u00f6n.<\/p>\n","protected":false},"author":1,"featured_media":0,"comment_status":"open","ping_status":"closed","sticky":false,"template":"","format":"standard","meta":[],"categories":[19],"tags":[],"_links":{"self":[{"href":"https:\/\/gazdasagportal.hu\/index.php\/wp-json\/wp\/v2\/posts\/68133"}],"collection":[{"href":"https:\/\/gazdasagportal.hu\/index.php\/wp-json\/wp\/v2\/posts"}],"about":[{"href":"https:\/\/gazdasagportal.hu\/index.php\/wp-json\/wp\/v2\/types\/post"}],"author":[{"embeddable":true,"href":"https:\/\/gazdasagportal.hu\/index.php\/wp-json\/wp\/v2\/users\/1"}],"replies":[{"embeddable":true,"href":"https:\/\/gazdasagportal.hu\/index.php\/wp-json\/wp\/v2\/comments?post=68133"}],"version-history":[{"count":1,"href":"https:\/\/gazdasagportal.hu\/index.php\/wp-json\/wp\/v2\/posts\/68133\/revisions"}],"predecessor-version":[{"id":68134,"href":"https:\/\/gazdasagportal.hu\/index.php\/wp-json\/wp\/v2\/posts\/68133\/revisions\/68134"}],"wp:attachment":[{"href":"https:\/\/gazdasagportal.hu\/index.php\/wp-json\/wp\/v2\/media?parent=68133"}],"wp:term":[{"taxonomy":"category","embeddable":true,"href":"https:\/\/gazdasagportal.hu\/index.php\/wp-json\/wp\/v2\/categories?post=68133"},{"taxonomy":"post_tag","embeddable":true,"href":"https:\/\/gazdasagportal.hu\/index.php\/wp-json\/wp\/v2\/tags?post=68133"}],"curies":[{"name":"wp","href":"https:\/\/api.w.org\/{rel}","templated":true}]}}