{"id":68087,"date":"2015-09-24T05:24:47","date_gmt":"2015-09-24T03:24:47","guid":{"rendered":"http:\/\/gazdasagportal.hu\/?p=68087"},"modified":"2015-09-23T17:46:38","modified_gmt":"2015-09-23T15:46:38","slug":"tusk-a-legfontosabb-kerdes-hogyan-nyerjuk-vissza-az-ellenorzest-a-kulso-hatarok-folott","status":"publish","type":"post","link":"https:\/\/gazdasagportal.hu\/index.php\/tusk-a-legfontosabb-kerdes-hogyan-nyerjuk-vissza-az-ellenorzest-a-kulso-hatarok-folott\/","title":{"rendered":"Tusk: a legfontosabb k\u00e9rd\u00e9s, hogyan nyerj\u00fck vissza az ellen\u0151rz\u00e9st a k\u00fcls\u0151 hat\u00e1rok f\u00f6l\u00f6tt"},"content":{"rendered":"<p><strong>A szerdai uni\u00f3s cs\u00facstal\u00e1lkoz\u00f3n az a legs\u00fcrg\u0151sebb k\u00e9rd\u00e9s, melyre v\u00e1laszt kell tal\u00e1lni, hogy a tag\u00e1llamok mik\u00e9nt nyerhetik vissza az ellen\u0151rz\u00e9st az Eur\u00f3pai Uni\u00f3 k\u00fcls\u0151 hat\u00e1rai f\u00f6l\u00f6tt &#8211; jelentette ki szerd\u00e1n, a cs\u00facs\u00e9rtekezletet megel\u0151z\u0151en Donald Tusk, az Eur\u00f3pai Tan\u00e1cs eln\u00f6ke.<\/strong><!--more--><\/p>\n<div class=\"ads-in-post1\"><div id=\"gazdasagportal.hu_fullbanner_wideboard\"><\/div>\r\n<\/div>\n<p>    A politikus k\u00f6z\u00f6lte, hogy r\u00f6vidt\u00e1v\u00fa int\u00e9zked\u00e9sekre is javaslatot tesz majd az uni\u00f3s \u00e1llam-, illetve korm\u00e1nyf\u0151knek. \u00dagy v\u00e9li, t\u00f6bb seg\u00edts\u00e9get kell ny\u00fajtani a k\u00f6zel-keleti t\u00e9rs\u00e9gben l\u00e9v\u0151 menek\u00fclteknek az ENSZ Menek\u00fclt\u00fcgyi F\u0151biztoss\u00e1g\u00e1n \u00e9s a Vil\u00e1g\u00e9lelmez\u00e9si Programon kereszt\u00fcl, nagyobb t\u00e1mogat\u00e1sra van sz\u00fcks\u00e9ge T\u00f6r\u00f6korsz\u00e1gnak, Libanonnak, Jord\u00e1ni\u00e1nak \u00e9s a t\u00e9rs\u00e9g t\u00f6bbi \u00e1llam\u00e1nak, valamint az uni\u00f3n bel\u00fcl a front\u00e1llamoknak is. Tusk emellett lesz\u00f6gezte: azonnal meg kell er\u0151s\u00edteni az uni\u00f3 k\u00fcls\u0151 hat\u00e1rainak ellen\u0151rz\u00e9s\u00e9t.<br \/>\n    &#8222;Ezek az int\u00e9zked\u00e9sek nem vetnek v\u00e9get a v\u00e1ls\u00e1gnak, ezzel tiszt\u00e1ban vagyok, de ezek sz\u00fcks\u00e9ges l\u00e9p\u00e9sek a helyes ir\u00e1nyba&#8221; &#8211; hangs\u00falyozta a volt lengyel minisztereln\u00f6k, vil\u00e1goss\u00e1 t\u00e9ve, hogy a schengeni \u00f6vezet j\u00f6v\u0151je is kock\u00e1n forog.<br \/>\n    Az Eur\u00f3pai Tan\u00e1cs eln\u00f6ke arra az \u00e1ll\u00e1spontra helyezkedett, hogy a cs\u00facson lefolytatott vit\u00e1knak a t\u00e9nyeken kell alapulniuk, \u00e9s nem &#8222;ill\u00fazi\u00f3kon \u00e9s \u00e9rzelmeken&#8221;. Tusk szerint v\u00e9get kell vetni a k\u00f6lcs\u00f6n\u00f6s egym\u00e1sra mutogat\u00e1snak \u00e9s a f\u00e9lre\u00e9rt\u00e9seknek.<br \/>\n    Tusk lesz\u00f6gezte: k\u00f6zel-keleti konfliktusok nem \u00e9rnek v\u00e9get egyhamar; Sz\u00edri\u00e1ban nyolcmilli\u00f3 menek\u00fclt van, a k\u00f6rnyez\u0151 orsz\u00e1gokban pedig mintegy n\u00e9gymilli\u00f3.<br \/>\n    &#8222;Milli\u00f3kra \u00e9s nem ezrekre tehet\u0151 teh\u00e1t azok sz\u00e1ma, akik potenci\u00e1lisan \u00fatra kelhetnek Eur\u00f3pa fel\u00e9&#8221; &#8211; hangoztatta Tusk, aki az elm\u00falt napokban l\u00e1togat\u00e1st tett a t\u00e9rs\u00e9g orsz\u00e1gaiban.<br \/>\n    A lengyel politikus elmondta: az ottani vezet\u0151k arra v\u00e1rnak, hogyan fog Eur\u00f3pa seg\u00edteni nekik a menek\u00fcltk\u00e9rd\u00e9s megold\u00e1s\u00e1ban, \u00e9s nem azon gondolkodnak, hogy \u0151k hogyan seg\u00edthetn\u00e9nek Eur\u00f3p\u00e1nak. Tusk \u00fagy v\u00e9lte: val\u00f3sz\u00edn\u0171, hogy nem cs\u00f6kkenni, hanem n\u0151ni fog azok sz\u00e1ma, akik ezeken az orsz\u00e1gokon kereszt\u00fcl Eur\u00f3pa fel\u00e9 veszik az ir\u00e1nyt.<br \/>\n    &#8222;K\u00fcl\u00f6n\u00f6sen, hogy szinte mindegyik\u00fck \u00fagy \u00e9rzi: megh\u00edv\u00e1st kapott&#8221; &#8211; tette hozz\u00e1 az Eur\u00f3pai Tan\u00e1cs eln\u00f6ke.<br \/>\n    Donald Tusk tudatta azt is, hogy az elm\u00falt hetek vitatkoz\u00e1sai \u00e9s z\u0171rzavara ut\u00e1n a mai cs\u00facstal\u00e1lkoz\u00f3n konkr\u00e9t tervet kell k\u00e9sz\u00edteni a helyzet kezel\u00e9s\u00e9re.<br \/>\n    &#8222;Ez k\u00f6z\u00f6s terv lesz, \u00e9s senkit sem fognak leszavazni&#8221; &#8211; hangoztatta az Eur\u00f3pai Tan\u00e1cs eln\u00f6ke.<\/p>\n","protected":false},"excerpt":{"rendered":"<p>A szerdai uni\u00f3s cs\u00facstal\u00e1lkoz\u00f3n az a legs\u00fcrg\u0151sebb k\u00e9rd\u00e9s, melyre v\u00e1laszt kell tal\u00e1lni, hogy a tag\u00e1llamok mik\u00e9nt nyerhetik vissza az ellen\u0151rz\u00e9st az Eur\u00f3pai Uni\u00f3 k\u00fcls\u0151 hat\u00e1rai f\u00f6l\u00f6tt &#8211; jelentette ki szerd\u00e1n, a cs\u00facs\u00e9rtekezletet megel\u0151z\u0151en Donald Tusk, az Eur\u00f3pai Tan\u00e1cs eln\u00f6ke.<\/p>\n","protected":false},"author":1,"featured_media":0,"comment_status":"open","ping_status":"closed","sticky":false,"template":"","format":"standard","meta":[],"categories":[12],"tags":[],"_links":{"self":[{"href":"https:\/\/gazdasagportal.hu\/index.php\/wp-json\/wp\/v2\/posts\/68087"}],"collection":[{"href":"https:\/\/gazdasagportal.hu\/index.php\/wp-json\/wp\/v2\/posts"}],"about":[{"href":"https:\/\/gazdasagportal.hu\/index.php\/wp-json\/wp\/v2\/types\/post"}],"author":[{"embeddable":true,"href":"https:\/\/gazdasagportal.hu\/index.php\/wp-json\/wp\/v2\/users\/1"}],"replies":[{"embeddable":true,"href":"https:\/\/gazdasagportal.hu\/index.php\/wp-json\/wp\/v2\/comments?post=68087"}],"version-history":[{"count":1,"href":"https:\/\/gazdasagportal.hu\/index.php\/wp-json\/wp\/v2\/posts\/68087\/revisions"}],"predecessor-version":[{"id":68088,"href":"https:\/\/gazdasagportal.hu\/index.php\/wp-json\/wp\/v2\/posts\/68087\/revisions\/68088"}],"wp:attachment":[{"href":"https:\/\/gazdasagportal.hu\/index.php\/wp-json\/wp\/v2\/media?parent=68087"}],"wp:term":[{"taxonomy":"category","embeddable":true,"href":"https:\/\/gazdasagportal.hu\/index.php\/wp-json\/wp\/v2\/categories?post=68087"},{"taxonomy":"post_tag","embeddable":true,"href":"https:\/\/gazdasagportal.hu\/index.php\/wp-json\/wp\/v2\/tags?post=68087"}],"curies":[{"name":"wp","href":"https:\/\/api.w.org\/{rel}","templated":true}]}}