{"id":67726,"date":"2015-09-15T05:52:39","date_gmt":"2015-09-15T03:52:39","guid":{"rendered":"http:\/\/gazdasagportal.hu\/?p=67726"},"modified":"2015-09-14T21:54:08","modified_gmt":"2015-09-14T19:54:08","slug":"a-seat-33-milliard-eurot-fektet-be-2015-es-2019-kozott","status":"publish","type":"post","link":"https:\/\/gazdasagportal.hu\/index.php\/a-seat-33-milliard-eurot-fektet-be-2015-es-2019-kozott\/","title":{"rendered":"A SEAT 3,3 milli\u00e1rd eur\u00f3t fektet be 2015 \u00e9s 2019 k\u00f6z\u00f6tt"},"content":{"rendered":"<p><strong>A SEAT 3,3 milli\u00e1rd eur\u00f3t fektet be eszk\u00f6z\u00f6kbe, ipari l\u00e9tes\u00edtm\u00e9nyek fejleszt\u00e9s\u00e9be, illetve a kutat\u00e1s \u00e9s fejleszt\u00e9s ter\u00fclet\u00e9n 2015 \u00e9s 2019 k\u00f6z\u00f6tt &#8211; jelentette be J\u00fcrgen Stackmann, a SEAT igazgat\u00f3tan\u00e1cs\u00e1nak eln\u00f6ke Martorellben a SEAT Technikai K\u00f6zpont m\u0171k\u00f6d\u00e9s\u00e9nek 40. \u00e9vfordul\u00f3ja alkalm\u00e1b\u00f3l.<\/strong><!--more--><\/p>\n<div class=\"ads-in-post1\"><div id=\"gazdasagportal.hu_fullbanner_wideboard\"><\/div>\r\n<\/div>\n<p>    Stackmann k\u00f6zl\u00e9se szerint a tervezett befektet\u00e9sek a SEAT Technikai K\u00f6zpont \u00faj modellek kifejleszt\u00e9s\u00e9re ir\u00e1nyul\u00f3 kutat\u00e1sait, valamint a martorelli \u00fczem fejleszt\u00e9s\u00e9t szolg\u00e1lj\u00e1k. Az elk\u00e9pzel\u00e9sek szerint ez az \u00f6sszeg n\u00e9gy \u00faj modell piaci bevezet\u00e9s\u00e9t teszi majd lehet\u0151v\u00e9 az elk\u00f6vetkez\u0151 k\u00e9t \u00e9vben &#8211; t\u00e1j\u00e9koztatta az MTI-t a Volkswagen konszern m\u00e1rk\u00e1inak magyarorsz\u00e1gi import\u0151re, a Porsche Hungaria h\u00e9tf\u0151n.<br \/>\n    &#8222;Ezek a modellek egy igen nagyra t\u00f6r\u0151 terv r\u00e9szei, amelynek c\u00e9lja a m\u00e1rka tov\u00e1bbi er\u0151s\u00edt\u00e9se \u00e9s a 2013 \u00f3ta folyamatosan emelked\u0151 kisz\u00e1ll\u00edt\u00e1sok tov\u00e1bbi n\u00f6vel\u00e9se&#8221; &#8211; id\u00e9zik Stackmannt.<br \/>\n    A SEAT offenz\u00edva els\u0151 modellje, egy kompakt kateg\u00f3ri\u00e1j\u00fa SUV, 2016 els\u0151 fel\u00e9ben \u00e9rkezik a keresked\u00e9sekbe. A spanyol m\u00e1rka ezzel a modellel egy sz\u00e1m\u00e1ra \u00faj piaci szegmensbe l\u00e9p.<br \/>\n    A 3,3 milli\u00e1rd eur\u00f3s befektet\u00e9s r\u00e9sze annak az \u00f6sszegnek, amelyet a Volkswagen Csoport tavaly m\u00e1jusban jelentett be. Ennek kapcs\u00e1n Francisco Javier Garc\u00eda Sanz, a Volkswagen AG igazgat\u00f3tan\u00e1cs\u00e1nak tagja lesz\u00f6gezte, hogy &#8222;Spanyolorsz\u00e1g kulcsfontoss\u00e1g\u00fa szerepet j\u00e1tszik a Volkswagen Csoport strat\u00e9gi\u00e1j\u00e1ban.<br \/>\n    A SEAT az elm\u00falt \u00f6t \u00e9vben 1,4 milli\u00e1rd eur\u00f3 befektet\u00e9st hajtott v\u00e9gre a kutat\u00e1s \u00e9s fejleszt\u00e9s ter\u00fclet\u00e9n.<br \/>\n    A c\u00e9g a spanyol GDP k\u00f6r\u00fclbel\u00fcl 1 sz\u00e1zal\u00e9k\u00e1t, m\u00edg Katal\u00f3nia GDP-j\u00e9nek 4 sz\u00e1zal\u00e9k\u00e1t k\u00e9pviseli. K\u00f6zvetlen\u00fcl vagy k\u00f6zvetetten mintegy 70 000 embernek ad munk\u00e1t.<br \/>\n    A Volkswagen Csoport tagjak\u00e9nt m\u0171k\u00f6d\u0151 multinacion\u00e1lis v\u00e1llalat k\u00f6zpontja Martorellben (Barcelona) tal\u00e1lhat\u00f3, j\u00e1rm\u0171veinek t\u00f6bb mint 80 sz\u00e1zal\u00e9k\u00e1t export\u00e1lja, 75 orsz\u00e1gban van jelen. A SEAT \u00e1rbev\u00e9tele 2014-ben megk\u00f6zel\u00edtette a 7,5 milli\u00e1rd eur\u00f3t, ez eddigi t\u00f6rt\u00e9nelm\u00e9nek legjobb eredm\u00e9nye, vil\u00e1gszerte 390 500 j\u00e1rm\u0171 \u00e9rt\u00e9kes\u00edt\u00e9s\u00e9nek k\u00f6sz\u00f6nhet\u0151en.(MTI)<\/p>\n","protected":false},"excerpt":{"rendered":"<p>A SEAT 3,3 milli\u00e1rd eur\u00f3t fektet be eszk\u00f6z\u00f6kbe, ipari l\u00e9tes\u00edtm\u00e9nyek fejleszt\u00e9s\u00e9be, illetve a kutat\u00e1s \u00e9s fejleszt\u00e9s ter\u00fclet\u00e9n 2015 \u00e9s 2019 k\u00f6z\u00f6tt &#8211; jelentette be J\u00fcrgen Stackmann, a SEAT igazgat\u00f3tan\u00e1cs\u00e1nak eln\u00f6ke Martorellben a SEAT Technikai K\u00f6zpont m\u0171k\u00f6d\u00e9s\u00e9nek 40. \u00e9vfordul\u00f3ja alkalm\u00e1b\u00f3l.<\/p>\n","protected":false},"author":1,"featured_media":0,"comment_status":"open","ping_status":"closed","sticky":false,"template":"","format":"standard","meta":[],"categories":[8],"tags":[],"_links":{"self":[{"href":"https:\/\/gazdasagportal.hu\/index.php\/wp-json\/wp\/v2\/posts\/67726"}],"collection":[{"href":"https:\/\/gazdasagportal.hu\/index.php\/wp-json\/wp\/v2\/posts"}],"about":[{"href":"https:\/\/gazdasagportal.hu\/index.php\/wp-json\/wp\/v2\/types\/post"}],"author":[{"embeddable":true,"href":"https:\/\/gazdasagportal.hu\/index.php\/wp-json\/wp\/v2\/users\/1"}],"replies":[{"embeddable":true,"href":"https:\/\/gazdasagportal.hu\/index.php\/wp-json\/wp\/v2\/comments?post=67726"}],"version-history":[{"count":1,"href":"https:\/\/gazdasagportal.hu\/index.php\/wp-json\/wp\/v2\/posts\/67726\/revisions"}],"predecessor-version":[{"id":67727,"href":"https:\/\/gazdasagportal.hu\/index.php\/wp-json\/wp\/v2\/posts\/67726\/revisions\/67727"}],"wp:attachment":[{"href":"https:\/\/gazdasagportal.hu\/index.php\/wp-json\/wp\/v2\/media?parent=67726"}],"wp:term":[{"taxonomy":"category","embeddable":true,"href":"https:\/\/gazdasagportal.hu\/index.php\/wp-json\/wp\/v2\/categories?post=67726"},{"taxonomy":"post_tag","embeddable":true,"href":"https:\/\/gazdasagportal.hu\/index.php\/wp-json\/wp\/v2\/tags?post=67726"}],"curies":[{"name":"wp","href":"https:\/\/api.w.org\/{rel}","templated":true}]}}