{"id":67722,"date":"2015-09-14T19:17:55","date_gmt":"2015-09-14T17:17:55","guid":{"rendered":"http:\/\/gazdasagportal.hu\/?p=67722"},"modified":"2015-09-14T17:08:42","modified_gmt":"2015-09-14T15:08:42","slug":"kozos-megegyezessel-megszuntethetik-biztositasukat-az-astra-ugyfelei","status":"publish","type":"post","link":"https:\/\/gazdasagportal.hu\/index.php\/kozos-megegyezessel-megszuntethetik-biztositasukat-az-astra-ugyfelei\/","title":{"rendered":"K\u00f6z\u00f6s megegyez\u00e9ssel megsz\u00fcntethetik biztos\u00edt\u00e1sukat az Astra \u00fcgyfelei"},"content":{"rendered":"<p><strong>A rom\u00e1n Astra Biztos\u00edt\u00f3 \u00fcgyfeleinek a k\u00f6vetkez\u0151 napokban lehet\u0151s\u00e9g\u00fck lesz biztos\u00edt\u00e1si szerz\u0151d\u00e9s\u00fck k\u00f6z\u00f6s megegyez\u00e9ssel t\u00f6rt\u00e9n\u0151 megsz\u00fcntet\u00e9s\u00e9re a biztos\u00edt\u00f3 fi\u00f3ktelep\u00e9t\u0151l lev\u00e9lben kapott meg\u00e1llapod\u00e1s al\u00e1\u00edr\u00e1s\u00e1val, h\u00edvja fel a figyelmet a Magyar Nemzeti Bank (MNB). A biztositas.hu arra figyelmeztet, az \u00e9rintetteknek napokon bel\u00fcl \u00e9lni\u00fck kell e lehet\u0151s\u00e9ggel.<\/strong><!--more--><\/p>\n<div class=\"ads-in-post1\"><div id=\"gazdasagportal.hu_fullbanner_wideboard\"><\/div>\r\n<\/div>\n<p>    A jegybank k\u00f6zlem\u00e9ny\u00e9ben ismerteti: az Astra Fi\u00f3ktelep arr\u00f3l t\u00e1j\u00e9koztatta, hogy a k\u00f6vetkez\u0151 napokban a rom\u00e1n Societatea Comerciala de Asigurare-Reasigurare Astra S.A. Biztos\u00edt\u00f3 (Astra Biztos\u00edt\u00f3) valamennyi hazai \u00fcgyfel\u00e9nek levelet k\u00fcld a biztos\u00edt\u00e1s k\u00f6z\u00f6s megegyez\u00e9ssel t\u00f6rt\u00e9n\u0151 megsz\u00fcntet\u00e9s\u00e9nek lehet\u0151s\u00e9g\u00e9r\u0151l.<br \/>\n    A k\u00fcldem\u00e9ny az Astra Fi\u00f3ktelep r\u00e9sz\u00e9r\u0151l el\u0151zetesen al\u00e1\u00edrt meg\u00e1llapod\u00e1st is tartalmaz a d\u00edjjal fedezett, m\u00e9g le nem j\u00e1rt \u00e9vfordul\u00f3j\u00fa biztos\u00edt\u00e1si szerz\u0151d\u00e9s 2015. szeptember 30-i hat\u00e1ly\u00fa, k\u00f6z\u00f6s megegyez\u00e9ssel t\u00f6rt\u00e9n\u0151 megsz\u00fcntet\u00e9s\u00e9r\u0151l. Ha a biztos\u00edtott ezzel egyet\u00e9rt, al\u00e1 kell \u00edrnia a meg\u00e1llapod\u00e1st, \u00e9s lev\u00e9lben vagy a dokumentum beszkennel\u00e9s\u00e9vel elektronikus lev\u00e9l csatolm\u00e1nyak\u00e9nt mihamarabb vissza kell juttatnia az Astra Fi\u00f3ktelep \u00e1ltal a lev\u00e9lben megadott el\u00e9rhet\u0151s\u00e9gek valamelyik\u00e9re. A k\u00f6z\u00f6s megegyez\u00e9s akkor j\u00f6n l\u00e9tre, ha az \u00fcgyf\u00e9l \u00e1ltal al\u00e1\u00edrt dokumentum szeptember 30. el\u0151tt be\u00e9rkezik az Astra Fi\u00f3ktelephez.<br \/>\n    A szerz\u0151d\u00e9s k\u00f6z\u00f6s megegyez\u00e9ssel val\u00f3 megsz\u00fcntet\u00e9se r\u00e9v\u00e9n a vagyonbiztos\u00edt\u00e1ssal rendelkez\u0151 \u00fcgyfelek a szerz\u0151d\u00e9ses \u00e9vfordul\u00f3 lej\u00e1rta el\u0151tt \u00e1t tudnak szerz\u0151dni m\u00e1s hazai biztos\u00edt\u00f3hoz. A k\u00f6telez\u0151 g\u00e9pj\u00e1rm\u0171-felel\u0151ss\u00e9gbiztos\u00edt\u00e1s (kgfb) eset\u00e9ben ezt \u00f6ssze kell hangolni m\u00e1s biztos\u00edt\u00f3n\u00e1l &#8211; 2015. okt\u00f3ber 1-j\u00e9t\u0151l hat\u00e1lyos &#8211; \u00faj szerz\u0151d\u00e9s megk\u00f6t\u00e9s\u00e9vel, k\u00fcl\u00f6nben a kies\u0151 id\u0151szakra magas fedezetlens\u00e9gi d\u00edjat kell fizetni.<br \/>\n    Az Astra m\u00e1r nem fogad be k\u00e1rig\u00e9nyeket \u00e9s k\u00e1rkifizet\u00e9seket sem teljes\u00edt. A rom\u00e1n garanciaalap az MNB kor\u00e1bbi k\u00f6zl\u00e9se szerint az Astra Fi\u00f3ktelep valamennyi \u00fcgyfel\u00e9nek, illetve k\u00e1rosultj\u00e1nak teljesk\u00f6r\u0171 k\u00e1rt\u00e9r\u00edt\u00e9st fizet a rom\u00e1n t\u00f6rv\u00e9nyek \u00e1ltal meghat\u00e1rozott \u00f6sszeghat\u00e1rig, amely mintegy 100 ezer eur\u00f3 (t\u00f6bb mint 30 milli\u00f3 forint) k\u00e1resem\u00e9nyenk\u00e9nt.<br \/>\n    A m\u00e1r befizetett, de a rom\u00e1n Astra Biztos\u00edt\u00f3 \u00e1ltal meg nem szolg\u00e1lt id\u0151szakra vonatkoz\u00f3 d\u00edjakat a rom\u00e1n fel\u00fcgyelet mellett m\u0171k\u00f6d\u0151 garanciaalapt\u00f3l (FGA) lehet visszaig\u00e9nyelni.<br \/>\n    Az MNB a h\u00e9ten ismerteti a folyamatban l\u00e9v\u0151 Astra g\u00e9pj\u00e1rm\u0171biztos\u00edt\u00e1si k\u00e1r\u00fcgyek magyar nyelv\u0171 gyors, akad\u00e1lymentes rendez\u00e9s\u00e9nek lehet\u0151s\u00e9g\u00e9t, emellett honlapj\u00e1nak Astra men\u00fcpontj\u00e1ban (http:\/\/www.mnb.hu\/fogyasztovedelem\/vezeto-hirek) folyamatosan t\u00e1j\u00e9koztat\u00e1st ny\u00fajt az Astra k\u00e1rosultjainak, \u00fcgyfeleinek k\u00e1rt\u00e9r\u00edt\u00e9s\u00e9r\u0151l &#8211; \u00edrja a jegybank.<br \/>\n    A biztositas.hu k\u00f6zlem\u00e9ny\u00e9ben arra figyelmeztet, az \u00fcgyfeleknek napokon bel\u00fcl \u00e9lni\u00fck kell az Astra Biztos\u00edt\u00f3 \u00e1ltal felaj\u00e1nlott lehet\u0151s\u00e9ggel, \u00e9s \u00faj biztos\u00edt\u00f3t kell v\u00e1lasztaniuk. Amennyiben ugyanis nem fogadj\u00e1k el a felaj\u00e1nlott k\u00f6z\u00f6s megegyez\u00e9st, az Astr\u00e1n\u00e1l maradnak, \u00e9s k\u00e1raikat m\u00e1r csak a hamarosan indul\u00f3 rom\u00e1n felsz\u00e1mol\u00e1si elj\u00e1r\u00e1s keret\u00e9ben tudj\u00e1k int\u00e9zni.<br \/>\n    Az \u00faj szerz\u0151d\u00e9sek megk\u00f6t\u00e9s\u00e9t m\u00e1r kezdem\u00e9nyezni lehet az internetes oldalakon. A biztos\u00edtas.hu t\u00e1j\u00e9koztat\u00e1sa szerint az alkuszok minden sz\u00fcks\u00e9ges inform\u00e1ci\u00f3val ell\u00e1tj\u00e1k az Astr\u00e1t\u00f3l t\u00e1voz\u00f3 \u00fcgyfeleket, int\u00e9zik az \u00faj biztos\u00edt\u00e1sok megk\u00f6t\u00e9s\u00e9t, a szerz\u0151d\u00e9sek r\u00f6gz\u00edt\u00e9s\u00e9hez sz\u00fcks\u00e9ges egyeztetet\u00e9seket m\u00e1r lefolytatt\u00e1k a hazai biztos\u00edt\u00f3kkal.<br \/>\n    Az \u00f6sszevont rom\u00e1n p\u00e9nz\u00fcgyi fel\u00fcgyelet (AFS) augusztus 26-\u00e1n fizet\u00e9sk\u00e9ptelenn\u00e9 nyilv\u00e1n\u00edtotta a rom\u00e1niai Astra biztos\u00edt\u00f3t\u00e1rsas\u00e1got, megvonta m\u0171k\u00f6d\u00e9si enged\u00e9ly\u00e9t \u00e9s cs\u0151delj\u00e1r\u00e1st kezdem\u00e9nyezett ellene, miut\u00e1n a t\u00e1rsas\u00e1g nem hajtotta v\u00e9gre a hat\u00f3s\u00e1g \u00e1ltal el\u0151\u00edrt felt\u0151k\u00e9s\u00edt\u00e9st. A rom\u00e1niai hivatalos k\u00f6zl\u00f6nyben augusztus v\u00e9g\u00e9n jelent meg a biztos\u00edt\u00f3 tev\u00e9kenys\u00e9gi enged\u00e9ly\u00e9nek visszavon\u00e1s\u00e1r\u00f3l \u00e9s a felsz\u00e1mol\u00e1s elrendel\u00e9s\u00e9nek kezdem\u00e9nyez\u00e9s\u00e9r\u0151l rendelkez\u0151 hat\u00e1rozat. A rom\u00e1n \u00e9s a magyar biztos\u00edt\u00e1si garanciarendszer \u00e1ll helyt a magyarorsz\u00e1gi fi\u00f3ktelep k\u00e1rosultjai eset\u00e9ben, emellett a magyar biztos\u00edt\u00e1si t\u00f6rv\u00e9ny alapj\u00e1n a Magyar Biztos\u00edt\u00f3k Sz\u00f6vets\u00e9ge (Mabisz) \u00e1ltal kezelt k\u00e1rtalan\u00edt\u00e1si alap helyt\u00e1ll minden, az Astra fi\u00f3ktelep\u00e9vel &#8211; mint felsz\u00e1mol\u00e1s alatt \u00e1ll\u00f3 biztos\u00edt\u00f3val &#8211; szembeni kgfb-k\u00e1rt\u00e9r\u00edt\u00e9si ig\u00e9ny eset\u00e9n.(MTI)<\/p>\n","protected":false},"excerpt":{"rendered":"<p>A rom\u00e1n Astra Biztos\u00edt\u00f3 \u00fcgyfeleinek a k\u00f6vetkez\u0151 napokban lehet\u0151s\u00e9g\u00fck lesz biztos\u00edt\u00e1si szerz\u0151d\u00e9s\u00fck k\u00f6z\u00f6s megegyez\u00e9ssel t\u00f6rt\u00e9n\u0151 megsz\u00fcntet\u00e9s\u00e9re a biztos\u00edt\u00f3 fi\u00f3ktelep\u00e9t\u0151l lev\u00e9lben kapott meg\u00e1llapod\u00e1s al\u00e1\u00edr\u00e1s\u00e1val, h\u00edvja fel a figyelmet a Magyar Nemzeti Bank (MNB). A biztositas.hu arra figyelmeztet, az \u00e9rintetteknek napokon bel\u00fcl \u00e9lni\u00fck kell e lehet\u0151s\u00e9ggel.<\/p>\n","protected":false},"author":1,"featured_media":0,"comment_status":"open","ping_status":"closed","sticky":false,"template":"","format":"standard","meta":[],"categories":[51],"tags":[],"_links":{"self":[{"href":"https:\/\/gazdasagportal.hu\/index.php\/wp-json\/wp\/v2\/posts\/67722"}],"collection":[{"href":"https:\/\/gazdasagportal.hu\/index.php\/wp-json\/wp\/v2\/posts"}],"about":[{"href":"https:\/\/gazdasagportal.hu\/index.php\/wp-json\/wp\/v2\/types\/post"}],"author":[{"embeddable":true,"href":"https:\/\/gazdasagportal.hu\/index.php\/wp-json\/wp\/v2\/users\/1"}],"replies":[{"embeddable":true,"href":"https:\/\/gazdasagportal.hu\/index.php\/wp-json\/wp\/v2\/comments?post=67722"}],"version-history":[{"count":1,"href":"https:\/\/gazdasagportal.hu\/index.php\/wp-json\/wp\/v2\/posts\/67722\/revisions"}],"predecessor-version":[{"id":67723,"href":"https:\/\/gazdasagportal.hu\/index.php\/wp-json\/wp\/v2\/posts\/67722\/revisions\/67723"}],"wp:attachment":[{"href":"https:\/\/gazdasagportal.hu\/index.php\/wp-json\/wp\/v2\/media?parent=67722"}],"wp:term":[{"taxonomy":"category","embeddable":true,"href":"https:\/\/gazdasagportal.hu\/index.php\/wp-json\/wp\/v2\/categories?post=67722"},{"taxonomy":"post_tag","embeddable":true,"href":"https:\/\/gazdasagportal.hu\/index.php\/wp-json\/wp\/v2\/tags?post=67722"}],"curies":[{"name":"wp","href":"https:\/\/api.w.org\/{rel}","templated":true}]}}