{"id":676,"date":"2013-01-22T07:45:38","date_gmt":"2013-01-22T06:45:38","guid":{"rendered":"http:\/\/stockportal.hu\/?p=676"},"modified":"2013-01-23T14:02:08","modified_gmt":"2013-01-23T13:02:08","slug":"londoni-elemzok-gyengebb-szintekre-allhat-be-a-forint","status":"publish","type":"post","link":"https:\/\/gazdasagportal.hu\/index.php\/londoni-elemzok-gyengebb-szintekre-allhat-be-a-forint\/","title":{"rendered":"Londoni elemz\u0151k: gyeng\u00e9bb szintekre \u00e1llhat be a forint"},"content":{"rendered":"<p><strong>A gyeng\u00e9bb forinttal szembeni korm\u00e1nyzati toleranci\u00e1ra utal\u00f3 legut\u00f3bbi jelz\u00e9sek heves negat\u00edv forintpiaci \u00e1rfolyam-reakci\u00f3ja megmutatta, hogy van mozg\u00e1st\u00e9r a forint tov\u00e1bbi gyeng\u00fcl\u00e9s\u00e9hez, b\u00e1r a korm\u00e1ny t\u0171r\u00e9shat\u00e1ra ezzel kapcsolatban nyilv\u00e1nval\u00f3an tov\u00e1bbra is korl\u00e1tozott a gyenge forint val\u00f3sz\u00edn\u0171s\u00edthet\u0151 gazdas\u00e1gi \u00e9s politikai \u00e1ra miatt &#8211; k\u00f6z\u00f6lt\u00e9k h\u00e9tf\u0151i helyzet\u00e9rt\u00e9kel\u00e9s\u00fckben londoni p\u00e9nz\u00fcgyi elemz\u0151k.<!--more--><\/strong><\/p>\n<p>A Goldman Sachs (GS) glob\u00e1lis p\u00e9nz\u00fcgyi szolg\u00e1ltat\u00f3 csoport londoni befektet\u00e9si r\u00e9szleg\u00e9nek felz\u00e1rk\u00f3z\u00f3 piacokra szakosodott k\u00f6zgazd\u00e1szai befektet\u0151knek \u00f6ssze\u00e1ll\u00edtott, h\u00e9tf\u0151 este ismertetett elemz\u00e9s\u00fckben felfel\u00e9 m\u00f3dos\u00edtott\u00e1k az eur\u00f3 forint\u00e1rfolyam\u00e1ra adott t\u00e1vlati el\u0151rejelz\u00e9seiket, tekintettel az er\u0151teljes negat\u00edv forintpiaci reakci\u00f3ra, valamint arra a kock\u00e1zatra, hogy az MNB &#8222;nem konvencion\u00e1lis eszk\u00f6z\u00f6kkel&#8221; juttat p\u00f3tl\u00f3lagos likvidit\u00e1st a magyar gazdas\u00e1gba.<br \/>\nA h\u00e1z ennek alapj\u00e1n h\u00e1romhavi t\u00e1vlatban 292 forintos, hat- \u00e9s tizenk\u00e9t havi t\u00e1vlatban egyar\u00e1nt 303 forintos eur\u00f3\u00e1rfolyamot v\u00e1r az eddig \u00e9rv\u00e9nyben tartott 282, 285 \u00e9s 288 forintos progn\u00f3zisok helyett.<br \/>\nA Goldman Sachs londoni elemz\u0151i szerint a december v\u00e9ge \u00e9s janu\u00e1r k\u00f6zepe k\u00f6z\u00f6tt bek\u00f6vetkezett forintgyeng\u00fcl\u00e9s els\u0151dleges hajt\u00f3ereje az MNB \u00e9l\u00e9n esed\u00e9kes v\u00e1lt\u00e1ssal kapcsolatos n\u00f6vekv\u0151 piaci aggodalom volt, valamint azok a nyilatkozatok, amelyek nagyobb korm\u00e1nyzati toleranci\u00e1ra utaltak a gyeng\u00e9bb forinttal kapcsolatban. Ez ut\u00f3bbi nyilatkozatok a magyar korm\u00e1ny gazdas\u00e1gpolitikai preferenci\u00e1inak bizonyos m\u00e9rt\u00e9k\u0171 eltol\u00f3d\u00e1s\u00e1t jelezt\u00e9k, a korm\u00e1ny ugyanis &#8211; b\u00e1r hivatali idej\u00e9nek elej\u00e9n m\u00e1r tett kijelent\u00e9seket a gyeng\u00e9bb forint el\u0151nyeir\u0151l &#8211; eddig maga is elismerte a forint \u00e1rfolyam-stabilit\u00e1s\u00e1nak sz\u00fcks\u00e9gess\u00e9g\u00e9t.<br \/>\nMindemellett azok a legut\u00f3bbi korm\u00e1nyzati utal\u00e1sok sem tettek j\u00f3t a forintnak, amelyek arra a lehet\u0151s\u00e9gre engedtek k\u00f6vetkeztetni, hogy az \u00faj MNB-vezet\u00e9s mennyis\u00e9gi enyh\u00edt\u00e9shez hasonl\u00f3 l\u00e9p\u00e9sekhez folyamodna &#8211; fejtegett\u00e9k h\u00e9tf\u0151i elemz\u00e9s\u00fckben a Goldman Sachs londoni k\u00f6zgazd\u00e1szai.<br \/>\nM\u00e1s nagy londoni h\u00e1zak is felh\u00edvt\u00e1k m\u00e1r a figyelmet az ilyen jelleg\u0171 gazdas\u00e1g\u00e9l\u00e9nk\u00edt\u0151 monet\u00e1ris l\u00e9p\u00e9sek lehet\u0151s\u00e9g\u00e9re az MNB \u00e9l\u00e9n lezajl\u00f3 v\u00e1lt\u00e1s ut\u00e1ni id\u0151szakban.<br \/>\nAz egyik legnagyobb citybeli befektet\u00e9si bankcsoport, a Barclays felz\u00e1rk\u00f3z\u00f3 gazdas\u00e1gokra szakosodott k\u00f6zgazd\u00e1szai befektet\u00e9si \u00fcgyfelek sz\u00e1m\u00e1ra \u00f6ssze\u00e1ll\u00edtott leg\u00fajabb elemz\u00e9s\u00fckben \u00fagy fogalmaztak, hogy ak\u00e1r Matolcsy Gy\u00f6rgy lesz az \u00faj MNB-eln\u00f6k, ak\u00e1r nem, az mindenk\u00e9ppen nagyon val\u00f3sz\u00edn\u0171, hogy a nemzetgazdas\u00e1gi miniszter \u00e1ltal a k\u00f6vetend\u0151 monet\u00e1ris politik\u00e1r\u00f3l nemr\u00e9giben hangoztatott n\u00e9zetek a Fidesz n\u00e9zetei, \u00e9s ezeket a n\u00e9zeteket osztani fogja a jegybank \u00faj vezet\u0151je, b\u00e1rkire essen v\u00e1laszt\u00e1s.<br \/>\nA Barclays londoni elemz\u0151i ennek alapj\u00e1n val\u00f3sz\u00edn\u0171nek nevezt\u00e9k, hogy az MNB a vezet\u0151v\u00e1lt\u00e1s ut\u00e1n mennyis\u00e9gi enyh\u00edt\u00e9sbe kezd v\u00e1llalati k\u00f6tv\u00e9nyek \u00e9s \u00e1llampap\u00edrok m\u00e1sodpiaci felv\u00e1s\u00e1rl\u00e1s\u00e1val.<br \/>\nA JP Morgan glob\u00e1lis p\u00e9nz\u00fcgyi szolg\u00e1ltat\u00f3 csoport londoni befektet\u00e9si r\u00e9szleg\u00e9nek felz\u00e1rk\u00f3z\u00f3 piacokra szakosodott elemz\u0151i legut\u00f3bbi helyzet\u00e9rt\u00e9kel\u00e9s\u00fckben szint\u00e9n azt j\u00f3solt\u00e1k, hogy a jegybanki vezet\u0151v\u00e1lt\u00e1s ut\u00e1n a korm\u00e1ny v\u00e1rhat\u00f3an az eddigin\u00e9l sokkal akt\u00edvabb n\u00f6veked\u00e9s\u00f6szt\u00f6nz\u00e9sre k\u00e9ri majd az MNB-t. A h\u00e1z londoni elemz\u0151i szerint az MNB \u00e9l\u00e9n esed\u00e9kess\u00e9 v\u00e1l\u00f3 v\u00e1lt\u00e1s a k\u00f6vetkez\u0151 h\u00f3napok f\u0151 esem\u00e9nykock\u00e1zata a magyar gazdas\u00e1gban.<br \/>\nA Goldman Sachs londoni elemz\u0151inek h\u00e9tf\u0151i \u00e9rt\u00e9kel\u00e9se szerint az a t\u00e9ny, hogy csup\u00e1n az MNB esetleges \u00faj p\u00e9nz\u00fcgy-politikai c\u00e9ljainak megeml\u00edt\u00e9se m\u00e1ris ilyen er\u0151s piaci \u00e1rfolyam-reakci\u00f3t eredm\u00e9nyezett, arra vall, hogy a forintgyeng\u00fcl\u00e9s folytat\u00f3dhat, valamint arra, hogy a forint\u00e1rfolyam tov\u00e1bbra is volatilis marad, \u00e9s \u00e9rz\u00e9keny a helyi fejlem\u00e9nyekre.<br \/>\nA GS szerint ugyanakkor t\u00f6bb t\u00e9nyez\u0151 is sz\u0171k\u00edti a forintgyeng\u00fcl\u00e9s mozg\u00e1ster\u00e9t, els\u0151sorban az, hogy a h\u00e1ztart\u00e1sok devizaalap\u00fa ingatlanhitel-\u00e1llom\u00e1nya m\u00e9g mindig a magyar hazai \u00f6sszterm\u00e9k (GDP) \u00e9ves \u00e9rt\u00e9k\u00e9nek 17 sz\u00e1zal\u00e9k\u00e1val egyenl\u0151, \u00e9s ennek t\u0151ke- \u00e9s kamatt\u00f6rleszt\u00e9sei \u00e9vente a GDP-\u00e9rt\u00e9k 3,2 sz\u00e1zal\u00e9k\u00e1t teszik ki.<br \/>\nA Goldman Sachs szakelemz\u0151inek sz\u00e1m\u00edt\u00e1sai szerint minden 10 sz\u00e1zal\u00e9knyi forintgyeng\u00fcl\u00e9s a GDP-\u00e9rt\u00e9k 0,3 sz\u00e1zal\u00e9k\u00e1nak megfelel\u0151 m\u00e9rt\u00e9kben n\u00f6veln\u00e9 a h\u00e1ztart\u00e1sok ad\u00f3ss\u00e1gszolg\u00e1lati k\u00f6lts\u00e9geit, ami a mag\u00e1nszektor \u00e9ves fogyaszt\u00e1si kiad\u00e1sainak 1,5 sz\u00e1zal\u00e9k\u00e1val lenne egyenl\u0151.<br \/>\nMindemellett a k\u00f6zvetlen gazdas\u00e1gi k\u00f6lts\u00e9geken t\u00fal a forint elh\u00faz\u00f3d\u00f3 gyenges\u00e9g\u00e9nek politikai \u00e1ra is lenne, k\u00fcl\u00f6n\u00f6sen a j\u00f6v\u0151 \u00e9vi v\u00e1laszt\u00e1sok kamp\u00e1ny\u00e1nak kezdete el\u0151tt &#8211; v\u00e9lekedtek h\u00e9tf\u0151i elemz\u00e9s\u00fckben a Goldman Sachs londoni k\u00f6zgazd\u00e1szai. (MTI)<\/p>\n","protected":false},"excerpt":{"rendered":"<p>A gyeng\u00e9bb forinttal szembeni korm\u00e1nyzati toleranci\u00e1ra utal\u00f3 legut\u00f3bbi jelz\u00e9sek heves negat\u00edv forintpiaci \u00e1rfolyam-reakci\u00f3ja megmutatta, hogy van mozg\u00e1st\u00e9r a forint tov\u00e1bbi gyeng\u00fcl\u00e9s\u00e9hez, b\u00e1r a korm\u00e1ny t\u0171r\u00e9shat\u00e1ra ezzel kapcsolatban nyilv\u00e1nval\u00f3an tov\u00e1bbra is korl\u00e1tozott a gyenge forint val\u00f3sz\u00edn\u0171s\u00edthet\u0151 gazdas\u00e1gi \u00e9s politikai \u00e1ra miatt &#8211; k\u00f6z\u00f6lt\u00e9k h\u00e9tf\u0151i helyzet\u00e9rt\u00e9kel\u00e9s\u00fckben londoni p\u00e9nz\u00fcgyi elemz\u0151k.<\/p>\n","protected":false},"author":1,"featured_media":677,"comment_status":"closed","ping_status":"closed","sticky":false,"template":"","format":"standard","meta":[],"categories":[10],"tags":[],"_links":{"self":[{"href":"https:\/\/gazdasagportal.hu\/index.php\/wp-json\/wp\/v2\/posts\/676"}],"collection":[{"href":"https:\/\/gazdasagportal.hu\/index.php\/wp-json\/wp\/v2\/posts"}],"about":[{"href":"https:\/\/gazdasagportal.hu\/index.php\/wp-json\/wp\/v2\/types\/post"}],"author":[{"embeddable":true,"href":"https:\/\/gazdasagportal.hu\/index.php\/wp-json\/wp\/v2\/users\/1"}],"replies":[{"embeddable":true,"href":"https:\/\/gazdasagportal.hu\/index.php\/wp-json\/wp\/v2\/comments?post=676"}],"version-history":[{"count":2,"href":"https:\/\/gazdasagportal.hu\/index.php\/wp-json\/wp\/v2\/posts\/676\/revisions"}],"predecessor-version":[{"id":857,"href":"https:\/\/gazdasagportal.hu\/index.php\/wp-json\/wp\/v2\/posts\/676\/revisions\/857"}],"wp:featuredmedia":[{"embeddable":true,"href":"https:\/\/gazdasagportal.hu\/index.php\/wp-json\/wp\/v2\/media\/677"}],"wp:attachment":[{"href":"https:\/\/gazdasagportal.hu\/index.php\/wp-json\/wp\/v2\/media?parent=676"}],"wp:term":[{"taxonomy":"category","embeddable":true,"href":"https:\/\/gazdasagportal.hu\/index.php\/wp-json\/wp\/v2\/categories?post=676"},{"taxonomy":"post_tag","embeddable":true,"href":"https:\/\/gazdasagportal.hu\/index.php\/wp-json\/wp\/v2\/tags?post=676"}],"curies":[{"name":"wp","href":"https:\/\/api.w.org\/{rel}","templated":true}]}}