{"id":66962,"date":"2015-08-27T10:22:13","date_gmt":"2015-08-27T08:22:13","guid":{"rendered":"http:\/\/gazdasagportal.hu\/?p=66962"},"modified":"2015-08-27T10:22:13","modified_gmt":"2015-08-27T08:22:13","slug":"fidesz-magyarorszagnak-nemzetkozi-kotelessege-is-hogy-hatarat-megvedje","status":"publish","type":"post","link":"https:\/\/gazdasagportal.hu\/index.php\/fidesz-magyarorszagnak-nemzetkozi-kotelessege-is-hogy-hatarat-megvedje\/","title":{"rendered":"Fidesz: Magyarorsz\u00e1gnak nemzetk\u00f6zi k\u00f6teless\u00e9ge is, hogy hat\u00e1r\u00e1t megv\u00e9dje"},"content":{"rendered":"<p><strong>A magyar korm\u00e1nynak \u00e9s a magyar parlamentnek nemcsak magyarorsz\u00e1gi, hanem nemzetk\u00f6zi, eur\u00f3pai uni\u00f3s, schengeni egyezm\u00e9nyekben v\u00e1llalt k\u00f6teless\u00e9ge, hogy a magyar hat\u00e1rszakaszt \u00e9s az eur\u00f3pai uni\u00f3s hat\u00e1rt megv\u00e9dje &#8211; hangs\u00falyozta N\u00e9meth Szil\u00e1rd, az Orsz\u00e1ggy\u0171l\u00e9s nemzetbiztons\u00e1gi bizotts\u00e1g\u00e1nak fideszes aleln\u00f6ke az M1 aktu\u00e1lis csatorna cs\u00fct\u00f6rt\u00f6k reggeli m\u0171sor\u00e1ban.<\/strong><!--more--><\/p>\n<div class=\"ads-in-post1\"><div id=\"gazdasagportal.hu_fullbanner_wideboard\"><\/div>\r\n<\/div>\n<p>    Az orsz\u00e1ggy\u0171l\u00e9si k\u00e9pvisel\u0151 felh\u00edvta a figyelmet arra, hogy m\u00e1r naponta t\u00f6bb ezren \u00e9rkeznek, az illeg\u00e1lis hat\u00e1r\u00e1tl\u00e9p\u0151k sz\u00e1ma \u00e9v v\u00e9g\u00e9re ak\u00e1r 300 ezret is el\u00e9rheti.<br \/>\n    Ez\u00e9rt minden eszk\u00f6zt be kell vetni &#8211; sz\u00f6gezte le.<br \/>\n    Ennek kapcs\u00e1n N\u00e9meth Szil\u00e1rd kit\u00e9rt arra, hogy a m\u0171szaki z\u00e1rral kapcsolatban &#8222;direkt zavar&#8221; van n\u00e9h\u00e1ny politikus fej\u00e9ben. Szerinte nem azzal foglalkoznak, hogyan lehetne megoldani a probl\u00e9m\u00e1t, hanem csak azon vannak, hogy min\u00e9l fesz\u00fcltebb legyen a belpolitikai helyzet. A fideszes politikus kiemelte, hogy k\u00e9t ker\u00edt\u00e9s \u00e9p\u00fcl.<br \/>\n    A kett\u0151 egy\u00fcttes haszn\u00e1lata, egy\u00e9b m\u0171szaki eszk\u00f6z\u00f6k bevet\u00e9se, a hat\u00e1rvad\u00e1sz egys\u00e9g, \u00e9s esetlegesen a honv\u00e9ds\u00e9g bevet\u00e9se teremtheti meg azt a helyzetet, hogy &#8211; ahogyan kor\u00e1bban Orb\u00e1n Viktor minisztereln\u00f6k is mondta &#8211; val\u00f3ban egyheted\u00e9re cs\u00f6kkenjen az illeg\u00e1lis migr\u00e1nsok sz\u00e1ma &#8211; fejtette ki N\u00e9meth Szil\u00e1rd.(MTI)<\/p>\n","protected":false},"excerpt":{"rendered":"<p>A magyar korm\u00e1nynak \u00e9s a magyar parlamentnek nemcsak magyarorsz\u00e1gi, hanem nemzetk\u00f6zi, eur\u00f3pai uni\u00f3s, schengeni egyezm\u00e9nyekben v\u00e1llalt k\u00f6teless\u00e9ge, hogy a magyar hat\u00e1rszakaszt \u00e9s az eur\u00f3pai uni\u00f3s hat\u00e1rt megv\u00e9dje &#8211; hangs\u00falyozta N\u00e9meth Szil\u00e1rd, az Orsz\u00e1ggy\u0171l\u00e9s nemzetbiztons\u00e1gi bizotts\u00e1g\u00e1nak fideszes aleln\u00f6ke az M1 aktu\u00e1lis csatorna cs\u00fct\u00f6rt\u00f6k reggeli m\u0171sor\u00e1ban.<\/p>\n","protected":false},"author":1,"featured_media":0,"comment_status":"open","ping_status":"closed","sticky":false,"template":"","format":"standard","meta":[],"categories":[4],"tags":[],"_links":{"self":[{"href":"https:\/\/gazdasagportal.hu\/index.php\/wp-json\/wp\/v2\/posts\/66962"}],"collection":[{"href":"https:\/\/gazdasagportal.hu\/index.php\/wp-json\/wp\/v2\/posts"}],"about":[{"href":"https:\/\/gazdasagportal.hu\/index.php\/wp-json\/wp\/v2\/types\/post"}],"author":[{"embeddable":true,"href":"https:\/\/gazdasagportal.hu\/index.php\/wp-json\/wp\/v2\/users\/1"}],"replies":[{"embeddable":true,"href":"https:\/\/gazdasagportal.hu\/index.php\/wp-json\/wp\/v2\/comments?post=66962"}],"version-history":[{"count":1,"href":"https:\/\/gazdasagportal.hu\/index.php\/wp-json\/wp\/v2\/posts\/66962\/revisions"}],"predecessor-version":[{"id":66963,"href":"https:\/\/gazdasagportal.hu\/index.php\/wp-json\/wp\/v2\/posts\/66962\/revisions\/66963"}],"wp:attachment":[{"href":"https:\/\/gazdasagportal.hu\/index.php\/wp-json\/wp\/v2\/media?parent=66962"}],"wp:term":[{"taxonomy":"category","embeddable":true,"href":"https:\/\/gazdasagportal.hu\/index.php\/wp-json\/wp\/v2\/categories?post=66962"},{"taxonomy":"post_tag","embeddable":true,"href":"https:\/\/gazdasagportal.hu\/index.php\/wp-json\/wp\/v2\/tags?post=66962"}],"curies":[{"name":"wp","href":"https:\/\/api.w.org\/{rel}","templated":true}]}}