{"id":66859,"date":"2015-08-25T13:44:04","date_gmt":"2015-08-25T11:44:04","guid":{"rendered":"http:\/\/gazdasagportal.hu\/?p=66859"},"modified":"2015-08-25T13:05:05","modified_gmt":"2015-08-25T11:05:05","slug":"ukran-valsag-a-fuggetlenseg-unnepen-is-dorogtek-a-fegyverek-kelet-ukrajnaban","status":"publish","type":"post","link":"https:\/\/gazdasagportal.hu\/index.php\/ukran-valsag-a-fuggetlenseg-unnepen-is-dorogtek-a-fegyverek-kelet-ukrajnaban\/","title":{"rendered":"Ukr\u00e1n v\u00e1ls\u00e1g &#8211; A f\u00fcggetlens\u00e9g \u00fcnnep\u00e9n is d\u00f6r\u00f6gtek a fegyverek Kelet-Ukrajn\u00e1ban"},"content":{"rendered":"<p><strong>Nem csitultak a harcok a f\u00fcggetlen ukr\u00e1n \u00e1llam kiki\u00e1lt\u00e1s\u00e1nak \u00fcnnepnapj\u00e1n, augusztus 24-\u00e9n sem a Donyec-medenc\u00e9ben, az Oroszorsz\u00e1g \u00e1ltal t\u00e1mogatott szakad\u00e1rok 77-szer nyitottak t\u00fczet katonai \u00e1ll\u00e1sokra \u00e9s lakott telep\u00fcl\u00e9sekre &#8211; jelentette kedden a kijevi hadm\u0171veleti parancsnoks\u00e1g.<\/strong><!--more--><\/p>\n<div class=\"ads-in-post1\"><div id=\"gazdasagportal.hu_fullbanner_wideboard\"><\/div>\r\n<\/div>\n<p>    Olekszandr Motuzjanik, az eln\u00f6ki hivatal hadm\u0171veleti \u00fcgyekben illet\u00e9kes sz\u00f3viv\u0151j\u00e9nek keddi t\u00e1j\u00e9koztat\u00e1sa szerint az elm\u00falt egy napban k\u00e9t katona esett el \u00e9s kilenc sebes\u00fclt meg a harcokban.<br \/>\n    A parancsnoks\u00e1gi k\u00f6zlem\u00e9ny szerint t\u00f6bb t\u00e1mad\u00e1st hajtottak v\u00e9gre a szakad\u00e1rok a febru\u00e1ri minszki meg\u00e1llapod\u00e1s alapj\u00e1n tiltott, 100 millim\u00e9tern\u00e9l nagyobb kaliber\u0171 t\u00fcz\u00e9rs\u00e9gi fegyverekkel. A katonai \u00e1ll\u00e1sok mellett lak\u00f3\u00f6vezeteket is t\u00e1madtak. Donyeck k\u00f6rzet\u00e9ben Krasznohorivka falu lak\u00f3h\u00e1zait \u00e9s Avgyijivka v\u00e1ros\u00e1t pedig neh\u00e9zt\u00fcz\u00e9rs\u00e9ggel l\u0151tt\u00e9k az \u00e9jjel. Ut\u00f3bbi telep\u00fcl\u00e9sen teljesen megszakadt az \u00e1ramell\u00e1t\u00e1s, \u00edgy a vezet\u00e9kes v\u00edzszolg\u00e1ltat\u00e1s is sz\u00fcnetel.<br \/>\n    A d\u00e9l-donyecki kik\u00f6t\u0151v\u00e1rost\u00f3l, Mariupolt\u00f3l 20 kilom\u00e9terre keletre, az Azovi-tenger partj\u00e1n fekv\u0151 Szopine telep\u00fcl\u00e9st 152 millim\u00e9teres kaliber\u0171 \u00f6nj\u00e1r\u00f3 l\u00f6vegekkel t\u00e1madt\u00e1k a szakad\u00e1rok az \u00e9jjel &#8211; k\u00f6z\u00f6lte kedden Jaroszlav Csepornoj katonai sz\u00f3viv\u0151je kedden \u00fajs\u00e1g\u00edr\u00f3kkal. Elmondta, hogy kedden, a hajnali \u00f3r\u00e1kban 120, illetve 122 millim\u00e9teres l\u00f6vegekkel \u00e9s aknavet\u0151kkel m\u00e9rtek s\u00falyos csap\u00e1st az ellens\u00e9ges er\u0151k a Talakivka \u00e9s Hranitne telep\u00fcl\u00e9sekn\u00e9l l\u00e9v\u0151 katonai \u00e1ll\u00e1sokra.<br \/>\n    K\u00f6zben Eduard Baszurin, az Ukrajna ter\u00fclet\u00e9n \u00f6nk\u00e9nyesen kiki\u00e1ltott Donyecki N\u00e9pk\u00f6zt\u00e1rsas\u00e1g &#8222;v\u00e9delmi miniszterhelyettese&#8221; azzal v\u00e1dolta meg az ukr\u00e1n fegyveres er\u0151ket, hogy 122, illetve 152 millim\u00e9teres neh\u00e9zt\u00fcz\u00e9rs\u00e9ggel t\u00e1madtak a Donyeckt\u0151l \u00e9szakra, a frontvonaln\u00e1l fekv\u0151 Horlivka k\u00f6zpontj\u00e1ra. Szavai szerint a t\u00e1mad\u00e1sban 12 civil s\u00e9r\u00fclt meg. Hozz\u00e1tette, hogy az EBESZ-megfigyel\u0151k megkezdt\u00e9k a vizsg\u00e1latot a helysz\u00ednen.(MTI)<\/p>\n","protected":false},"excerpt":{"rendered":"<p>Nem csitultak a harcok a f\u00fcggetlen ukr\u00e1n \u00e1llam kiki\u00e1lt\u00e1s\u00e1nak \u00fcnnepnapj\u00e1n, augusztus 24-\u00e9n sem a Donyec-medenc\u00e9ben, az Oroszorsz\u00e1g \u00e1ltal t\u00e1mogatott szakad\u00e1rok 77-szer nyitottak t\u00fczet katonai \u00e1ll\u00e1sokra \u00e9s lakott telep\u00fcl\u00e9sekre &#8211; jelentette kedden a kijevi hadm\u0171veleti parancsnoks\u00e1g.<\/p>\n","protected":false},"author":1,"featured_media":0,"comment_status":"open","ping_status":"closed","sticky":false,"template":"","format":"standard","meta":[],"categories":[139],"tags":[],"_links":{"self":[{"href":"https:\/\/gazdasagportal.hu\/index.php\/wp-json\/wp\/v2\/posts\/66859"}],"collection":[{"href":"https:\/\/gazdasagportal.hu\/index.php\/wp-json\/wp\/v2\/posts"}],"about":[{"href":"https:\/\/gazdasagportal.hu\/index.php\/wp-json\/wp\/v2\/types\/post"}],"author":[{"embeddable":true,"href":"https:\/\/gazdasagportal.hu\/index.php\/wp-json\/wp\/v2\/users\/1"}],"replies":[{"embeddable":true,"href":"https:\/\/gazdasagportal.hu\/index.php\/wp-json\/wp\/v2\/comments?post=66859"}],"version-history":[{"count":1,"href":"https:\/\/gazdasagportal.hu\/index.php\/wp-json\/wp\/v2\/posts\/66859\/revisions"}],"predecessor-version":[{"id":66860,"href":"https:\/\/gazdasagportal.hu\/index.php\/wp-json\/wp\/v2\/posts\/66859\/revisions\/66860"}],"wp:attachment":[{"href":"https:\/\/gazdasagportal.hu\/index.php\/wp-json\/wp\/v2\/media?parent=66859"}],"wp:term":[{"taxonomy":"category","embeddable":true,"href":"https:\/\/gazdasagportal.hu\/index.php\/wp-json\/wp\/v2\/categories?post=66859"},{"taxonomy":"post_tag","embeddable":true,"href":"https:\/\/gazdasagportal.hu\/index.php\/wp-json\/wp\/v2\/tags?post=66859"}],"curies":[{"name":"wp","href":"https:\/\/api.w.org\/{rel}","templated":true}]}}