{"id":66815,"date":"2015-08-24T18:55:15","date_gmt":"2015-08-24T16:55:15","guid":{"rendered":"http:\/\/gazdasagportal.hu\/?p=66815"},"modified":"2015-08-24T18:56:43","modified_gmt":"2015-08-24T16:56:43","slug":"tozsdezaras-verfurdo-volt-a-magyar-piacon","status":"publish","type":"post","link":"https:\/\/gazdasagportal.hu\/index.php\/tozsdezaras-verfurdo-volt-a-magyar-piacon\/","title":{"rendered":"V\u00e9rf\u00fcrd\u0151 a magyar piacon"},"content":{"rendered":"<p><strong>A Budapesti \u00c9rt\u00e9kt\u0151zsde r\u00e9szv\u00e9nyindexe, a BUX 1341,97 pontos, 6,07 sz\u00e1zal\u00e9kos cs\u00f6kken\u00e9ssel, 20 778,29 ponton z\u00e1rt h\u00e9tf\u0151n.<\/strong><!--more--><\/p>\n<div class=\"ads-in-post1\"><div id=\"gazdasagportal.hu_fullbanner_wideboard\"><\/div>\r\n<\/div>\n<p>    A r\u00e9szv\u00e9nypiac forgalma 22,8 milli\u00e1rd forint volt, a vezet\u0151 r\u00e9szv\u00e9nyek gyeng\u00fcltek a szerdai z\u00e1r\u00e1shoz k\u00e9pest.<br \/>\n    R\u00f6vid Szabolcs, a Concorde \u00c9rt\u00e9kpap\u00edr Zrt. elemz\u0151je az MTI-nek elmondta: h\u00e9tf\u0151n folytat\u00f3dott a m\u00falt h\u00e9ten kezd\u0151d\u00f6tt elad\u00e1si hull\u00e1m a vil\u00e1g r\u00e9szv\u00e9nypiacain. A k\u00ednai gazdas\u00e1gi n\u00f6veked\u00e9s lassul\u00e1sa miatti f\u00e9lelem \u00e9s az amerikai jegybank szerep\u00e9t bet\u00f6lt\u0151 Fed k\u00f6zelg\u0151 kamatemel\u00e9s\u00e9vel kapcsolatos bizonytalans\u00e1g miatt cs\u00f6kkentek a glob\u00e1lis t\u0151zsdeindexek, amelyek reggel 6-7, z\u00e1r\u00e1skor 3-4 sz\u00e1zal\u00e9kos m\u00ednuszban vannak &#8211; ismertette.<br \/>\n    Mivel a magyar piac z\u00e1rva tartott augusztus 20-21-\u00e9n, h\u00e9tf\u0151n tudott a nemzetk\u00f6zi es\u00e9sre reag\u00e1lni, \u00edgy eg\u00e9sz nap az elad\u00f3k voltak t\u00fals\u00falyban \u00e9s kiemelked\u0151 forgalom mellett a napi minimum k\u00f6zel\u00e9ben z\u00e1rt a BUX &#8211; mondta a Concorde szak\u00e9rt\u0151je.<br \/>\n    R\u00f6vid Szabolcs szerint elk\u00e9pzelhet\u0151 egy r\u00f6vid t\u00e1v\u00fa korrekci\u00f3, azaz kiss\u00e9 emelkedhetnek az \u00e1rfolyamok, alapvet\u0151en azonban &#8222;int\u0151 jel a gyors es\u00e9s \u00e9s a fontos technikai szintek t\u00f6r\u00e9se&#8221;.<br \/>\n    Nagy Andr\u00e1s, az Erste Befektet\u00e9si Zrt. elemz\u0151je szint\u00e9n kiemelte, hogy a BUX r\u00e9g l\u00e1tott, 6 sz\u00e1zal\u00e9k feletti es\u00e9se azzal magyar\u00e1zhat\u00f3, hogy z\u00e1rva volt a magyar t\u0151zsde a m\u00falt h\u00e9ten, amikor az eur\u00f3pai r\u00e9szv\u00e9nypiacokon m\u00e1r elkezd\u0151d\u00f6tt a cs\u00f6kken\u00e9s.<br \/>\n    A szak\u00e9rt\u0151 kifejtette: legink\u00e1bb a Mol r\u00e9szv\u00e9nyeit \u00e9rintette az es\u00e9s h\u00e9tf\u0151n, mivel tov\u00e1bb cs\u00f6kkentek az olaj\u00e1rak, a WTI t\u00edpus\u00fa nyersolaj vil\u00e1gpiaci \u00e1ra hord\u00f3nk\u00e9nt 38 doll\u00e1rra m\u00e9rs\u00e9kl\u0151d\u00f6tt. Ez a teljes olajszektort \u00e9rz\u00e9kenyen \u00e9rintette, \u00e9s a Moln\u00e1l is es\u00e9st okozott annak ellen\u00e9re, hogy az olajt\u00e1rsas\u00e1g eset\u00e9ben a kitermel\u00e9sn\u00e9l viszonylag hangs\u00falyosabb a finom\u00edt\u00f3i tev\u00e9kenys\u00e9g &#8211; mondta Nagy Andr\u00e1s.<br \/>\n    \u00d6sszess\u00e9g\u00e9ben tov\u00e1bbra is a k\u00ednai n\u00f6veked\u00e9s lassul\u00e1s\u00e1val kapcsolatos f\u00e9lelmek mozgatj\u00e1k a glob\u00e1lis r\u00e9szv\u00e9nypiacokat az Erste szak\u00e9rt\u0151je szerint.<br \/>\n    A Mol 995 forinttal, 6,86 sz\u00e1zal\u00e9kkal 13 500 forintra cs\u00f6kkent, 5,8 milli\u00e1rd forintos forgalomban.<br \/>\n    Az OTP-r\u00e9szv\u00e9nyek \u00e1ra 379 forinttal, 6,73 sz\u00e1zal\u00e9kkal 5256 forintra esett, forgalmuk 11,9 milli\u00e1rd forintot tett ki.<br \/>\n    A Magyar Telekom \u00e1rfolyama 15 forinttal, 3,78 sz\u00e1zal\u00e9kkal 382 forintra gyeng\u00fclt, forgalma 1,1 milli\u00e1rd forint volt.<br \/>\n    A Richter-pap\u00edrok \u00e1rfolyama 245 forinttal, 5,63 sz\u00e1zal\u00e9kkal 4110 forintra cs\u00f6kkent, a r\u00e9szv\u00e9nyek forgalma 3,7 milli\u00e1rd forintot \u00e9rt el.<br \/>\n    A kis- \u00e9s k\u00f6zepes r\u00e9szv\u00e9nyek indexe, a BUMIX 1625,23 ponton z\u00e1rt h\u00e9tf\u0151n, ez 62,47 pontos, 3,70 sz\u00e1zal\u00e9kos cs\u00f6kken\u00e9s a p\u00e9nteki z\u00e1r\u00e1shoz viszony\u00edtva.(MTI)<\/p>\n","protected":false},"excerpt":{"rendered":"<p>A Budapesti \u00c9rt\u00e9kt\u0151zsde r\u00e9szv\u00e9nyindexe, a BUX 1341,97 pontos, 6,07 sz\u00e1zal\u00e9kos cs\u00f6kken\u00e9ssel, 20 778,29 ponton z\u00e1rt h\u00e9tf\u0151n.<\/p>\n","protected":false},"author":1,"featured_media":0,"comment_status":"open","ping_status":"closed","sticky":false,"template":"","format":"standard","meta":[],"categories":[7],"tags":[],"_links":{"self":[{"href":"https:\/\/gazdasagportal.hu\/index.php\/wp-json\/wp\/v2\/posts\/66815"}],"collection":[{"href":"https:\/\/gazdasagportal.hu\/index.php\/wp-json\/wp\/v2\/posts"}],"about":[{"href":"https:\/\/gazdasagportal.hu\/index.php\/wp-json\/wp\/v2\/types\/post"}],"author":[{"embeddable":true,"href":"https:\/\/gazdasagportal.hu\/index.php\/wp-json\/wp\/v2\/users\/1"}],"replies":[{"embeddable":true,"href":"https:\/\/gazdasagportal.hu\/index.php\/wp-json\/wp\/v2\/comments?post=66815"}],"version-history":[{"count":3,"href":"https:\/\/gazdasagportal.hu\/index.php\/wp-json\/wp\/v2\/posts\/66815\/revisions"}],"predecessor-version":[{"id":66819,"href":"https:\/\/gazdasagportal.hu\/index.php\/wp-json\/wp\/v2\/posts\/66815\/revisions\/66819"}],"wp:attachment":[{"href":"https:\/\/gazdasagportal.hu\/index.php\/wp-json\/wp\/v2\/media?parent=66815"}],"wp:term":[{"taxonomy":"category","embeddable":true,"href":"https:\/\/gazdasagportal.hu\/index.php\/wp-json\/wp\/v2\/categories?post=66815"},{"taxonomy":"post_tag","embeddable":true,"href":"https:\/\/gazdasagportal.hu\/index.php\/wp-json\/wp\/v2\/tags?post=66815"}],"curies":[{"name":"wp","href":"https:\/\/api.w.org\/{rel}","templated":true}]}}