{"id":66807,"date":"2015-08-24T15:22:22","date_gmt":"2015-08-24T13:22:22","guid":{"rendered":"http:\/\/gazdasagportal.hu\/?p=66807"},"modified":"2015-08-24T21:06:29","modified_gmt":"2015-08-24T19:06:29","slug":"illegalis-bevandorlas-fidesz-csak-a-rendparti-bevandorlaspolitika-vedheti-meg-az-orszagot","status":"publish","type":"post","link":"https:\/\/gazdasagportal.hu\/index.php\/illegalis-bevandorlas-fidesz-csak-a-rendparti-bevandorlaspolitika-vedheti-meg-az-orszagot\/","title":{"rendered":"Fidesz: Magyarorsz\u00e1gnak meg kell v\u00e9denie saj\u00e1t \u00e9s az Eur\u00f3pai Uni\u00f3 hat\u00e1rait"},"content":{"rendered":"<p><strong>A Fidesz szerint Magyarorsz\u00e1gnak meg kell v\u00e9denie saj\u00e1t \u00e9s az Eur\u00f3pai Uni\u00f3 hat\u00e1rait.<\/strong><!--more--><\/p>\n<div class=\"ads-in-post1\"><div id=\"gazdasagportal.hu_fullbanner_wideboard\"><\/div>\r\n<\/div>\n<p>    A korm\u00e1nyp\u00e1rti frakci\u00f3 ezt arra reag\u00e1lva k\u00f6z\u00f6lte az MTI-vel, hogy Szel\u00e9nyi Zsuzsanna, az Egy\u00fctt sz\u00edneiben politiz\u00e1l\u00f3 f\u00fcggetlen orsz\u00e1ggy\u0171l\u00e9si k\u00e9pvisel\u0151 h\u00e9tf\u0151n azt mondta: a korm\u00e1ny elvesztette az ir\u00e1ny\u00edt\u00e1st a migr\u00e1nsok \u00fcgy\u00e9nek kezel\u00e9s\u00e9ben.<br \/>\n    A Fidesz k\u00e9pvisel\u0151csoportja k\u00f6zlem\u00e9ny\u00e9ben ezt komment\u00e1lva azt \u00edrta: &#8222;a bev\u00e1ndorl\u00e1sp\u00e1rti Bajnai-p\u00e1rttal szemben azt gondoljuk, hogy Magyarorsz\u00e1g nem k\u00e9pes a bev\u00e1ndorl\u00f3k sz\u00e1zezres t\u00f6megeinek ell\u00e1t\u00e1s\u00e1ra, mert ez a magyar emberek biztons\u00e1g\u00e1t, meg\u00e9lhet\u00e9s\u00e9t, eg\u00e9szs\u00e9g\u00e9t fenyegetn\u00e9&#8221;.<br \/>\n    A korm\u00e1nyp\u00e1rt szerint Br\u00fcsszel nem k\u00edn\u00e1l megold\u00e1st, \u00edgy Magyarorsz\u00e1gnak meg kell v\u00e9denie saj\u00e1t \u00e9s az Eur\u00f3pai Uni\u00f3 hat\u00e1rait.<br \/>\n    Ennek \u00e9rdek\u00e9ben \u00e9p\u00edtik a hat\u00e1rz\u00e1rat, er\u0151s\u00edtik a hat\u00e1r\u0151rizetet &#8211; k\u00f6z\u00f6lt\u00e9k, jelezve, a Fidesz rendk\u00edv\u00fcli parlamenti \u00fcl\u00e9st is kezdem\u00e9nyezett, hogy miel\u0151bb szigor\u00edthass\u00e1k a b\u00fcntet\u0151 t\u00f6rv\u00e9nyk\u00f6nyvet. \u00cdgy a hat\u00e1r t\u00f6rv\u00e9nytelen \u00e1tl\u00e9p\u00e9se, a hat\u00e1rz\u00e1r megrong\u00e1l\u00e1sa let\u00f6ltend\u0151 b\u00f6rt\u00f6nb\u00fcntet\u00e9ssel lenne szankcion\u00e1lhat\u00f3, valamint gyors \u00e9s kem\u00e9ny b\u00fcntet\u00e9s s\u00fajtan\u00e1 az embercsemp\u00e9szeket is.<br \/>\n    Hozz\u00e1tett\u00e9k tov\u00e1bb\u00e1, s\u00fcrgetik az EU \u00faj bev\u00e1ndorl\u00e1spolitik\u00e1j\u00e1t, \u00e9s k\u00e9szen \u00e1llnak arra, hogy r\u00e9szt vegyenek annak kidolgoz\u00e1s\u00e1ban.(MTI)<\/p>\n","protected":false},"excerpt":{"rendered":"<p>A Fidesz szerint Magyarorsz\u00e1gnak meg kell v\u00e9denie saj\u00e1t \u00e9s az Eur\u00f3pai Uni\u00f3 hat\u00e1rait.<\/p>\n","protected":false},"author":1,"featured_media":0,"comment_status":"open","ping_status":"closed","sticky":false,"template":"","format":"standard","meta":[],"categories":[4],"tags":[],"_links":{"self":[{"href":"https:\/\/gazdasagportal.hu\/index.php\/wp-json\/wp\/v2\/posts\/66807"}],"collection":[{"href":"https:\/\/gazdasagportal.hu\/index.php\/wp-json\/wp\/v2\/posts"}],"about":[{"href":"https:\/\/gazdasagportal.hu\/index.php\/wp-json\/wp\/v2\/types\/post"}],"author":[{"embeddable":true,"href":"https:\/\/gazdasagportal.hu\/index.php\/wp-json\/wp\/v2\/users\/1"}],"replies":[{"embeddable":true,"href":"https:\/\/gazdasagportal.hu\/index.php\/wp-json\/wp\/v2\/comments?post=66807"}],"version-history":[{"count":2,"href":"https:\/\/gazdasagportal.hu\/index.php\/wp-json\/wp\/v2\/posts\/66807\/revisions"}],"predecessor-version":[{"id":66836,"href":"https:\/\/gazdasagportal.hu\/index.php\/wp-json\/wp\/v2\/posts\/66807\/revisions\/66836"}],"wp:attachment":[{"href":"https:\/\/gazdasagportal.hu\/index.php\/wp-json\/wp\/v2\/media?parent=66807"}],"wp:term":[{"taxonomy":"category","embeddable":true,"href":"https:\/\/gazdasagportal.hu\/index.php\/wp-json\/wp\/v2\/categories?post=66807"},{"taxonomy":"post_tag","embeddable":true,"href":"https:\/\/gazdasagportal.hu\/index.php\/wp-json\/wp\/v2\/tags?post=66807"}],"curies":[{"name":"wp","href":"https:\/\/api.w.org\/{rel}","templated":true}]}}