{"id":66803,"date":"2015-08-24T14:15:35","date_gmt":"2015-08-24T12:15:35","guid":{"rendered":"http:\/\/gazdasagportal.hu\/?p=66803"},"modified":"2015-08-24T14:15:35","modified_gmt":"2015-08-24T12:15:35","slug":"a-brit-kormany-egy-even-belul-befejezi-a-lloyds-bank-reprivatizaciojat","status":"publish","type":"post","link":"https:\/\/gazdasagportal.hu\/index.php\/a-brit-kormany-egy-even-belul-befejezi-a-lloyds-bank-reprivatizaciojat\/","title":{"rendered":"A brit korm\u00e1ny egy \u00e9ven bel\u00fcl befejezi a Lloyds bank reprivatiz\u00e1ci\u00f3j\u00e1t"},"content":{"rendered":"<p><strong>A brit korm\u00e1ny h\u00e9tf\u0151n megv\u00e1lt a Lloyds bankcsoportban birtokolt r\u00e9szesed\u00e9s\u00e9nek \u00fajabb h\u00e1nyad\u00e1t\u00f3l, \u00edgy a p\u00e9nzint\u00e9zet kevesebb mint 13 sz\u00e1zal\u00e9ka van m\u00e1r csak \u00e1llami tulajdonban. George Osborne p\u00e9nz\u00fcgyminiszter t\u00e1j\u00e9koztat\u00e1sa szerint \u00fagy tervezik, hogy egy \u00e9ven bel\u00fcl befejezik a bankcsoport reprivatiz\u00e1ci\u00f3j\u00e1t.<\/strong><!--more--><\/p>\n<p>    &#8222;Nem akarjuk, hogy az \u00e1llam r\u00e9sze legyen a bankrendszernek&#8221; &#8211; fogalmazott a politikus a BBC szerint.<br \/>\n    A konzervat\u00edv brit korm\u00e1ny csaknem k\u00e9t \u00e9ve jelentette be, hogy megkezdi a p\u00e9nz\u00fcgyi v\u00e1ls\u00e1g idej\u00e9n r\u00e9szlegesen \u00e1llamos\u00edtott nagybankok reprivatiz\u00e1ci\u00f3j\u00e1t. Az amerikai Lehman Brothers bankcsoport h\u00e9t \u00e9vvel ezel\u0151tti \u00f6sszeoml\u00e1sa ut\u00e1ni piaci p\u00e1nikban a brit korm\u00e1ny \u00e9s a brit jegybank, a Bank of England minden id\u0151k legnagyobb, garanciav\u00e1llal\u00e1sokkal egy\u00fctt \u00f6sszesen 500 milli\u00e1rd fontos bankment\u0151 programj\u00e1t ind\u00edtotta el, amelynek keret\u00e9ben \u00e9vtizedek \u00f3ta el\u0151sz\u00f6r ker\u00fcltek \u00e1llami tulajdonba brit nagybankok.<br \/>\n    Az akkor r\u00e9szlegesen \u00e1llamos\u00edtott k\u00e9t legnagyobb bank, a Royal Bank of Scotland \u00e9s a Lloyds megment\u00e9s\u00e9re k\u00f6zvetlen\u00fcl csaknem 70 milli\u00e1rd font k\u00f6lts\u00e9gvet\u00e9si t\u0151keinjekci\u00f3t ford\u00edtott a korm\u00e1ny.<br \/>\n    A reprivatiz\u00e1ci\u00f3 sor\u00e1n a Lloyds els\u0151k\u00e9nt ker\u00fclt sorra. A korm\u00e1nynak 43 sz\u00e1zal\u00e9kos r\u00e9szesed\u00e9se volt a bankcsoportban, \u00e9s 20,5 milli\u00e1rd fonttal seg\u00edtette ki a p\u00e9nzint\u00e9zetet, hogy elker\u00fclhet\u0151v\u00e9 v\u00e1ljon az \u00f6sszeoml\u00e1s. A r\u00e9szv\u00e9nyelad\u00e1sb\u00f3l eddig 14,5 milli\u00e1rd font folyt be a k\u00f6lts\u00e9gvet\u00e9sbe.<br \/>\n    A r\u00e9szlegesen \u00e1llamos\u00edtott m\u00e1sik nagybank, a Royal Bank of Scotland (RBS) reprivatiz\u00e1ci\u00f3ja csak augusztus elej\u00e9n kezd\u0151d\u00f6tt meg, \u00e9s George Osborne szerint tov\u00e1bb fog tartani. A p\u00e9nz\u00fcgyminiszter j\u00faniusban \u00fagy fogalmazott, a korm\u00e1ny az RBS-ben l\u00e9v\u0151 tulajdonr\u00e9sz\u00e9nek legal\u00e1bb h\u00e1romnegyed\u00e9t \u00e9rt\u00e9kes\u00edteni akarja az elk\u00f6vetkez\u0151 \u00f6t \u00e9vben. A brit korm\u00e1ny r\u00e9szesed\u00e9se az augusztus eleji elad\u00e1ssal 73,2 sz\u00e1zal\u00e9kra cs\u00f6kkent az addigi 78,3 sz\u00e1zal\u00e9kr\u00f3l. A korm\u00e1ny 2008-ban 45,8 milli\u00e1rd fonttal seg\u00edtette ki az RBS-t.(MTI)<\/p>\n","protected":false},"excerpt":{"rendered":"<p>A brit korm\u00e1ny h\u00e9tf\u0151n megv\u00e1lt a Lloyds bankcsoportban birtokolt r\u00e9szesed\u00e9s\u00e9nek \u00fajabb h\u00e1nyad\u00e1t\u00f3l, \u00edgy a p\u00e9nzint\u00e9zet kevesebb mint 13 sz\u00e1zal\u00e9ka van m\u00e1r csak \u00e1llami tulajdonban. George Osborne p\u00e9nz\u00fcgyminiszter t\u00e1j\u00e9koztat\u00e1sa szerint \u00fagy tervezik, hogy egy \u00e9ven bel\u00fcl befejezik a bankcsoport reprivatiz\u00e1ci\u00f3j\u00e1t.<\/p>\n","protected":false},"author":1,"featured_media":0,"comment_status":"open","ping_status":"closed","sticky":false,"template":"","format":"standard","meta":[],"categories":[8],"tags":[],"_links":{"self":[{"href":"https:\/\/gazdasagportal.hu\/index.php\/wp-json\/wp\/v2\/posts\/66803"}],"collection":[{"href":"https:\/\/gazdasagportal.hu\/index.php\/wp-json\/wp\/v2\/posts"}],"about":[{"href":"https:\/\/gazdasagportal.hu\/index.php\/wp-json\/wp\/v2\/types\/post"}],"author":[{"embeddable":true,"href":"https:\/\/gazdasagportal.hu\/index.php\/wp-json\/wp\/v2\/users\/1"}],"replies":[{"embeddable":true,"href":"https:\/\/gazdasagportal.hu\/index.php\/wp-json\/wp\/v2\/comments?post=66803"}],"version-history":[{"count":1,"href":"https:\/\/gazdasagportal.hu\/index.php\/wp-json\/wp\/v2\/posts\/66803\/revisions"}],"predecessor-version":[{"id":66804,"href":"https:\/\/gazdasagportal.hu\/index.php\/wp-json\/wp\/v2\/posts\/66803\/revisions\/66804"}],"wp:attachment":[{"href":"https:\/\/gazdasagportal.hu\/index.php\/wp-json\/wp\/v2\/media?parent=66803"}],"wp:term":[{"taxonomy":"category","embeddable":true,"href":"https:\/\/gazdasagportal.hu\/index.php\/wp-json\/wp\/v2\/categories?post=66803"},{"taxonomy":"post_tag","embeddable":true,"href":"https:\/\/gazdasagportal.hu\/index.php\/wp-json\/wp\/v2\/tags?post=66803"}],"curies":[{"name":"wp","href":"https:\/\/api.w.org\/{rel}","templated":true}]}}