{"id":66588,"date":"2015-08-20T03:44:03","date_gmt":"2015-08-20T01:44:03","guid":{"rendered":"http:\/\/gazdasagportal.hu\/?p=66588"},"modified":"2015-08-19T22:51:12","modified_gmt":"2015-08-19T20:51:12","slug":"illegalis-bevandorlas-surgos-eljarassal-fogadhatjak-el-a-btk-szigoritasat","status":"publish","type":"post","link":"https:\/\/gazdasagportal.hu\/index.php\/illegalis-bevandorlas-surgos-eljarassal-fogadhatjak-el-a-btk-szigoritasat\/","title":{"rendered":"Illeg\u00e1lis bev\u00e1ndorl\u00e1s &#8211; S\u00fcrg\u0151s elj\u00e1r\u00e1ssal fogadhatj\u00e1k el a Btk. szigor\u00edt\u00e1s\u00e1t"},"content":{"rendered":"<p><strong>S\u00fcrg\u0151s elj\u00e1r\u00e1sban fogadhatja el a parlament a b\u00fcntet\u0151 t\u00f6rv\u00e9nyk\u00f6nyv (Btk.) illeg\u00e1lis bev\u00e1ndorl\u00e1ssal \u00f6sszef\u00fcgg\u0151 szigor\u00edt\u00e1s\u00e1t, a Fidesz \u00e9s a KDNP szeptember 3-\u00e1ra \u00e9s 4-\u00e9re javasolja \u00f6sszeh\u00edvni az Orsz\u00e1ggy\u0171l\u00e9st.<\/strong><!--more--><\/p>\n<div class=\"ads-in-post1\"><div id=\"gazdasagportal.hu_fullbanner_wideboard\"><\/div>\r\n<\/div>\n<p>    Rog\u00e1n Antal, a Fidesz frakci\u00f3vezet\u0151je szerdai budapesti sajt\u00f3t\u00e1j\u00e9koztat\u00f3j\u00e1n azt hangoztatta: legyen let\u00f6ltend\u0151 b\u00f6rt\u00f6nb\u00fcntet\u00e9ssel szankcion\u00e1lhat\u00f3 b\u0171ncselekm\u00e9ny a hat\u00e1r t\u00f6rv\u00e9nytelen \u00e1tl\u00e9p\u00e9se, a hat\u00e1rz\u00e1r megrong\u00e1l\u00e1sa, \u00e9s szabjanak ki k\u00fcl\u00f6n\u00f6sen p\u00e9ld\u00e1s b\u00fcntet\u00e9st, gyors b\u00edr\u00f3s\u00e1gi elj\u00e1r\u00e1sban az embercsemp\u00e9szekkel szemben.<br \/>\n    A korm\u00e1nyp\u00e1rti k\u00e9pvisel\u0151csoport vezet\u0151je a szigor\u00edt\u00e1st azzal indokolta, hogy Magyarorsz\u00e1gon \u00e1tl\u00e9pte a 130 ezret a t\u00f6rv\u00e9nytelen\u00fcl bel\u00e9p\u0151k sz\u00e1ma, \u00e9s az Eur\u00f3pai Uni\u00f3t\u00f3l sem \u00e9rkezik \u00e9rdemi seg\u00edts\u00e9g, Magyarorsz\u00e1gnak mag\u00e1nak kell megv\u00e9denie hat\u00e1rait. A hat\u00f3s\u00e1gok visszajelz\u00e9seire hivatkozva azt is elmondta, hogy a hat\u00e1rs\u00e9rt\u0151k egyre k\u00f6vetel\u0151z\u0151bbek \u00e9s agressz\u00edvabbak vel\u00fck szemben.<br \/>\n    A Btk. m\u00f3dos\u00edt\u00e1s\u00e1t az igazs\u00e1g\u00fcgyi \u00e9s a bel\u00fcgyi t\u00e1rca dolgozza ki \u00e9s terjeszti a H\u00e1z el\u00e9 &#8211; mondta, jelezve, hogy a parlament \u00f6sszeh\u00edv\u00e1s\u00e1hoz a k\u00e9t korm\u00e1nyp\u00e1rti frakci\u00f3 megteszi a sz\u00fcks\u00e9ges l\u00e9p\u00e9seket.<br \/>\n    Rog\u00e1n Antal azt is elmondta: a rendk\u00edv\u00fcli \u00fcl\u00e9sen javasolj\u00e1k elfogadni azt is, hogy t\u00f6r\u00f6lj\u00e9k el az ad\u00f3azonos\u00edt\u00f3 jel sz\u00fcks\u00e9gess\u00e9g\u00e9t a gyermekek ut\u00e1ni ad\u00f3kedvezm\u00e9nyek ig\u00e9nybe v\u00e9tel\u00e9hez. Janu\u00e1r 1. ut\u00e1n csak ennek birtok\u00e1ban lehetett volna k\u00e9rni a csal\u00e1di ad\u00f3kedvezm\u00e9nyt, azonban m\u00e9g mintegy 200 ezren nem rendelkeznek vele.<br \/>\n    A Nagycsal\u00e1dosok Orsz\u00e1gos Egyes\u00fclete egy konzult\u00e1ci\u00f3n felesleges b\u00fcrokratikus tehernek min\u0151s\u00edtette az ad\u00f3azonos\u00edt\u00f3 jel sz\u00fcks\u00e9gess\u00e9g\u00e9t, \u00edgy a korm\u00e1nyp\u00e1rti frakci\u00f3k a k\u00f6telezetts\u00e9g elt\u00f6rl\u00e9s\u00e9re tesznek javaslatot &#8211; tette hozz\u00e1.<br \/>\n    A fideszes politikus azt is kiemelte: ezt csak akkor tudja elfogadni a parlament, ha a korm\u00e1nyp\u00e1rtok megkapj\u00e1k az ellenz\u00e9k t\u00e1mogat\u00e1s\u00e1t.<br \/>\n    Viszonylag kev\u00e9s s\u00fcrg\u0151ss\u00e9gi elj\u00e1r\u00e1sra ny\u00edlik lehet\u0151s\u00e9g, \u00edgy ha az ellenz\u00e9k nem t\u00e1mogatja a Btk. szigor\u00edt\u00e1s\u00e1t, akkor a Fidesz \u00e9s a KDNP k\u00e9pvisel\u0151csoportja k\u00e9rni fogja a s\u00fcrg\u0151ss\u00e9gi t\u00e1rgyal\u00e1st, a szigor\u00edt\u00e1sr\u00f3l mindenk\u00e9ppen szavazni fognak. Ellenz\u00e9ki t\u00e1mogat\u00e1s hi\u00e1ny\u00e1ban a gyermekesek ut\u00e1ni kedvezm\u00e9nyt \u00e9rint\u0151 ind\u00edtv\u00e1nynak csak a t\u00e1rgyal\u00e1s\u00e1t tudj\u00e1k megkezdeni, szavaz\u00e1s pedig a parlament k\u00e9s\u0151bbi rendes \u00fcl\u00e9s\u00e9n lehet &#8211; fejtette ki.<br \/>\n    A korm\u00e1nyp\u00e1rti politikus a t\u00e1j\u00e9koztat\u00f3n rendk\u00edv\u00fcl fontos d\u00f6nt\u00e9snek min\u0151s\u00edtette az aut\u00f3- \u00e9s fogyaszt\u00e1si hitelek forintos\u00edt\u00e1s\u00e1t, ami szavai szerint a csal\u00e1doknak \u00e9s Magyarorsz\u00e1gnak is j\u00f3.<br \/>\n    Megt\u00f6rt\u00e9nhet a devizahitelek v\u00e9gleges kivezet\u00e9se, megsz\u0171nik az \u00e1rfolyamkock\u00e1zat &#8211; \u00f6sszegzett. \u00dcdv\u00f6z\u00f6lte azt is, hogy piaci \u00e1rfolyamon, de a jelenlegi piaci felt\u00e9telekn\u00e9l kedvez\u0151bben megy a forintos\u00edt\u00e1s. P\u00e9ldak\u00e9nt hozta, hogy minden sv\u00e1jci frank ut\u00e1n 31 forint t\u00e1mogat\u00e1st ad az \u00e1llam \u00e9s a Banksz\u00f6vets\u00e9g, \u00e9s a legt\u00f6bb ad\u00f3s tehercs\u00f6kken\u00e9ssel kalkul\u00e1lhat.<br \/>\n    Rog\u00e1n Antal kit\u00e9rt arra is, hogy bankok elsz\u00e1moltat\u00e1s\u00e1nak \u00fajabb szakaszak\u00e9nt augusztus v\u00e9g\u00e9ig a forinthiteles \u00fcgyfelek is megkapj\u00e1k az elsz\u00e1mol\u00f3 leveleket, \u00e9s visszaj\u00e1rnak az indokolatlanul felsz\u00e1molt k\u00f6lts\u00e9gek. A folyamatr\u00f3l a parlament gazdas\u00e1gi bizotts\u00e1ga r\u00e9szletesen t\u00e1j\u00e9koz\u00f3dik majd.<br \/>\n    A frakci\u00f3vezet\u0151t k\u00e9rdezt\u00e9k az amerikai fegyverek Magyarorsz\u00e1gra telep\u00edt\u00e9s\u00e9r\u0151l sz\u00f3l\u00f3 sajt\u00f3h\u00edrekr\u0151l is. Azt felelte: nem tud r\u00f3la, hogy a korm\u00e1ny ilyen hivatalos felk\u00e9r\u00e9sr\u0151l d\u00f6nt\u00f6tt volna, \u00e9s a parlamenti bizotts\u00e1gokat sem t\u00e1j\u00e9koztatt\u00e1k err\u0151l.<br \/>\n    Megk\u00e9rdezt\u00e9k arr\u00f3l is, mi a v\u00e9lem\u00e9nye Boross P\u00e9ter Magyar H\u00edrlapnak adott interj\u00faj\u00e1r\u00f3l, amelyben a volt minisztereln\u00f6k egyebek mellett azt mondta: &#8222;a bev\u00e1ndorl\u00e1s nem kultur\u00e1lis \u00e9s civiliz\u00e1ci\u00f3s, hanem etnikai probl\u00e9ma. Ugyanis k\u00fcl\u00f6nb\u00f6z\u0151 nyelv\u0171 n\u00e9pek, az eur\u00f3pait\u00f3l elt\u00e9r\u0151 b\u0151rsz\u00edn\u0171 emberek \u00e9rkeznek milli\u00f3sz\u00e1mra Eur\u00f3p\u00e1ba.&#8221;<br \/>\n    Rog\u00e1n Antal azt v\u00e1laszolta: a nyilatkozatot nem olvasta. Mint mondta, Magyarorsz\u00e1gon is vannak, akik elt\u00e9r\u0151 b\u0151rsz\u00ednnel, fizikai vagy szellem adotts\u00e1gokkal sz\u00fcletnek, ezeket tiszteletben kell tartani. A bev\u00e1ndorl\u00f3k eset\u00e9ben a t\u00f6rv\u00e9nyek tudatos kij\u00e1tsz\u00e1s\u00e1t nevezte meg probl\u00e9mak\u00e9nt, utalva arra, hogy Magyarorsz\u00e1gra t\u00f6rv\u00e9nyesen is be lehet l\u00e9pni, a bev\u00e1ndorl\u00f3k 99,9 sz\u00e1zal\u00e9ka viszont a z\u00f6ldhat\u00e1ron teszi ezt meg.(MTI)<\/p>\n","protected":false},"excerpt":{"rendered":"<p>S\u00fcrg\u0151s elj\u00e1r\u00e1sban fogadhatja el a parlament a b\u00fcntet\u0151 t\u00f6rv\u00e9nyk\u00f6nyv (Btk.) illeg\u00e1lis bev\u00e1ndorl\u00e1ssal \u00f6sszef\u00fcgg\u0151 szigor\u00edt\u00e1s\u00e1t, a Fidesz \u00e9s a KDNP szeptember 3-\u00e1ra \u00e9s 4-\u00e9re javasolja \u00f6sszeh\u00edvni az Orsz\u00e1ggy\u0171l\u00e9st.<\/p>\n","protected":false},"author":1,"featured_media":0,"comment_status":"open","ping_status":"closed","sticky":false,"template":"","format":"standard","meta":[],"categories":[4],"tags":[],"_links":{"self":[{"href":"https:\/\/gazdasagportal.hu\/index.php\/wp-json\/wp\/v2\/posts\/66588"}],"collection":[{"href":"https:\/\/gazdasagportal.hu\/index.php\/wp-json\/wp\/v2\/posts"}],"about":[{"href":"https:\/\/gazdasagportal.hu\/index.php\/wp-json\/wp\/v2\/types\/post"}],"author":[{"embeddable":true,"href":"https:\/\/gazdasagportal.hu\/index.php\/wp-json\/wp\/v2\/users\/1"}],"replies":[{"embeddable":true,"href":"https:\/\/gazdasagportal.hu\/index.php\/wp-json\/wp\/v2\/comments?post=66588"}],"version-history":[{"count":1,"href":"https:\/\/gazdasagportal.hu\/index.php\/wp-json\/wp\/v2\/posts\/66588\/revisions"}],"predecessor-version":[{"id":66589,"href":"https:\/\/gazdasagportal.hu\/index.php\/wp-json\/wp\/v2\/posts\/66588\/revisions\/66589"}],"wp:attachment":[{"href":"https:\/\/gazdasagportal.hu\/index.php\/wp-json\/wp\/v2\/media?parent=66588"}],"wp:term":[{"taxonomy":"category","embeddable":true,"href":"https:\/\/gazdasagportal.hu\/index.php\/wp-json\/wp\/v2\/categories?post=66588"},{"taxonomy":"post_tag","embeddable":true,"href":"https:\/\/gazdasagportal.hu\/index.php\/wp-json\/wp\/v2\/tags?post=66588"}],"curies":[{"name":"wp","href":"https:\/\/api.w.org\/{rel}","templated":true}]}}