{"id":66568,"date":"2015-08-19T17:34:32","date_gmt":"2015-08-19T15:34:32","guid":{"rendered":"http:\/\/gazdasagportal.hu\/?p=66568"},"modified":"2015-08-19T14:16:24","modified_gmt":"2015-08-19T12:16:24","slug":"gorog-adossag-felelotlenseg-lenne-megfosztani-gorogorszagot-az-ujrakezdes-eselyetol","status":"publish","type":"post","link":"https:\/\/gazdasagportal.hu\/index.php\/gorog-adossag-felelotlenseg-lenne-megfosztani-gorogorszagot-az-ujrakezdes-eselyetol\/","title":{"rendered":"G\u00f6r\u00f6g ad\u00f3ss\u00e1g &#8211; Felel\u0151tlens\u00e9g lenne megfosztani G\u00f6r\u00f6gorsz\u00e1got az \u00fajrakezd\u00e9s es\u00e9ly\u00e9t\u0151l"},"content":{"rendered":"<p><strong>Az ut\u00f3bbi h\u00f3napok fejlem\u00e9nyei ut\u00e1n nem k\u00f6nny\u0171 ism\u00e9t bizalmat szavazni \u00e9s t\u00f6bb t\u00edzmilli\u00e1rd eur\u00f3val t\u00e1mogatni az ath\u00e9ni vezet\u00e9st, de felel\u0151tlens\u00e9g lenne megfosztani G\u00f6r\u00f6gorsz\u00e1got az \u00fajrakezd\u00e9s es\u00e9ly\u00e9t\u0151l &#8211; mondta a n\u00e9met p\u00e9nz\u00fcgyminiszter szerd\u00e1n a t\u00f6rv\u00e9nyhoz\u00e1s als\u00f3h\u00e1z\u00e1nak (Bundestag) rendk\u00edv\u00fcli \u00fcl\u00e9s\u00e9n, amelyen az \u00faj p\u00e9nz\u00fcgyi ment\u0151csomagr\u00f3l d\u00f6ntenek.<\/strong><!--more--><\/p>\n<div class=\"ads-in-post1\"><div id=\"gazdasagportal.hu_fullbanner_wideboard\"><\/div>\r\n<\/div>\n<p>    Wolfgang Sch\u00e4uble a n\u00e9met korm\u00e1ny \u00e1ll\u00e1spontj\u00e1t v\u00e1zol\u00f3 besz\u00e9d\u00e9ben kiemelte, hogy az \u00f6t\u00f6dik \u00e9ve tart\u00f3 g\u00f6r\u00f6g \u00e1llamad\u00f3ss\u00e1g-v\u00e1ls\u00e1g kezel\u00e9s\u00e9nek tapasztalatai alapj\u00e1n &#8222;term\u00e9szetesen nincs garancia&#8221; arra, hogy az \u00faj program hat\u00e1sos lesz, &#8222;k\u00e9telkedni pedig mindig szabad&#8221;.<br \/>\n    Ugyanakkor \u00e9rdemes m\u00e9lt\u00e1nyolni, hogy a radik\u00e1lis baloldali Sziriza vezette g\u00f6r\u00f6g korm\u00e1ny hozz\u00e1\u00e1ll\u00e1sa j\u00falius k\u00f6zepe \u00f3ta pozit\u00edv ir\u00e1nyban v\u00e1ltozott, \u00e9s a g\u00f6r\u00f6g t\u00f6rv\u00e9nyhoz\u00e1s a v\u00e1ls\u00e1gkezel\u00e9s t\u00f6rt\u00e9net\u00e9ben most el\u0151sz\u00f6r m\u00e1r a ment\u0151hitelek kifizet\u00e9se el\u0151tt elfogadott egy sor fontos, m\u00e9lyrehat\u00f3 reformot, egyebek mellett az ad\u00f3-, a nyugd\u00edj- \u00e9s az eg\u00e9szs\u00e9g\u00fcgyi ell\u00e1t\u00f3rendszer, valamint a korrupci\u00f3 elleni k\u00fczdelem ter\u00fclet\u00e9n &#8211; mondta a konzervat\u00edv CDU politikusa.<br \/>\n    Az eur\u00f3\u00f6vezeti p\u00e9nz\u00fcgyminiszterek megel\u00e9ged\u00e9ssel fogadt\u00e1k az ath\u00e9ni vezet\u00e9s ir\u00e1nyv\u00e1lt\u00e1s\u00e1t, \u00e9s amikor az el\u0151z\u0151 h\u00e9ten p\u00e9nteken Br\u00fcsszelben elfogadt\u00e1k a nemzetk\u00f6zi hitelez\u0151k \u00e9s a g\u00f6r\u00f6g korm\u00e1ny meg\u00e1llapod\u00e1s\u00e1t, a p\u00e9nz\u00fcgyminiszteri tan\u00e1csban senkinek sem volt k\u00e9ts\u00e9ge azzal kapcsolatban, hogy az \u00faj program megval\u00f3s\u00edthat\u00f3 \u00e9s kivezetheti G\u00f6r\u00f6gorsz\u00e1got a v\u00e1ls\u00e1gb\u00f3l &#8211; tette hozz\u00e1 Wolfgang Sch\u00e4uble.<br \/>\n    Az el\u0151\u00edrt reformok v\u00e9grehajt\u00e1s\u00e1t rendszeresen ellen\u0151rzik, \u00e9s a hiteleket mindig csak a v\u00e1llal\u00e1sok teljes\u00edt\u00e9se ut\u00e1n utalj\u00e1k \u00e1t a g\u00f6r\u00f6g korm\u00e1nynak &#8211; mutatott r\u00e1 a n\u00e9met p\u00e9nz\u00fcgyminiszter.<br \/>\n    Hozz\u00e1tette, hogy a Nemzetk\u00f6zi Valutaalap (IMF) m\u00e1r okt\u00f3berben csatlakozhat az \u00faj programhoz. A g\u00f6r\u00f6g \u00e1llamad\u00f3ss\u00e1g t\u00f6rleszt\u00e9s\u00e9nek fenntarthat\u00f3s\u00e1g\u00e1t biztos\u00edtani lehet az IMF elv\u00e1r\u00e1s\u00e1nak megfelel\u0151en, m\u00e9ghozz\u00e1 an\u00e9lk\u00fcl, hogy az ad\u00f3ss\u00e1g valamely r\u00e9sz\u00e9t elengedn\u00e9k vagy le\u00edrn\u00e1k, ez ugyanis az eur\u00f3\u00f6vezet m\u0171k\u00f6d\u00e9s\u00e9t szab\u00e1lyoz\u00f3 el\u0151\u00edr\u00e1sok alapj\u00e1n nem lehets\u00e9ges. \u00c9ppen ez\u00e9rt m\u00e1s t\u00edpus\u00fa k\u00f6nny\u00edt\u00e9sekr\u0151l, a t\u00f6rleszt\u00e9si futamid\u0151r\u0151l \u00e9s a hitelek kamatoz\u00e1s\u00e1r\u00f3l t\u00e1rgyalnak majd, mert ezekben a k\u00e9rd\u00e9sekben van m\u00e9g n\u00e9mi &#8222;korl\u00e1tozott mozg\u00e1st\u00e9r&#8221; &#8211; mondta Wolfgang Sch\u00e4uble.<br \/>\n    A CDU\/CSU p\u00e1rtsz\u00f6vets\u00e9ggel korm\u00e1nyz\u00f3 szoci\u00e1ldemokrat\u00e1k (SPD) frakci\u00f3vezet\u0151je, Thomas Oppermann a vit\u00e1ban kiemelte, hogy a harmadik g\u00f6r\u00f6g ment\u0151program &#8222;\u00faj min\u0151s\u00e9get&#8221; k\u00e9pvisel, mert a k\u00f6z\u00e9ppontj\u00e1ban nem a p\u00e9nz\u00fcgyi seg\u00edts\u00e9g \u00e1ll, hanem &#8222;az \u00e1llam, a gazdas\u00e1g \u00e9s a t\u00e1rsadalom \u00e1t\u00e9p\u00edt\u00e9se&#8221;, korszer\u0171s\u00edt\u00e9se, \u00e9s ez\u00e9rt \u00e9rdemes a Bundestag t\u00e1mogat\u00e1s\u00e1ra.<br \/>\n    A Baloldal vez\u00e9rsz\u00f3noka, Gregor Gysi frakci\u00f3vezet\u0151 kijelentette, hogy a legnagyobb ellenz\u00e9ki p\u00e1rt k\u00e9pvisel\u0151i egys\u00e9gesen elutas\u00edtj\u00e1k a harmadik g\u00f6r\u00f6g programot, mert az szerint\u00fck m\u00e9g s\u00falyosabb v\u00e1ls\u00e1gba sodorja a g\u00f6r\u00f6g lakoss\u00e1got.<br \/>\n    Az ellenz\u00e9ki oldal m\u00e1sik p\u00e1rtja, a Z\u00f6ldek r\u00e9sz\u00e9r\u0151l Anton Hofreiter frakci\u00f3vezet\u0151 kifejtette, hogy t\u00e1mogatj\u00e1k az \u00faj programot, de csak az\u00e9rt, mert a g\u00f6r\u00f6g \u00e1llam k\u00fcls\u0151 t\u00e1mogat\u00e1s n\u00e9lk\u00fcl \u00f6sszeomlik \u00e9s humanit\u00e1rius v\u00e1ls\u00e1g keletkezik, ami a g\u00f6r\u00f6g lakoss\u00e1g szenved\u00e9se mellett azzal j\u00e1rna, hogy N\u00e9metorsz\u00e1gnak az eddigin\u00e9l is nagyobb p\u00e9nz\u00fcgyi t\u00e1mogat\u00e1st kellene ny\u00fajtania az d\u00e9l-eur\u00f3pai orsz\u00e1gnak.<br \/>\n    A 631 f\u0151s Bundestag a vita ut\u00e1n, kora d\u00e9lut\u00e1n szavaz majd a korm\u00e1ny el\u0151terjeszt\u00e9s\u00e9r\u0151l, miszerint N\u00e9metorsz\u00e1g r\u00e9szt vesz a 86 milli\u00e1rd eur\u00f3s hitelprogramban, amelyben a n\u00e9met r\u00e9szesed\u00e9s 23,2 milli\u00e1rd eur\u00f3.<br \/>\n    A k\u00e9pvisel\u0151k v\u00e1rhat\u00f3an nagy t\u00f6bbs\u00e9ggel fogadj\u00e1k majd el az ind\u00edtv\u00e1nyt. Az SPD \u00e9s a Z\u00f6ldek frakci\u00f3ja v\u00e1rhat\u00f3an egys\u00e9gesen igennel szavaz, a CDU\/CSU-frakci\u00f3ban pedig az eddigin\u00e9l kevesebben szavaznak nemmel. A 311 f\u0151s konzervat\u00edv frakci\u00f3ban a kedd esti pr\u00f3baszavaz\u00e1son 56-an voksoltak nemmel \u00e9s n\u00e9gyen tart\u00f3zkodtak. Amikor j\u00falius k\u00f6zep\u00e9n a Bundestagban arr\u00f3l szavaztak, hogy a korm\u00e1ny elkezdheti-e a t\u00e1rgyal\u00e1sokat a harmadik ment\u0151programr\u00f3l, a konzervat\u00edvok k\u00f6z\u00fcl m\u00e9g 60-an voksoltak nemmel \u00e9s \u00f6ten tart\u00f3zkodtak.(MTI)<\/p>\n","protected":false},"excerpt":{"rendered":"<p>Az ut\u00f3bbi h\u00f3napok fejlem\u00e9nyei ut\u00e1n nem k\u00f6nny\u0171 ism\u00e9t bizalmat szavazni \u00e9s t\u00f6bb t\u00edzmilli\u00e1rd eur\u00f3val t\u00e1mogatni az ath\u00e9ni vezet\u00e9st, de felel\u0151tlens\u00e9g lenne megfosztani G\u00f6r\u00f6gorsz\u00e1got az \u00fajrakezd\u00e9s es\u00e9ly\u00e9t\u0151l &#8211; mondta a n\u00e9met p\u00e9nz\u00fcgyminiszter szerd\u00e1n a t\u00f6rv\u00e9nyhoz\u00e1s als\u00f3h\u00e1z\u00e1nak (Bundestag) rendk\u00edv\u00fcli \u00fcl\u00e9s\u00e9n, amelyen az \u00faj p\u00e9nz\u00fcgyi ment\u0151csomagr\u00f3l d\u00f6ntenek.<\/p>\n","protected":false},"author":1,"featured_media":0,"comment_status":"open","ping_status":"closed","sticky":false,"template":"","format":"standard","meta":[],"categories":[246],"tags":[],"_links":{"self":[{"href":"https:\/\/gazdasagportal.hu\/index.php\/wp-json\/wp\/v2\/posts\/66568"}],"collection":[{"href":"https:\/\/gazdasagportal.hu\/index.php\/wp-json\/wp\/v2\/posts"}],"about":[{"href":"https:\/\/gazdasagportal.hu\/index.php\/wp-json\/wp\/v2\/types\/post"}],"author":[{"embeddable":true,"href":"https:\/\/gazdasagportal.hu\/index.php\/wp-json\/wp\/v2\/users\/1"}],"replies":[{"embeddable":true,"href":"https:\/\/gazdasagportal.hu\/index.php\/wp-json\/wp\/v2\/comments?post=66568"}],"version-history":[{"count":1,"href":"https:\/\/gazdasagportal.hu\/index.php\/wp-json\/wp\/v2\/posts\/66568\/revisions"}],"predecessor-version":[{"id":66569,"href":"https:\/\/gazdasagportal.hu\/index.php\/wp-json\/wp\/v2\/posts\/66568\/revisions\/66569"}],"wp:attachment":[{"href":"https:\/\/gazdasagportal.hu\/index.php\/wp-json\/wp\/v2\/media?parent=66568"}],"wp:term":[{"taxonomy":"category","embeddable":true,"href":"https:\/\/gazdasagportal.hu\/index.php\/wp-json\/wp\/v2\/categories?post=66568"},{"taxonomy":"post_tag","embeddable":true,"href":"https:\/\/gazdasagportal.hu\/index.php\/wp-json\/wp\/v2\/tags?post=66568"}],"curies":[{"name":"wp","href":"https:\/\/api.w.org\/{rel}","templated":true}]}}