{"id":66562,"date":"2015-08-19T16:50:44","date_gmt":"2015-08-19T14:50:44","guid":{"rendered":"http:\/\/gazdasagportal.hu\/?p=66562"},"modified":"2015-08-19T14:08:57","modified_gmt":"2015-08-19T12:08:57","slug":"stabil-a-keresetek-emelkedese-az-elemzok-szerint","status":"publish","type":"post","link":"https:\/\/gazdasagportal.hu\/index.php\/stabil-a-keresetek-emelkedese-az-elemzok-szerint\/","title":{"rendered":"Stabil a keresetek emelked\u00e9se az elemz\u0151k szerint"},"content":{"rendered":"<p><strong>A versenyszf\u00e9r\u00e1ban az eddigi trendnek megfelel\u0151en n\u0151ttek a rendszeres b\u00e9rek az ING vezet\u0151 elemz\u0151je szerint; a Takar\u00e9kbank elemz\u0151je kiemelte, hogy a re\u00e1lb\u00e9rek n\u00f6veked\u00e9si \u00fcteme az infl\u00e1ci\u00f3 \u00e9l\u00e9nk\u00fcl\u00e9se miatt lassulhat.<\/strong><!--more--><\/p>\n<div class=\"ads-in-post1\"><div id=\"gazdasagportal.hu_fullbanner_wideboard\"><\/div>\r\n<\/div>\n<p>    A K\u00f6zponti Statisztikai Hivatal (KSH) szerd\u00e1n k\u00f6z\u00f6lt adatai szerint j\u00faniusban 3,6 sz\u00e1zal\u00e9kkal n\u0151ttek a brutt\u00f3 \u00e1tlagkeresetek az egy \u00e9vvel kor\u00e1bbiakhoz k\u00e9pest, a k\u00f6zfoglalkoztatottak n\u00e9lk\u00fcl sz\u00e1m\u00edtva 4,7 sz\u00e1zal\u00e9kos volt a n\u00f6veked\u00e9s. Az els\u0151 f\u00e9l \u00e9vben mind a brutt\u00f3, mind a nett\u00f3 \u00e1tlagkeresetek 3,5 sz\u00e1zal\u00e9kkal emelkedtek, a k\u00f6zfoglalkoztatottak n\u00e9lk\u00fcl sz\u00e1m\u00edtva 3,4 sz\u00e1zal\u00e9kkal n\u0151ttek.<br \/>\n    Balatoni Andr\u00e1s, az ING vezet\u0151 elemz\u0151je k\u00f6z\u00f6lte, a k\u00f6zfoglalkoztatottak torz\u00edt\u00f3 hat\u00e1s\u00e1t kisz\u0171r\u0151 adatok alapj\u00e1n a versenyszektorban stabil a rendszeres b\u00e9rek emelked\u00e9se, nincsenek nagyobb kileng\u00e9sek 2013 \u00f3ta.<br \/>\n    Az adatok szerint a b\u00e9rdinamika l\u00e9nyegesen nem v\u00e1ltozott a versenyszf\u00e9r\u00e1ban, nem lass\u00edtotta le az alacsony infl\u00e1ci\u00f3, de az egyre feszesebb\u00e9 v\u00e1l\u00f3 munkaer\u0151piac sem gyors\u00edtotta &#8211; fogalmazott.<br \/>\n    Az elemz\u0151 kiemelte, hogy n\u0151 a foglalkoztat\u00e1s az els\u0151dleges munkaer\u0151piacon, nemcsak a k\u00f6zfoglalkoztatottak sz\u00e1ma b\u0151v\u00fcl, hanem az alkalmaz\u00e1sban \u00e1ll\u00f3k l\u00e9tsz\u00e1ma is.<br \/>\n    Suppan Gergely, a Takar\u00e9kbank elemz\u0151je az MTI-hez eljuttatott komment\u00e1rj\u00e1ban kiemelte: tavaly 3 sz\u00e1zal\u00e9kkal emelkedtek a brutt\u00f3 \u00e9s nett\u00f3 b\u00e9rek, azonban a k\u00f6zfoglalkoztatottak n\u00e9lk\u00fcl a b\u00e9rn\u00f6veked\u00e9s 4,9 sz\u00e1zal\u00e9kos volt, ami a tavalyi m\u00ednusz 0,2 sz\u00e1zal\u00e9kos infl\u00e1ci\u00f3 mellett 5 sz\u00e1zal\u00e9kot kiss\u00e9 meghalad\u00f3 re\u00e1lb\u00e9r-n\u00f6veked\u00e9st eredm\u00e9nyezett.<br \/>\n    A szak\u00e9rt\u0151 szerint az id\u00e9n 4 sz\u00e1zal\u00e9k k\u00f6r\u00fcli \u00e1tlagos b\u00e9rn\u00f6veked\u00e9s v\u00e1rhat\u00f3, \u00e9s a 0,3 sz\u00e1zal\u00e9k k\u00f6r\u00fcli infl\u00e1ci\u00f3 hat\u00e1s\u00e1ra 3,5 sz\u00e1zal\u00e9kkal n\u0151hetnek a re\u00e1lb\u00e9rek.<br \/>\n    A re\u00e1lb\u00e9rek n\u00f6veked\u00e9si \u00fcteme az \u00e9v v\u00e9ge fel\u00e9 az infl\u00e1ci\u00f3 \u00e9l\u00e9nk\u00fcl\u00e9se miatt lassulhat, annak ellen\u00e9re, hogy a m\u00e1sodik f\u00e9l\u00e9vben kiss\u00e9 gyorsulhat a brutt\u00f3 b\u00e9rek n\u00f6veked\u00e9si \u00fcteme &#8211; tette hozz\u00e1.<br \/>\n    J\u00f6v\u0151re szint\u00e9n 4 sz\u00e1zal\u00e9kos brutt\u00f3 b\u00e9rn\u00f6veked\u00e9sre sz\u00e1m\u00edt az elemz\u0151, ami az ad\u00f3v\u00e1ltoz\u00e1sok miatt 5,5 sz\u00e1zal\u00e9kos nett\u00f3 b\u00e9rn\u00f6veked\u00e9st eredm\u00e9nyezhet, \u00edgy a j\u00f6v\u0151re v\u00e1rt 2,5 sz\u00e1zal\u00e9kos infl\u00e1ci\u00f3 mellett 3 sz\u00e1zal\u00e9kkal emelkedhet a nett\u00f3 re\u00e1lb\u00e9r.<br \/>\n    Suppan Gergely szerint id\u00e9n a re\u00e1lb\u00e9rek \u00e9s a foglalkoztat\u00e1s folytat\u00f3d\u00f3 n\u00f6veked\u00e9se mellett a devizahitelek elsz\u00e1mol\u00e1sa n\u00f6veli a h\u00e1ztart\u00e1sok elk\u00f6lthet\u0151 j\u00f6vedelm\u00e9t, \u00edgy ebben az \u00e9vben a h\u00e1ztart\u00e1sok fogyaszt\u00e1s\u00e1nak valamivel 3 sz\u00e1zal\u00e9k feletti n\u00f6veked\u00e9s\u00e9re sz\u00e1m\u00edtanak.<br \/>\n    Az elm\u00falt \u00e9vekben elhalasztott fogyaszt\u00e1s, a m\u00e9rlegkiigaz\u00edt\u00e1si folyamat el\u0151rehalad\u00e1sa, valamint a h\u00e1ztart\u00e1sok nett\u00f3 p\u00e9nz\u00fcgyi vagyon\u00e1nak rekordszintre emelked\u00e9se miatt nem kiz\u00e1rt enn\u00e9l magasabb \u00fctem\u0171 n\u00f6veked\u00e9s sem, ami hozz\u00e1j\u00e1rulhat a hazai GDP m\u00e1sodik f\u00e9l\u00e9vi gyorsul\u00e1s\u00e1hoz is &#8211; k\u00f6z\u00f6lte az elemz\u0151.<br \/>\n    A Nemzetgazdas\u00e1gi Miniszt\u00e9rium (NGM) k\u00f6zlem\u00e9ny\u00e9ben kiemelte, hogy k\u00e9t \u00e9s f\u00e9l \u00e9ve tart a re\u00e1lb\u00e9rek t\u00f6retlen emelked\u00e9se. A t\u00e1rca hangs\u00falyozta, hogy az els\u0151 f\u00e9l \u00e9vben tov\u00e1bbra is sz\u00e1mottev\u0151en, 3,9 sz\u00e1zal\u00e9kkal emelkedtek a re\u00e1lkeresetek a nemzetgazdas\u00e1gban, a k\u00f6zfoglalkoztat\u00e1s hat\u00e1sa n\u00e9lk\u00fcl pedig 3,8 sz\u00e1zal\u00e9kkal.<br \/>\n    A versenyszf\u00e9r\u00e1ban a legal\u00e1bb 5 embert alkalmaz\u00f3 v\u00e1llalkoz\u00e1sokn\u00e1l j\u00faniusban jelent\u0151s, 45 ezres l\u00e9tsz\u00e1mb\u0151v\u00fcl\u00e9s ment v\u00e9gbe 2014 j\u00fanius\u00e1hoz k\u00e9pest &#8211; h\u00edvta fel a figyelmet az NGM.<br \/>\n    A kedvez\u0151 infl\u00e1ci\u00f3s k\u00f6rnyezetnek, az \u00e9vr\u0151l \u00e9vre folyamatosan emelked\u0151 minim\u00e1lb\u00e9rnek, a v\u00e1llalkoz\u00e1sokn\u00e1l \u00e9s a k\u00f6zszf\u00e9r\u00e1ban t\u00f6rt\u00e9nt b\u00e9remel\u00e9seknek k\u00f6sz\u00f6nhet\u0151en tart\u00f3san n\u0151nek a re\u00e1lkeresetek Magyarorsz\u00e1gon, ami tov\u00e1bbra is nagym\u00e9rt\u00e9kben jav\u00edtja a magyar csal\u00e1dok anyagi helyzet\u00e9t &#8211; \u00e1ll a k\u00f6zlem\u00e9nyben.(MTI)<\/p>\n","protected":false},"excerpt":{"rendered":"<p>A versenyszf\u00e9r\u00e1ban az eddigi trendnek megfelel\u0151en n\u0151ttek a rendszeres b\u00e9rek az ING vezet\u0151 elemz\u0151je szerint; a Takar\u00e9kbank elemz\u0151je kiemelte, hogy a re\u00e1lb\u00e9rek n\u00f6veked\u00e9si \u00fcteme az infl\u00e1ci\u00f3 \u00e9l\u00e9nk\u00fcl\u00e9se miatt lassulhat.<\/p>\n","protected":false},"author":1,"featured_media":0,"comment_status":"open","ping_status":"closed","sticky":false,"template":"","format":"standard","meta":[],"categories":[19],"tags":[],"_links":{"self":[{"href":"https:\/\/gazdasagportal.hu\/index.php\/wp-json\/wp\/v2\/posts\/66562"}],"collection":[{"href":"https:\/\/gazdasagportal.hu\/index.php\/wp-json\/wp\/v2\/posts"}],"about":[{"href":"https:\/\/gazdasagportal.hu\/index.php\/wp-json\/wp\/v2\/types\/post"}],"author":[{"embeddable":true,"href":"https:\/\/gazdasagportal.hu\/index.php\/wp-json\/wp\/v2\/users\/1"}],"replies":[{"embeddable":true,"href":"https:\/\/gazdasagportal.hu\/index.php\/wp-json\/wp\/v2\/comments?post=66562"}],"version-history":[{"count":1,"href":"https:\/\/gazdasagportal.hu\/index.php\/wp-json\/wp\/v2\/posts\/66562\/revisions"}],"predecessor-version":[{"id":66563,"href":"https:\/\/gazdasagportal.hu\/index.php\/wp-json\/wp\/v2\/posts\/66562\/revisions\/66563"}],"wp:attachment":[{"href":"https:\/\/gazdasagportal.hu\/index.php\/wp-json\/wp\/v2\/media?parent=66562"}],"wp:term":[{"taxonomy":"category","embeddable":true,"href":"https:\/\/gazdasagportal.hu\/index.php\/wp-json\/wp\/v2\/categories?post=66562"},{"taxonomy":"post_tag","embeddable":true,"href":"https:\/\/gazdasagportal.hu\/index.php\/wp-json\/wp\/v2\/tags?post=66562"}],"curies":[{"name":"wp","href":"https:\/\/api.w.org\/{rel}","templated":true}]}}