{"id":66560,"date":"2015-08-19T19:00:22","date_gmt":"2015-08-19T17:00:22","guid":{"rendered":"http:\/\/gazdasagportal.hu\/?p=66560"},"modified":"2015-08-19T14:14:39","modified_gmt":"2015-08-19T12:14:39","slug":"az-aramkimaradas-okozta-karokat-az-eloszto-halozati-engedelyessel-szemben-lehet-ervenyesiteni","status":"publish","type":"post","link":"https:\/\/gazdasagportal.hu\/index.php\/az-aramkimaradas-okozta-karokat-az-eloszto-halozati-engedelyessel-szemben-lehet-ervenyesiteni\/","title":{"rendered":"Az \u00e1ramkimarad\u00e1s okozta k\u00e1rokat az eloszt\u00f3 h\u00e1l\u00f3zati enged\u00e9lyessel szemben lehet \u00e9rv\u00e9nyes\u00edteni"},"content":{"rendered":"<p><strong>Az \u00e1ramkimarad\u00e1s okozta k\u00e1r megt\u00e9r\u00edt\u00e9s\u00e9nek k\u00f6vetel\u00e9s\u00e9t nem az \u00e1ramszolg\u00e1ltat\u00f3val, hanem az eloszt\u00f3 h\u00e1l\u00f3zati enged\u00e9lyessel szemben lehet \u00e9rv\u00e9nyes\u00edteni &#8211; t\u00e1j\u00e9koztatta a Budapesti B\u00e9k\u00e9ltet\u0151 Test\u00fclet szerd\u00e1n az MTI-t.<\/strong><!--more--><\/p>\n<div class=\"ads-in-post1\"><div id=\"gazdasagportal.hu_fullbanner_wideboard\"><\/div>\r\n<\/div>\n<p>    Az \u00fcgy aktualit\u00e1s\u00e1t az adja, hogy az augusztus 17-diki vihar miatt sok h\u00e1ztat\u00e1sban volt t\u00f6bb \u00f3r\u00e1s, ak\u00e1r t\u00f6bb napos \u00e1ramkimarad\u00e1s is. \u00cdgy a lak\u00e1sokban nem tudt\u00e1k haszn\u00e1lni az elektromos h\u00e1l\u00f3zatra csatlakoztatott g\u00e9peket, berendez\u00e9seket.<br \/>\n    A t\u00e1j\u00e9koztat\u00f3 p\u00e9ldak\u00e9nt eml\u00edti, hogy a test\u00fclet el\u0151tt is volt m\u00e1r t\u00f6bb olyan eset, amikor a fogyaszt\u00f3 az \u00e1ramkimarad\u00e1s \u00e1ltal okozott k\u00e1r megt\u00e9r\u00edt\u00e9s\u00e9t k\u00e9rte, \u00e9s ebb\u0151l sz\u00e1rmazott vit\u00e1j\u00e1t nem siker\u00fclt rendeznie a szolg\u00e1ltat\u00f3val. A k\u00e9relem szerint az \u00e1ramingadoz\u00e1s vagy az \u00e1ram ki- \u00e9s bekapcsol\u00f3d\u00e1sa miatt meghib\u00e1sodott a fogyaszt\u00f3 DVD-\u00edr\u00f3ja \u00e9s az \u00f3r\u00e1s r\u00e1di\u00f3ja, amelyek jav\u00edt\u00e1si k\u00f6lts\u00e9g\u00e9t ig\u00e9nyelte volna vissza. Az \u00e1ramszolg\u00e1ltat\u00f3 viszont arra hivatkozva utas\u00edtotta el a fogyaszt\u00f3 ig\u00e9ny\u00e9t, hogy a fogyaszt\u00f3nak az eloszt\u00f3h\u00e1l\u00f3zaton bek\u00f6vetkezett \u00fczemzavar miatt keletkezett a k\u00e1ra. Ez\u00e9rt a k\u00f6vetel\u00e9st nem az \u00e1ramszolg\u00e1ltat\u00f3val, hanem az eloszt\u00f3 h\u00e1l\u00f3zati enged\u00e9lyessel szemben lehet \u00e9rv\u00e9nyes\u00edteni.<br \/>\n    A k\u00f6zlem\u00e9ny felid\u00e9zi: a villamos energi\u00e1r\u00f3l sz\u00f3l\u00f3 2007-es t\u00f6rv\u00e9ny alapj\u00e1n, ha az eloszt\u00f3 h\u00e1l\u00f3zaton &#8211; amely eljuttatja az energiatermel\u0151kt\u0151l a fogyaszt\u00f3k r\u00e9sz\u00e9re az \u00e1ramot -, k\u00f6vetkezett be \u00fczemzavar, \u00e9s ez okozott \u00e1ramkimarad\u00e1st, akkor az eloszt\u00f3 h\u00e1l\u00f3zati enged\u00e9lyessel szemben \u00e9rv\u00e9nyes\u00edthet\u0151 az ig\u00e9ny.<br \/>\n    Amennyiben a szolg\u00e1ltat\u00f3 \u00e1ltal kibocs\u00e1tott dokumentumokon, sz\u00e1ml\u00e1kon nincs felt\u00fcntetve az eloszt\u00f3 h\u00e1l\u00f3zati enged\u00e9lyes, az interneten t\u00f6bb helyen megtal\u00e1lhatj\u00e1k a fogyaszt\u00f3k, hogy a szolg\u00e1ltat\u00f3juk mellett ki l\u00e1tja el ezt a feladatot: ez a szolg\u00e1ltat\u00f3k honlapj\u00e1n megtal\u00e1lhat\u00f3 eloszt\u00f3i \u00fczletszab\u00e1lyzatban van felt\u00fcntetve. Ezen k\u00edv\u00fcl a Magyar Energetikai \u00e9s K\u00f6zm\u0171-szab\u00e1lyoz\u00e1si Hivatal (MEKH) oldal\u00e1n, a villamosenergia-enged\u00e9lyez\u00e9s men\u00fcpontj\u00e1ban megtal\u00e1lhat\u00f3 a villamos-ipari enged\u00e9lyesek list\u00e1ja.<br \/>\n    A k\u00f6zlem\u00e9ny szerint a f\u0151v\u00e1rosban az ilyen t\u00edpus\u00fa ig\u00e9nyek elb\u00edr\u00e1l\u00e1s\u00e1ra a h\u00e1l\u00f3zati enged\u00e9lyes, azaz az ELM\u0170 H\u00e1l\u00f3zati Kft. az illet\u00e9kes.<br \/>\n    Ha a v\u00e1llalkoz\u00e1ssal t\u00f6rt\u00e9n\u0151 kapcsolatfelv\u00e9tel ut\u00e1n a fogyaszt\u00f3 panasz\u00e1t m\u00e9gsem orvosolj\u00e1k, vagy megoldhatatlannak t\u0171n\u0151 jogvita mer\u00fcl fel, a fogyaszt\u00f3k forduljanak a Budapesti B\u00e9k\u00e9ltet\u0151 Test\u00fclethez, ahol ingyenes \u00e9s gyors elj\u00e1r\u00e1sban seg\u00edtenek a vita megold\u00e1s\u00e1ban &#8211; olvashat\u00f3 a t\u00e1j\u00e9koztat\u00f3ban.<br \/>\n(MTI)<\/p>\n","protected":false},"excerpt":{"rendered":"<p>Az \u00e1ramkimarad\u00e1s okozta k\u00e1r megt\u00e9r\u00edt\u00e9s\u00e9nek k\u00f6vetel\u00e9s\u00e9t nem az \u00e1ramszolg\u00e1ltat\u00f3val, hanem az eloszt\u00f3 h\u00e1l\u00f3zati enged\u00e9lyessel szemben lehet \u00e9rv\u00e9nyes\u00edteni &#8211; t\u00e1j\u00e9koztatta a Budapesti B\u00e9k\u00e9ltet\u0151 Test\u00fclet szerd\u00e1n az MTI-t.<\/p>\n","protected":false},"author":1,"featured_media":0,"comment_status":"open","ping_status":"closed","sticky":false,"template":"","format":"standard","meta":[],"categories":[19],"tags":[],"_links":{"self":[{"href":"https:\/\/gazdasagportal.hu\/index.php\/wp-json\/wp\/v2\/posts\/66560"}],"collection":[{"href":"https:\/\/gazdasagportal.hu\/index.php\/wp-json\/wp\/v2\/posts"}],"about":[{"href":"https:\/\/gazdasagportal.hu\/index.php\/wp-json\/wp\/v2\/types\/post"}],"author":[{"embeddable":true,"href":"https:\/\/gazdasagportal.hu\/index.php\/wp-json\/wp\/v2\/users\/1"}],"replies":[{"embeddable":true,"href":"https:\/\/gazdasagportal.hu\/index.php\/wp-json\/wp\/v2\/comments?post=66560"}],"version-history":[{"count":1,"href":"https:\/\/gazdasagportal.hu\/index.php\/wp-json\/wp\/v2\/posts\/66560\/revisions"}],"predecessor-version":[{"id":66561,"href":"https:\/\/gazdasagportal.hu\/index.php\/wp-json\/wp\/v2\/posts\/66560\/revisions\/66561"}],"wp:attachment":[{"href":"https:\/\/gazdasagportal.hu\/index.php\/wp-json\/wp\/v2\/media?parent=66560"}],"wp:term":[{"taxonomy":"category","embeddable":true,"href":"https:\/\/gazdasagportal.hu\/index.php\/wp-json\/wp\/v2\/categories?post=66560"},{"taxonomy":"post_tag","embeddable":true,"href":"https:\/\/gazdasagportal.hu\/index.php\/wp-json\/wp\/v2\/tags?post=66560"}],"curies":[{"name":"wp","href":"https:\/\/api.w.org\/{rel}","templated":true}]}}