{"id":66473,"date":"2015-08-18T12:48:06","date_gmt":"2015-08-18T10:48:06","guid":{"rendered":"http:\/\/gazdasagportal.hu\/?p=66473"},"modified":"2015-08-18T12:48:06","modified_gmt":"2015-08-18T10:48:06","slug":"vihar-kilencezer-lakasban-tovabbra-sincs-aram","status":"publish","type":"post","link":"https:\/\/gazdasagportal.hu\/index.php\/vihar-kilencezer-lakasban-tovabbra-sincs-aram\/","title":{"rendered":"Vihar \u2013 Kilencezer lak\u00e1sban tov\u00e1bbra sincs \u00e1ram"},"content":{"rendered":"<p><strong>Kilencezer lak\u00e1sban, tizenhat helysz\u00ednen tov\u00e1bbra sem kapcsolt\u00e1k vissza az \u00e1ramot a h\u00e9tf\u0151i vihar \u00e9s es\u0151z\u00e9sek ut\u00e1n, ennek oka, hogy az \u00e9rintett, f\u0151k\u00e9nt f\u0151v\u00e1rosi \u00e9p\u00fcletekbe &#8222;tov\u00e1bbra is \u00f6mlik be a v\u00edz&#8221; &#8211; t\u00e1j\u00e9koztatta az Elm\u0171 sz\u00f3viv\u0151je kedden az MTI-t.<\/strong><!--more--><\/p>\n<div class=\"ads-in-post1\"><div id=\"gazdasagportal.hu_fullbanner_wideboard\"><\/div>\r\n<\/div>\n<p>    Boross Norbert elmondta: ezeken a helyeken nem elektromos hiba miatt nem tudj\u00e1k visszakapcsolni az \u00e1ramot, hanem cs\u0151t\u00f6r\u00e9s, esetleg csatornadugul\u00e1s miatt \u00f6mlik a v\u00edz, hi\u00e1ba szivatty\u00fazz\u00e1k.<br \/>\n    K\u00f6z\u00f6lte azt is, hogy az \u00e9rintett helysz\u00ednek, f\u0151k\u00e9nt r\u00e9gebbi \u00e9p\u00fcletek nagy r\u00e9sze Budapesten, a pesti oldalon van, de vannak Miskolcon is hasonl\u00f3 gondok.<br \/>\n    Arra a k\u00e9rd\u00e9sre, hogy mikorra siker\u00fcl helyre\u00e1ll\u00edtani az \u00e1ramszolg\u00e1ltat\u00e1st minden\u00fctt, azt mondta: nem tud konkr\u00e9t id\u0151pontot mondani, de amint kiszivatty\u00fazz\u00e1k a vizet, n\u00e9h\u00e1ny \u00f3r\u00e1n bel\u00fcl &#8211; a berendez\u00e9sek kitiszt\u00edt\u00e1sa, kisz\u00e1r\u00edt\u00e1sa ut\u00e1n &#8211; vissza tudj\u00e1k kapcsolni az \u00e1ramot.<br \/>\n    A vihar \u00e9s a heves es\u0151z\u00e9s miatt h\u00e9tf\u0151n mintegy negyvenezer h\u00e1ztart\u00e1sban kapcsolt\u00e1k le az \u00e1ramot biztons\u00e1gi okb\u00f3l.(MTI)<\/p>\n","protected":false},"excerpt":{"rendered":"<p>Kilencezer lak\u00e1sban, tizenhat helysz\u00ednen tov\u00e1bbra sem kapcsolt\u00e1k vissza az \u00e1ramot a h\u00e9tf\u0151i vihar \u00e9s es\u0151z\u00e9sek ut\u00e1n, ennek oka, hogy az \u00e9rintett, f\u0151k\u00e9nt f\u0151v\u00e1rosi \u00e9p\u00fcletekbe &#8222;tov\u00e1bbra is \u00f6mlik be a v\u00edz&#8221; &#8211; t\u00e1j\u00e9koztatta az Elm\u0171 sz\u00f3viv\u0151je kedden az MTI-t.<\/p>\n","protected":false},"author":1,"featured_media":0,"comment_status":"open","ping_status":"closed","sticky":false,"template":"","format":"standard","meta":[],"categories":[4],"tags":[],"_links":{"self":[{"href":"https:\/\/gazdasagportal.hu\/index.php\/wp-json\/wp\/v2\/posts\/66473"}],"collection":[{"href":"https:\/\/gazdasagportal.hu\/index.php\/wp-json\/wp\/v2\/posts"}],"about":[{"href":"https:\/\/gazdasagportal.hu\/index.php\/wp-json\/wp\/v2\/types\/post"}],"author":[{"embeddable":true,"href":"https:\/\/gazdasagportal.hu\/index.php\/wp-json\/wp\/v2\/users\/1"}],"replies":[{"embeddable":true,"href":"https:\/\/gazdasagportal.hu\/index.php\/wp-json\/wp\/v2\/comments?post=66473"}],"version-history":[{"count":1,"href":"https:\/\/gazdasagportal.hu\/index.php\/wp-json\/wp\/v2\/posts\/66473\/revisions"}],"predecessor-version":[{"id":66474,"href":"https:\/\/gazdasagportal.hu\/index.php\/wp-json\/wp\/v2\/posts\/66473\/revisions\/66474"}],"wp:attachment":[{"href":"https:\/\/gazdasagportal.hu\/index.php\/wp-json\/wp\/v2\/media?parent=66473"}],"wp:term":[{"taxonomy":"category","embeddable":true,"href":"https:\/\/gazdasagportal.hu\/index.php\/wp-json\/wp\/v2\/categories?post=66473"},{"taxonomy":"post_tag","embeddable":true,"href":"https:\/\/gazdasagportal.hu\/index.php\/wp-json\/wp\/v2\/tags?post=66473"}],"curies":[{"name":"wp","href":"https:\/\/api.w.org\/{rel}","templated":true}]}}