{"id":664,"date":"2013-01-22T07:10:54","date_gmt":"2013-01-22T06:10:54","guid":{"rendered":"http:\/\/stockportal.hu\/?p=664"},"modified":"2013-01-22T21:15:09","modified_gmt":"2013-01-22T20:15:09","slug":"barack-obama-szazezrek-elott-masodszor-is-letette-a-hivatali-eskut","status":"publish","type":"post","link":"https:\/\/gazdasagportal.hu\/index.php\/barack-obama-szazezrek-elott-masodszor-is-letette-a-hivatali-eskut\/","title":{"rendered":"Barack Obama sz\u00e1zezrek el\u0151tt, m\u00e1sodszor is letette a hivatali esk\u00fct"},"content":{"rendered":"<p><strong>\u00dajb\u00f3l, nagy nyilv\u00e1noss\u00e1g is letette m\u00e1sodik hivatali ciklus\u00e1ra vonatkoz\u00f3 hivatali esk\u00fcj\u00e9t Barack Obama \u00fajrav\u00e1lasztott amerikai eln\u00f6k h\u00e9tf\u0151n.<!--more--><\/strong><\/p>\n<p>A fogadalomt\u00e9tel ez\u00fattal a washingtoni kongresszus l\u00e9pcs\u0151j\u00e9n, t\u00f6bb mint f\u00e9lmilli\u00f3s t\u00f6meg \u00e9s t\u00e9v\u00e9n\u00e9z\u0151k sz\u00e1zmilli\u00f3i el\u0151tt t\u00f6rt\u00e9nt.<br \/>\nAz Egyes\u00fclt \u00c1llamok els\u0151 afroamerikai eln\u00f6ke id\u00e9n az\u00e9rt tette le k\u00e9tszer a hivatali esk\u00fct, mert els\u0151 eln\u00f6k ciklusa az alkotm\u00e1ny \u00e9rtelm\u00e9ben janu\u00e1r 20-\u00e1n d\u00e9lben j\u00e1rt le, ez azonban az id\u00e9n \u00e9ppen vas\u00e1rnapra esett, \u00e9s a h\u00e9tnek ezen a napj\u00e1n a hagyom\u00e1nyok szerint nem szok\u00e1s beiktat\u00e1si \u00fcnneps\u00e9get rendezni. A hivatalos fogadalomt\u00e9telt ez\u00e9rt m\u00e1r vas\u00e1rnap, sz\u0171k k\u00f6rben, de a telev\u00edzi\u00f3 nyilv\u00e1noss\u00e1ga el\u0151tt megejtett\u00e9k a Feh\u00e9r H\u00e1zban, h\u00e9tf\u0151n pedig azt n\u00e9p\u00fcnnep\u00e9ly keret\u00e9ben megism\u00e9telt\u00e9k. (Hasonl\u00f3, megism\u00e9telt esk\u00fct\u00e9tel legut\u00f3bb 1985-ben t\u00f6rt\u00e9nt, Ronald Reagan m\u00e1sodik eln\u00f6ks\u00e9g\u00e9nek kezdet\u00e9n.)<br \/>\nAz eln\u00f6k a nyilv\u00e1nos cerem\u00f3ni\u00e1n az esk\u00fc sz\u00f6veg\u00e9t mondva egyszerre k\u00e9t szent\u00edr\u00e1sra helyezte kez\u00e9t: a legend\u00e1s polg\u00e1rjogi harcos, Martin Luther King, valamint egyik saj\u00e1t hivatali el\u0151dje, a rabszolga-felszabad\u00edt\u00f3 Abraham Lincoln bibli\u00e1j\u00e1ra esk\u00fcd\u00f6tt fel. Az els\u0151vel King tiszteletes t\u00f6rt\u00e9nelmi jelent\u0151s\u00e9g\u0171 &#8222;washingtoni menetel\u00e9se&#8221; 50., m\u00edg a m\u00e1sodikkal a feket\u00e9k egyenjog\u00fas\u00e1g\u00e1t kimond\u00f3 proklam\u00e1ci\u00f3 150. \u00e9vfordul\u00f3ja el\u0151tt tisztelgett.<br \/>\nK\u00fcl\u00f6nleges egybees\u00e9s az id\u00e9n, hogy a ceremoni\u00e1lis beiktat\u00e1s \u00e9ppen Martin Luther King sz\u00fclet\u00e9snapj\u00e1ra esett. Obama n\u00e9gy \u00e9vvel ezel\u0151tt szint\u00e9n Lincoln bibli\u00e1j\u00e1ra tett fogadalmat.<br \/>\nAz eln\u00f6k\u00f6t megel\u0151z\u0151en felesk\u00fcd\u00f6tt hivatal\u00e1ra Joe Biden aleln\u00f6k is. A beiktat\u00e1si \u00fcnneps\u00e9gen jelen volt az Egyes\u00fclt \u00c1llamok k\u00e9t kor\u00e1bbi demokrata p\u00e1rti eln\u00f6ke, Jimmy Carter \u00e9s Bill Clinton. A m\u00e9g \u00e9l\u0151 n\u00e9gy exeln\u00f6k k\u00f6z\u00fcl a m\u00e1sik kett\u0151, Obama k\u00f6zvetlen hivatali el\u0151dje, George W. Bush \u00e9s annak apja, George H. W. Bush a v\u00e1rakoz\u00e1sok ellen\u00e9re nem volt jelen. Az id\u0151sebb Bush gyeng\u00e9lkedik, nemr\u00e9g engedt\u00e9k ki a k\u00f3rh\u00e1zb\u00f3l.<br \/>\nEsk\u00fct\u00e9tel\u00e9t k\u00f6vet\u0151 mintegy t\u00edzperces beiktat\u00e1si besz\u00e9d\u00e9ben Obama az amerikai alap\u00edt\u00f3 aty\u00e1k alap\u00e9rt\u00e9keihez val\u00f3 visszat\u00e9r\u00e9sre, a k\u00f6z\u00f6s felel\u0151ss\u00e9gv\u00e1llal\u00e1sra \u00e9s az egys\u00e9gre fektette a f\u0151 hangs\u00falyt a washingtoni Capitolium el\u0151tt. V\u00e1zolta m\u00e1sodik eln\u00f6ki ciklus\u00e1nak f\u0151bb c\u00e9lkit\u0171z\u00e9seit. Hangs\u00falyozta, hogy a c\u00e9lok megval\u00f3s\u00edt\u00e1s\u00e1\u00e9rt &#8211; jobban, mint b\u00e1rmikor &#8211; \u00f6ssze kell fognia az amerikai t\u00e1rsadalomnak. Kiemelten sz\u00f3lt az eg\u00e9szs\u00e9g\u00fcgyi, oktat\u00e1si \u00e9s ad\u00f3reformr\u00f3l, \u00e9s arra figyelmeztetett, hogy az amerikai n\u00e9p nem boldogulhat, ha csak egy sz\u0171k r\u00e9teg \u00e9rv\u00e9nyes\u00fcl, a k\u00f6z\u00e9poszt\u00e1ly r\u00e9szv\u00e9tele a sikerhez n\u00e9lk\u00fcl\u00f6zhetetlen.<br \/>\nS\u00edkrasz\u00e1llt a v\u00edzk\u00e9szletek, term\u00e9szeti \u00e9rt\u00e9kek meg\u0151rz\u00e9se, \u00faj energiaforr\u00e1sok felkutat\u00e1sa mellett. Sz\u00f3t emelt a szeg\u00e9nyek, elesettek, perif\u00e9ri\u00e1ra szor\u00edtottak seg\u00edt\u00e9s\u00e9\u00e9rt \u00e9s ki\u00e1llt a homoszexu\u00e1lisok jogai mellett.<br \/>\nKijelentette: az Egyes\u00fclt \u00c1llamok tov\u00e1bbra is t\u00e1mogatni fogja a demokr\u00e1ci\u00e1t az eg\u00e9sz vil\u00e1gon, \u00c1zsi\u00e1t\u00f3l Afrik\u00e1ig, Amerik\u00e1t\u00f3l a K\u00f6zel-Keletig.<br \/>\nDavid Gergen, a CNN vezet\u0151 politikai komment\u00e1tora Obama eddigi legfontosabb besz\u00e9d\u00e9nek nevezte az \u00fajrav\u00e1lasztott eln\u00f6k sz\u00f3noklat\u00e1t, amelyben \u0151szint\u00e9n vallott hit\u00e9r\u0151l \u00e9s alap\u00e9rt\u00e9keir\u0151l, vil\u00e1gosan besz\u00e9lt a kih\u00edv\u00e1sokr\u00f3l \u00e9s a k\u00f6vetkez\u0151 n\u00e9gy \u00e9v lehet\u0151s\u00e9geir\u0151l. A BBC News megh\u00edvott szak\u00e9rt\u0151je \u00fagy fogalmazott, Obama realist\u00e1bb besz\u00e9det mondott, mint n\u00e9gy \u00e9vvel ezel\u0151tti beiktat\u00e1sakor, j\u00f3zan hangon sz\u00f3lt egyebek k\u00f6z\u00f6tt a fegyverszab\u00e1lyoz\u00e1si reformr\u00f3l \u00e9s az \u00e1llamad\u00f3ss\u00e1g kezel\u00e9s\u00e9nek sz\u00fcks\u00e9gess\u00e9g\u00e9r\u0151l.<br \/>\nObama jelent\u0151s korm\u00e1ny\u00e1talak\u00edt\u00e1ssal kezdi meg m\u00e1sodik eln\u00f6ki ciklus\u00e1t, beiktat\u00e1sa ut\u00e1n r\u00f6gt\u00f6n al\u00e1\u00edrta a jel\u00f6l\u00e9st kabinetj\u00e9nek t\u00f6bb posztj\u00e1ra. A k\u00fcl\u00fcgyminiszt\u00e9rium \u00e9l\u00e9re Hillary Clinton hely\u00e9re John Kerryt, a szen\u00e1tus k\u00fcl\u00fcgyi bizotts\u00e1g\u00e1nak demokrata eln\u00f6k\u00e9t javasolja, a Pentagon vezet\u0151je pedig Chuck Hagel volt nebraskai republik\u00e1nus szen\u00e1tor lehet Leon Panetta helyett, ha a szen\u00e1tus j\u00f3v\u00e1hagyja az eln\u00f6k v\u00e1lasztottj\u00e1t. Timothy Geithner p\u00e9nz\u00fcgyminisztert Jack Lew, a Feh\u00e9r H\u00e1z t\u00e1voz\u00f3 kabinetf\u0151n\u00f6ke v\u00e1lthatja, akinek hely\u00e9re viszont az eln\u00f6ki jelenlegi helyettes nemzetbiztons\u00e1gi tan\u00e1csad\u00f3ja, Denis R. McDonough ker\u00fcl.<br \/>\nAz Egyes\u00fclt \u00c1llamokban 57. alkalommal iktattak be eln\u00f6k\u00f6t. Amerikai eln\u00f6k\u00f6k k\u00f6z\u00fcl eddig 17-en jutottak el a m\u00e1sodik hivatali ciklusig. Barack Obam\u00e1t, aki 2008-ban John McCain arizonai szen\u00e1tort, 2012-ben pedig Mitt Romney volt massachusettsi korm\u00e1nyz\u00f3t gy\u0151zte le a Republik\u00e1nus P\u00e1rt r\u00e9sz\u00e9r\u0151l a Feh\u00e9r H\u00e1z\u00e9rt folytatott k\u00fczdelemben, az amerikai alkotm\u00e1ny \u00e9rtelm\u00e9ben 2016-ban, egym\u00e1s ut\u00e1n harmadik alkalommal m\u00e1r nem v\u00e1laszthatj\u00e1k meg hivatal\u00e1ba. (MTI)<\/p>\n","protected":false},"excerpt":{"rendered":"<p>\u00dajb\u00f3l, nagy nyilv\u00e1noss\u00e1g is letette m\u00e1sodik hivatali ciklus\u00e1ra vonatkoz\u00f3 hivatali esk\u00fcj\u00e9t Barack Obama \u00fajrav\u00e1lasztott amerikai eln\u00f6k h\u00e9tf\u0151n.<\/p>\n","protected":false},"author":1,"featured_media":567,"comment_status":"closed","ping_status":"closed","sticky":false,"template":"","format":"standard","meta":[],"categories":[13],"tags":[],"_links":{"self":[{"href":"https:\/\/gazdasagportal.hu\/index.php\/wp-json\/wp\/v2\/posts\/664"}],"collection":[{"href":"https:\/\/gazdasagportal.hu\/index.php\/wp-json\/wp\/v2\/posts"}],"about":[{"href":"https:\/\/gazdasagportal.hu\/index.php\/wp-json\/wp\/v2\/types\/post"}],"author":[{"embeddable":true,"href":"https:\/\/gazdasagportal.hu\/index.php\/wp-json\/wp\/v2\/users\/1"}],"replies":[{"embeddable":true,"href":"https:\/\/gazdasagportal.hu\/index.php\/wp-json\/wp\/v2\/comments?post=664"}],"version-history":[{"count":2,"href":"https:\/\/gazdasagportal.hu\/index.php\/wp-json\/wp\/v2\/posts\/664\/revisions"}],"predecessor-version":[{"id":781,"href":"https:\/\/gazdasagportal.hu\/index.php\/wp-json\/wp\/v2\/posts\/664\/revisions\/781"}],"wp:featuredmedia":[{"embeddable":true,"href":"https:\/\/gazdasagportal.hu\/index.php\/wp-json\/wp\/v2\/media\/567"}],"wp:attachment":[{"href":"https:\/\/gazdasagportal.hu\/index.php\/wp-json\/wp\/v2\/media?parent=664"}],"wp:term":[{"taxonomy":"category","embeddable":true,"href":"https:\/\/gazdasagportal.hu\/index.php\/wp-json\/wp\/v2\/categories?post=664"},{"taxonomy":"post_tag","embeddable":true,"href":"https:\/\/gazdasagportal.hu\/index.php\/wp-json\/wp\/v2\/tags?post=664"}],"curies":[{"name":"wp","href":"https:\/\/api.w.org\/{rel}","templated":true}]}}