{"id":66195,"date":"2015-08-12T14:05:22","date_gmt":"2015-08-12T12:05:22","guid":{"rendered":"http:\/\/gazdasagportal.hu\/?p=66195"},"modified":"2015-08-12T14:05:22","modified_gmt":"2015-08-12T12:05:22","slug":"illegalis-bevandorlas-a-kettos-hatarzarra-a-teljes-magyar-szerb-szakaszon-szukseg-van","status":"publish","type":"post","link":"https:\/\/gazdasagportal.hu\/index.php\/illegalis-bevandorlas-a-kettos-hatarzarra-a-teljes-magyar-szerb-szakaszon-szukseg-van\/","title":{"rendered":"Illeg\u00e1lis bev\u00e1ndorl\u00e1s &#8211; A kett\u0151s hat\u00e1rz\u00e1rra a teljes magyar-szerb szakaszon sz\u00fcks\u00e9g van"},"content":{"rendered":"<p><strong>L\u00e1z\u00e1r J\u00e1nos szerint a kett\u0151s hat\u00e1rz\u00e1rra van sz\u00fcks\u00e9g a teljes, 177 kilom\u00e9teres magyar-szerb hat\u00e1rszakaszon.<\/strong><!--more--><\/p>\n<div class=\"ads-in-post1\"><div id=\"gazdasagportal.hu_fullbanner_wideboard\"><\/div>\r\n<\/div>\n<p>    A Minisztereln\u00f6ks\u00e9get vezet\u0151 miniszter szerd\u00e1n Budapesten, egy m\u00e1s t\u00e9m\u00e1ban tartott sajt\u00f3t\u00e1j\u00e9koztat\u00f3n k\u00e9rd\u00e9sre v\u00e1laszolva besz\u00e9lt err\u0151l. Azt mondta: v\u00e9lem\u00e9nye szerint mindk\u00e9t ideiglenes hat\u00e1rz\u00e1rat a teljes szakaszon meg kell val\u00f3s\u00edtani, annak ellen\u00e9re, hogy eddig viszonylag kev\u00e9sszer v\u00e1gt\u00e1k \u00e1t vagy szak\u00edtott\u00e1k fel a ker\u00edt\u00e9st.<br \/>\n    L\u00e1z\u00e1r J\u00e1nos hozz\u00e1tette: a korm\u00e1nyzat \u00fagy d\u00f6nt\u00f6tt, hogy az ideiglenes menek\u00fcltt\u00e1borokat kiviszik lakott ter\u00fcletr\u0151l.(MTI)<\/p>\n","protected":false},"excerpt":{"rendered":"<p>L\u00e1z\u00e1r J\u00e1nos szerint a kett\u0151s hat\u00e1rz\u00e1rra van sz\u00fcks\u00e9g a teljes, 177 kilom\u00e9teres magyar-szerb hat\u00e1rszakaszon.<\/p>\n","protected":false},"author":1,"featured_media":0,"comment_status":"open","ping_status":"closed","sticky":false,"template":"","format":"standard","meta":[],"categories":[4],"tags":[],"_links":{"self":[{"href":"https:\/\/gazdasagportal.hu\/index.php\/wp-json\/wp\/v2\/posts\/66195"}],"collection":[{"href":"https:\/\/gazdasagportal.hu\/index.php\/wp-json\/wp\/v2\/posts"}],"about":[{"href":"https:\/\/gazdasagportal.hu\/index.php\/wp-json\/wp\/v2\/types\/post"}],"author":[{"embeddable":true,"href":"https:\/\/gazdasagportal.hu\/index.php\/wp-json\/wp\/v2\/users\/1"}],"replies":[{"embeddable":true,"href":"https:\/\/gazdasagportal.hu\/index.php\/wp-json\/wp\/v2\/comments?post=66195"}],"version-history":[{"count":1,"href":"https:\/\/gazdasagportal.hu\/index.php\/wp-json\/wp\/v2\/posts\/66195\/revisions"}],"predecessor-version":[{"id":66196,"href":"https:\/\/gazdasagportal.hu\/index.php\/wp-json\/wp\/v2\/posts\/66195\/revisions\/66196"}],"wp:attachment":[{"href":"https:\/\/gazdasagportal.hu\/index.php\/wp-json\/wp\/v2\/media?parent=66195"}],"wp:term":[{"taxonomy":"category","embeddable":true,"href":"https:\/\/gazdasagportal.hu\/index.php\/wp-json\/wp\/v2\/categories?post=66195"},{"taxonomy":"post_tag","embeddable":true,"href":"https:\/\/gazdasagportal.hu\/index.php\/wp-json\/wp\/v2\/tags?post=66195"}],"curies":[{"name":"wp","href":"https:\/\/api.w.org\/{rel}","templated":true}]}}