{"id":65881,"date":"2015-08-05T19:02:14","date_gmt":"2015-08-05T17:02:14","guid":{"rendered":"http:\/\/gazdasagportal.hu\/?p=65881"},"modified":"2015-08-05T17:22:56","modified_gmt":"2015-08-05T15:22:56","slug":"mnb-csak-egy-monetaris-tanacstag-szavazott-kamattartasra","status":"publish","type":"post","link":"https:\/\/gazdasagportal.hu\/index.php\/mnb-csak-egy-monetaris-tanacstag-szavazott-kamattartasra\/","title":{"rendered":"MNB: csak egy monet\u00e1ris tan\u00e1cstag szavazott kamattart\u00e1sra"},"content":{"rendered":"<p><strong>A Magyar Nemzeti Bank (MNB) Monet\u00e1ris Tan\u00e1cs\u00e1nak tagjai egy, a tart\u00e1sra vonatkoz\u00f3 szavazat kiv\u00e9tel\u00e9vel egyet\u00e9rtettek az alapkamat 15 b\u00e1zispontos cs\u00f6kkent\u00e9s\u00e9vel \u00e9s egy\u00fattal a kamatcs\u00f6kkent\u00e9si ciklus lez\u00e1r\u00e1s\u00e1r\u00f3l d\u00f6nt\u00f6ttek a test\u00fclet legut\u00f3bbi kamatd\u00f6nt\u0151 \u00fcl\u00e9s\u00e9n. Ennek eredm\u00e9nyek\u00e9nt \u00fajabb t\u00f6rt\u00e9nelmi m\u00e9lypontra, 1,35 sz\u00e1zal\u00e9kra cs\u00f6kkent alapkamat &#8211; der\u00fcl ki az \u00fcl\u00e9s szerd\u00e1n k\u00f6zz\u00e9tett r\u00f6vid\u00edtett jegyz\u0151k\u00f6nyv\u00e9b\u0151l.<\/strong><!--more--><\/p>\n<div class=\"ads-in-post1\"><div id=\"gazdasagportal.hu_fullbanner_wideboard\"><\/div>\r\n<\/div>\n<p>    A monet\u00e1ris tan\u00e1cs \u00fcl\u00e9se ut\u00e1n tartott sajt\u00f3t\u00e1j\u00e9koztat\u00f3n Matolcsy Gy\u00f6rgy, a Magyar Nemzeti Bank eln\u00f6ke elmondta: az \u00fajabb alapkamat-cs\u00f6kkent\u00e9si ciklus, ami a legut\u00f3bbi j\u00faliusi d\u00f6nt\u00e9st is besz\u00e1m\u00edtva \u00f6t h\u00f3napig tartott, v\u00e9get \u00e9rt, \u00e9s az MNB a k\u00f6vetkez\u0151 \u00e9vekben hosszan tart\u00f3, laza monet\u00e1ris politik\u00e1ra rendezkedik be.<br \/>\n    Matolcsy Gy\u00f6rgy szerint ezt az 1,35 sz\u00e1zal\u00e9kos alapkamatot tartja a jegybank egyens\u00falyi kamatnak a Magyar Nemzeti Bank vezet\u00e9s\u00e9nek mostani tud\u00e1sa szerint.<br \/>\n    Az alapkamat 1,5 sz\u00e1zal\u00e9kon val\u00f3 tart\u00e1sa mellett egy tan\u00e1cstag, Cinkotai J\u00e1nos voksolt, az alapkamat 1,35 sz\u00e1zal\u00e9kra t\u00f6rt\u00e9n\u0151 cs\u00f6kkent\u00e9se mellett nyolcan szavaztak, Balog \u00c1d\u00e1m, B\u00e1ger Guszt\u00e1v, B\u00e1rtfai-Mager Andrea, Gerhardt Ferenc, Kocziszky Gy\u00f6rgy, Matolcsy Gy\u00f6rgy, Pleschinger Gyula \u00e9s Windisch L\u00e1szl\u00f3.<br \/>\n    A jegyz\u0151k\u00f6nyv szerint a monet\u00e1ris tan\u00e1cs meg\u00edt\u00e9l\u00e9se szerint a magyar gazdas\u00e1got tov\u00e1bbra is kihaszn\u00e1latlan kapacit\u00e1sok jellemzik, \u00e9s az infl\u00e1ci\u00f3s nyom\u00e1s m\u00e9rs\u00e9kelt maradhat. A re\u00e1lgazdas\u00e1g a monet\u00e1ris politika horizontj\u00e1n dezinfl\u00e1ci\u00f3s hat\u00e1s\u00fa marad, a kibocs\u00e1t\u00e1si r\u00e9s csak fokozatosan z\u00e1r\u00f3dhat. A magyar gazdas\u00e1g s\u00e9r\u00fcl\u00e9kenys\u00e9g\u00e9t cs\u00f6kkenti a tart\u00f3san magas k\u00fcls\u0151 finansz\u00edroz\u00e1si k\u00e9pess\u00e9g \u00e9s az ennek nyom\u00e1n cs\u00f6kken\u0151 k\u00fcls\u0151 ad\u00f3ss\u00e1g\u00e1llom\u00e1ny.<br \/>\n    Figyelembe v\u00e9ve a j\u00faniusi Infl\u00e1ci\u00f3s jelent\u00e9s el\u0151rejelz\u00e9s\u00e9nek tov\u00e1bbra is \u00e9rv\u00e9nyes\u00fcl\u0151 felt\u00e9teleit, a monet\u00e1ris tan\u00e1cs meg\u00edt\u00e9l\u00e9se szerint az infl\u00e1ci\u00f3s kil\u00e1t\u00e1sok \u00e9s a re\u00e1lgazdas\u00e1g helyzete az ir\u00e1nyad\u00f3 r\u00e1ta cs\u00f6kkent\u00e9se, a kamatcs\u00f6kkent\u00e9si ciklus lez\u00e1r\u00e1sa \u00e9s a tart\u00f3san laza monet\u00e1ris kond\u00edci\u00f3k ir\u00e1ny\u00e1ba mutatott.<br \/>\n    A tan\u00e1cstagok megvitatt\u00e1k az infl\u00e1ci\u00f3s \u00e9s makrogazdas\u00e1gi folyamatokat. A monet\u00e1ris tan\u00e1cs az alapkamat 15 b\u00e1zispontos m\u00e9rs\u00e9kl\u00e9se mellett d\u00f6nt\u00f6tt, 8 cs\u00f6kkent\u00e9sre \u00e9s 1 tart\u00e1sra vonatkoz\u00f3 szavazattal.<br \/>\n    A tan\u00e1cstagok t\u00falnyom\u00f3 t\u00f6bbs\u00e9ge kiemelte, hogy az elm\u00falt id\u0151szakban a monet\u00e1ris transzmisszi\u00f3s mechanizmus t\u00f6bb csatorn\u00e1ja is er\u0151s\u00f6d\u00f6tt, s ez\u00e1ltal a monet\u00e1ris politika hat\u00e1sa kiegyens\u00falyozottabb\u00e1, az ir\u00e1nyad\u00f3 r\u00e1ta pedig hat\u00e1soss\u00e1g\u00e1ban jelent\u0151sebb\u00e9 v\u00e1lt. T\u00f6bb tan\u00e1cstag kiemelte azt is, hogy az \u00f3vatos kamatcs\u00f6kkent\u00e9seket a megn\u00f6vekedett jegybanki hiteless\u00e9g tette lehet\u0151v\u00e9.<br \/>\n    A tan\u00e1cs a be\u00e9rkezett adatok alapj\u00e1n megvitatta az infl\u00e1ci\u00f3s v\u00e1rakoz\u00e1sok t\u00falzottan alacsony szintj\u00e9b\u0151l ad\u00f3d\u00f3 m\u00e1sodk\u00f6r\u00f6s hat\u00e1sok kialakul\u00e1s\u00e1nak kock\u00e1zat\u00e1t is. A tan\u00e1cs tagjai egyet\u00e9rtettek abban, hogy a m\u00e1sodk\u00f6r\u00f6s hat\u00e1sok kock\u00e1zata \u00e9rdemben cs\u00f6kkent, amit a be\u00e9rkezett b\u00e9radatok, az infl\u00e1ci\u00f3s alapfolyamatok mutat\u00f3i \u00e9s a fogyaszt\u00f3i\u00e1r-index alakul\u00e1sa is al\u00e1t\u00e1masztott.<br \/>\n    A tan\u00e1cs tagok egyet\u00e9rtettek abban is, hogy a kamatcs\u00f6kkent\u00e9si ciklus lez\u00e1r\u00e1sa id\u0151szer\u0171 lett a hazai infl\u00e1ci\u00f3s alapfolyamatok \u00e9s a m\u00e1sodk\u00f6r\u00f6s hat\u00e1sok kock\u00e1zatainak cs\u00f6kken\u00e9se k\u00f6vetkezt\u00e9ben. A monet\u00e1ris tan\u00e1cs szerint a tart\u00f3san laza monet\u00e1ris kond\u00edci\u00f3k \u00f6sszhangban vannak az infl\u00e1ci\u00f3s c\u00e9l k\u00f6z\u00e9pt\u00e1v\u00fa el\u00e9r\u00e9s\u00e9vel.(MTI)<\/p>\n","protected":false},"excerpt":{"rendered":"<p>A Magyar Nemzeti Bank (MNB) Monet\u00e1ris Tan\u00e1cs\u00e1nak tagjai egy, a tart\u00e1sra vonatkoz\u00f3 szavazat kiv\u00e9tel\u00e9vel egyet\u00e9rtettek az alapkamat 15 b\u00e1zispontos cs\u00f6kkent\u00e9s\u00e9vel \u00e9s egy\u00fattal a kamatcs\u00f6kkent\u00e9si ciklus lez\u00e1r\u00e1s\u00e1r\u00f3l d\u00f6nt\u00f6ttek a test\u00fclet legut\u00f3bbi kamatd\u00f6nt\u0151 \u00fcl\u00e9s\u00e9n. Ennek eredm\u00e9nyek\u00e9nt \u00fajabb t\u00f6rt\u00e9nelmi m\u00e9lypontra, 1,35 sz\u00e1zal\u00e9kra cs\u00f6kkent alapkamat &#8211; der\u00fcl ki az \u00fcl\u00e9s szerd\u00e1n k\u00f6zz\u00e9tett r\u00f6vid\u00edtett jegyz\u0151k\u00f6nyv\u00e9b\u0151l.<\/p>\n","protected":false},"author":1,"featured_media":0,"comment_status":"open","ping_status":"closed","sticky":false,"template":"","format":"standard","meta":[],"categories":[19],"tags":[],"_links":{"self":[{"href":"https:\/\/gazdasagportal.hu\/index.php\/wp-json\/wp\/v2\/posts\/65881"}],"collection":[{"href":"https:\/\/gazdasagportal.hu\/index.php\/wp-json\/wp\/v2\/posts"}],"about":[{"href":"https:\/\/gazdasagportal.hu\/index.php\/wp-json\/wp\/v2\/types\/post"}],"author":[{"embeddable":true,"href":"https:\/\/gazdasagportal.hu\/index.php\/wp-json\/wp\/v2\/users\/1"}],"replies":[{"embeddable":true,"href":"https:\/\/gazdasagportal.hu\/index.php\/wp-json\/wp\/v2\/comments?post=65881"}],"version-history":[{"count":1,"href":"https:\/\/gazdasagportal.hu\/index.php\/wp-json\/wp\/v2\/posts\/65881\/revisions"}],"predecessor-version":[{"id":65882,"href":"https:\/\/gazdasagportal.hu\/index.php\/wp-json\/wp\/v2\/posts\/65881\/revisions\/65882"}],"wp:attachment":[{"href":"https:\/\/gazdasagportal.hu\/index.php\/wp-json\/wp\/v2\/media?parent=65881"}],"wp:term":[{"taxonomy":"category","embeddable":true,"href":"https:\/\/gazdasagportal.hu\/index.php\/wp-json\/wp\/v2\/categories?post=65881"},{"taxonomy":"post_tag","embeddable":true,"href":"https:\/\/gazdasagportal.hu\/index.php\/wp-json\/wp\/v2\/tags?post=65881"}],"curies":[{"name":"wp","href":"https:\/\/api.w.org\/{rel}","templated":true}]}}