{"id":65876,"date":"2015-08-05T18:16:05","date_gmt":"2015-08-05T16:16:05","guid":{"rendered":"http:\/\/gazdasagportal.hu\/?p=65876"},"modified":"2015-08-05T17:17:04","modified_gmt":"2015-08-05T15:17:04","slug":"szunetel-az-e-matrica-ertekesites-hetfo-hajnalban","status":"publish","type":"post","link":"https:\/\/gazdasagportal.hu\/index.php\/szunetel-az-e-matrica-ertekesites-hetfo-hajnalban\/","title":{"rendered":"Sz\u00fcnetel az e-matrica \u00e9rt\u00e9kes\u00edt\u00e9s h\u00e9tf\u0151 hajnalban"},"content":{"rendered":"<p><strong>Sz\u00fcnetel az e-matrica \u00e9rt\u00e9kes\u00edt\u00e9s augusztus 10-\u00e9n h\u00e9tf\u0151n hajnali 1 \u00e9s 5 \u00f3ra k\u00f6z\u00f6tt, a rendszer tervezett karbantart\u00e1sa miatt &#8211; t\u00e1j\u00e9koztatta a Nemzeti \u00datd\u00edjfizet\u00e9si Szolg\u00e1ltat\u00f3 Zrt. (N\u00daSZ) szerd\u00e1n az MTI-t.<\/strong><!--more--><\/p>\n<div class=\"ads-in-post1\"><div id=\"gazdasagportal.hu_fullbanner_wideboard\"><\/div>\r\n<\/div>\n<p>    Ebben az id\u0151szakban egyik \u00e9rt\u00e9kes\u00edt\u00e9si csatorn\u00e1n sem lesz lehet\u0151s\u00e9g az e-matrica megv\u00e1lt\u00e1s\u00e1ra, ez\u00e9rt a N\u00daSZ azt aj\u00e1nlja, hogy el\u0151v\u00e9telben vegy\u00e9k meg azt mindazok, akik ebben az id\u0151szakban szeretn\u00e9nek k\u00f6zlekedni a d\u00edjk\u00f6teles \u00fath\u00e1l\u00f3zaton Magyarorsz\u00e1gon.<br \/>\n    Az e-matrica az interneten kereszt\u00fcl az ematrica.nemzetiutdij.hu oldalon \u00e9s mobileszk\u00f6z\u00f6n kereszt\u00fcl (SMS-ben vagy mobilalkalmaz\u00e1ssal) v\u00e1s\u00e1rolhat\u00f3 meg el\u0151re, tov\u00e1bb\u00e1 szem\u00e9lyesen a N\u00daSZ Zrt. orsz\u00e1gszerte 17 helyen megtal\u00e1lhat\u00f3 \u00fcgyf\u00e9lszolg\u00e1lati irod\u00e1j\u00e1ban, \u00e9s a viszontelad\u00f3i \u00e9rt\u00e9kes\u00edt\u00e9si pontokon.<br \/>\n    A d\u00edjrendelet \u00e9rtelm\u00e9ben az e-matric\u00e1t minden esetben el\u0151re, a d\u00edjk\u00f6teles \u00fatszakaszra val\u00f3 felhajt\u00e1s el\u0151tt kell megv\u00e1ltani. Az ut\u00f3lag megv\u00e1ltott e-matrica jogosulatlan \u00fathaszn\u00e1latnak min\u0151s\u00fcl \u00e9s p\u00f3td\u00edjfizet\u00e9si k\u00f6telezetts\u00e9get vonhat maga ut\u00e1n &#8211; eml\u00e9keztet a N\u00daSZ a k\u00f6zlem\u00e9nyben.(MTI)<\/p>\n","protected":false},"excerpt":{"rendered":"<p>Sz\u00fcnetel az e-matrica \u00e9rt\u00e9kes\u00edt\u00e9s augusztus 10-\u00e9n h\u00e9tf\u0151n hajnali 1 \u00e9s 5 \u00f3ra k\u00f6z\u00f6tt, a rendszer tervezett karbantart\u00e1sa miatt &#8211; t\u00e1j\u00e9koztatta a Nemzeti \u00datd\u00edjfizet\u00e9si Szolg\u00e1ltat\u00f3 Zrt. (N\u00daSZ) szerd\u00e1n az MTI-t.<\/p>\n","protected":false},"author":1,"featured_media":0,"comment_status":"open","ping_status":"closed","sticky":false,"template":"","format":"standard","meta":[],"categories":[19],"tags":[],"_links":{"self":[{"href":"https:\/\/gazdasagportal.hu\/index.php\/wp-json\/wp\/v2\/posts\/65876"}],"collection":[{"href":"https:\/\/gazdasagportal.hu\/index.php\/wp-json\/wp\/v2\/posts"}],"about":[{"href":"https:\/\/gazdasagportal.hu\/index.php\/wp-json\/wp\/v2\/types\/post"}],"author":[{"embeddable":true,"href":"https:\/\/gazdasagportal.hu\/index.php\/wp-json\/wp\/v2\/users\/1"}],"replies":[{"embeddable":true,"href":"https:\/\/gazdasagportal.hu\/index.php\/wp-json\/wp\/v2\/comments?post=65876"}],"version-history":[{"count":1,"href":"https:\/\/gazdasagportal.hu\/index.php\/wp-json\/wp\/v2\/posts\/65876\/revisions"}],"predecessor-version":[{"id":65877,"href":"https:\/\/gazdasagportal.hu\/index.php\/wp-json\/wp\/v2\/posts\/65876\/revisions\/65877"}],"wp:attachment":[{"href":"https:\/\/gazdasagportal.hu\/index.php\/wp-json\/wp\/v2\/media?parent=65876"}],"wp:term":[{"taxonomy":"category","embeddable":true,"href":"https:\/\/gazdasagportal.hu\/index.php\/wp-json\/wp\/v2\/categories?post=65876"},{"taxonomy":"post_tag","embeddable":true,"href":"https:\/\/gazdasagportal.hu\/index.php\/wp-json\/wp\/v2\/tags?post=65876"}],"curies":[{"name":"wp","href":"https:\/\/api.w.org\/{rel}","templated":true}]}}