{"id":65863,"date":"2015-08-05T15:32:07","date_gmt":"2015-08-05T13:32:07","guid":{"rendered":"http:\/\/gazdasagportal.hu\/?p=65863"},"modified":"2015-08-05T15:32:07","modified_gmt":"2015-08-05T13:32:07","slug":"foldrenges-volt-heves-megyeben","status":"publish","type":"post","link":"https:\/\/gazdasagportal.hu\/index.php\/foldrenges-volt-heves-megyeben\/","title":{"rendered":"F\u00f6ldreng\u00e9s volt Heves megy\u00e9ben"},"content":{"rendered":"<p><strong>Kisebb, \u00e9rezhet\u0151 f\u00f6ldreng\u00e9s volt a Heves megyei P\u00e9terv\u00e1s\u00e1ra k\u00f6zel\u00e9ben szerda d\u00e9lut\u00e1n &#8211; t\u00e1j\u00e9koztatta az MTA Csillag\u00e1szati \u00e9s F\u00f6ldtudom\u00e1nyi Kutat\u00f3k\u00f6zpont Geod\u00e9ziai \u00e9s Geofizikai Int\u00e9zet Szeizmol\u00f3giai Obszervat\u00f3riuma az MTI-t.<br \/>\n<\/strong><!--more--><\/p>\n<div class=\"ads-in-post1\"><div id=\"gazdasagportal.hu_fullbanner_wideboard\"><\/div>\r\n<\/div>\n    K\u00f6z\u00f6lt\u00e9k: a f\u00f6ldreng\u00e9s a Richter-sk\u00e1la szerinti 2,5-\u00f6s er\u0151ss\u00e9g\u0171 volt.<br \/>\n    A k\u00f6zlem\u00e9nyben azt \u00edrt\u00e1k, a reng\u00e9st az epicentrum k\u00f6zel\u00e9ben \u00e9rz\u00e9kelte a lakoss\u00e1g.<br \/>\n    J\u00falius 19-\u00e9n a B\u00e9k\u00e9s megyei Zsad\u00e1ny k\u00f6zel\u00e9ben volt kisebb, a Richter-sk\u00e1la szerinti 2,9-es er\u0151ss\u00e9g\u0171 f\u00f6ldreng\u00e9s.<br \/>\n    A katasztr\u00f3fav\u00e9delemhez nem \u00e9rkezett bejelent\u00e9s s\u00e9r\u00fcl\u00e9sekr\u0151l vagy k\u00e1rokr\u00f3l &#8211; k\u00f6z\u00f6lte Mukics D\u00e1niel, az Orsz\u00e1gos Katasztr\u00f3fav\u00e9delmi F\u0151igazgat\u00f3s\u00e1g helyettes sz\u00f3viv\u0151je az MTI-vel.(MTI)<\/p>\n","protected":false},"excerpt":{"rendered":"<p>Kisebb, \u00e9rezhet\u0151 f\u00f6ldreng\u00e9s volt a Heves megyei P\u00e9terv\u00e1s\u00e1ra k\u00f6zel\u00e9ben szerda d\u00e9lut\u00e1n &#8211; t\u00e1j\u00e9koztatta az MTA Csillag\u00e1szati \u00e9s F\u00f6ldtudom\u00e1nyi Kutat\u00f3k\u00f6zpont Geod\u00e9ziai \u00e9s Geofizikai Int\u00e9zet Szeizmol\u00f3giai Obszervat\u00f3riuma az MTI-t.<\/p>\n","protected":false},"author":1,"featured_media":0,"comment_status":"open","ping_status":"closed","sticky":false,"template":"","format":"standard","meta":[],"categories":[4],"tags":[],"_links":{"self":[{"href":"https:\/\/gazdasagportal.hu\/index.php\/wp-json\/wp\/v2\/posts\/65863"}],"collection":[{"href":"https:\/\/gazdasagportal.hu\/index.php\/wp-json\/wp\/v2\/posts"}],"about":[{"href":"https:\/\/gazdasagportal.hu\/index.php\/wp-json\/wp\/v2\/types\/post"}],"author":[{"embeddable":true,"href":"https:\/\/gazdasagportal.hu\/index.php\/wp-json\/wp\/v2\/users\/1"}],"replies":[{"embeddable":true,"href":"https:\/\/gazdasagportal.hu\/index.php\/wp-json\/wp\/v2\/comments?post=65863"}],"version-history":[{"count":1,"href":"https:\/\/gazdasagportal.hu\/index.php\/wp-json\/wp\/v2\/posts\/65863\/revisions"}],"predecessor-version":[{"id":65864,"href":"https:\/\/gazdasagportal.hu\/index.php\/wp-json\/wp\/v2\/posts\/65863\/revisions\/65864"}],"wp:attachment":[{"href":"https:\/\/gazdasagportal.hu\/index.php\/wp-json\/wp\/v2\/media?parent=65863"}],"wp:term":[{"taxonomy":"category","embeddable":true,"href":"https:\/\/gazdasagportal.hu\/index.php\/wp-json\/wp\/v2\/categories?post=65863"},{"taxonomy":"post_tag","embeddable":true,"href":"https:\/\/gazdasagportal.hu\/index.php\/wp-json\/wp\/v2\/tags?post=65863"}],"curies":[{"name":"wp","href":"https:\/\/api.w.org\/{rel}","templated":true}]}}